{"id":10814,"date":"2018-10-24T13:25:40","date_gmt":"2018-10-24T15:25:40","guid":{"rendered":"http:\/\/newsinfoco.com.br\/?p=10814"},"modified":"2018-10-24T13:25:40","modified_gmt":"2018-10-24T15:25:40","slug":"criticas-de-mano-brown-ao-pt-marcam-ato-de-haddad-no-rio","status":"publish","type":"post","link":"https:\/\/newsinfoco.com.br\/inicio\/criticas-de-mano-brown-ao-pt-marcam-ato-de-haddad-no-rio\/","title":{"rendered":"Cr\u00edticas de Mano Brown ao PT marcam ato de Haddad no Rio"},"content":{"rendered":"<p style=\"text-align: justify;\">Um discurso cr\u00edtico do rapper Mano Brown marcou um ato de campanha de Fernando Haddad (PT) no Rio de Janeiro, nesta ter\u00e7a-feira, 23. O cantor e compositor criticou o clima de festa e de otimismo do evento, que clamava por uma virada sobre Jair Bolsonaro (PSL) e culpou a falha de comunica\u00e7\u00e3o do PT com os eleitores das classes populares pela elei\u00e7\u00e3o do militar, que considera definida.<\/p>\n<p style=\"text-align: justify;\">\u201cSe n\u00e3o est\u00e1 conseguindo falar a l\u00edngua do povo, vai perder mesmo. Falar bem do PT para a torcida do PT \u00e9 f\u00e1cil. Tem uma multid\u00e3o que n\u00e3o est\u00e1 aqui que precisa ser conquistada\u201d, disse o rapper, que ouviu algumas vaias.De acordo com a organiza\u00e7\u00e3o, 70 mil pessoas estavam presentes na pra\u00e7a abaixo dos Arcos da Lapa.<\/p><div class=\"newsi-conteudo_19\" id=\"newsi-1551327738\"><a href=\"https:\/\/www.instagram.com\/prefeituraalagoinhas?igsh=YzgzdDJ1bWR3aWI4\" aria-label=\"SAVE_20251006_221555\"><img loading=\"lazy\" decoding=\"async\" src=\"https:\/\/newsinfoco.com.br\/inicio\/wp-content\/uploads\/2025\/10\/SAVE_20251006_221555-rotated.jpg\" alt=\"\"  srcset=\"https:\/\/newsinfoco.com.br\/inicio\/wp-content\/uploads\/2025\/10\/SAVE_20251006_221555-rotated.jpg 1140w, https:\/\/newsinfoco.com.br\/inicio\/wp-content\/uploads\/2025\/10\/SAVE_20251006_221555-300x52.jpg 300w, https:\/\/newsinfoco.com.br\/inicio\/wp-content\/uploads\/2025\/10\/SAVE_20251006_221555-1024x177.jpg 1024w, https:\/\/newsinfoco.com.br\/inicio\/wp-content\/uploads\/2025\/10\/SAVE_20251006_221555-768x133.jpg 768w, https:\/\/newsinfoco.com.br\/inicio\/wp-content\/uploads\/2025\/10\/SAVE_20251006_221555-600x104.jpg 600w, https:\/\/newsinfoco.com.br\/inicio\/wp-content\/uploads\/2025\/10\/SAVE_20251006_221555-696x120.jpg 696w, https:\/\/newsinfoco.com.br\/inicio\/wp-content\/uploads\/2025\/10\/SAVE_20251006_221555-1068x185.jpg 1068w\" sizes=\"(max-width: 1140px) 100vw, 1140px\" width=\"1140\" height=\"197\"   \/><\/a><\/div>\n<p style=\"text-align: justify;\">Ao discursar no encerramento do ato, Haddad disse que respeitava e entendia o que disse Brown. \u201cO que ele disse \u00e9 s\u00e9rio\u201d, afirmou o candidato do PT, defendendo que \u00e9 preciso \u201cdar raz\u00e3o\u201d \u00e0s pessoas que est\u00e3o votando em Bolsonaro n\u00e3o porque confiam nele, mas porque \u201cest\u00e3o desesperadas\u201d. \u201cTemos que, nesta semana, abra\u00e7ar essas pessoas, que sempre estiveram conosco\u201d, afirmou Haddad.<\/p>\n<p style=\"text-align: justify;\">Presente no evento, o m\u00fasico Caetano Veloso tamb\u00e9m comentou a fala de Brown. \u201cEu acho que a fala de Mano Brown \u00e9 muito importante porque traz a complexidade do nosso momento. A mera festa pode parecer que temos uma mensagem simples a passar.\u201d<\/p>\n<h6 style=\"text-align: right;\"><span style=\"color: #999999;\">Estad\u00e3o<\/span><\/h6>\n<div class='share-to-whatsapp-wrapper'><div class='share-on-whsp'>Share on: <\/div><a data-text='Cr\u00edticas de Mano Brown ao PT marcam ato de Haddad no Rio' data-link='https:\/\/newsinfoco.com.br\/inicio\/criticas-de-mano-brown-ao-pt-marcam-ato-de-haddad-no-rio\/' class='whatsapp-button whatsapp-share'>WhatsApp<\/a><div class='clear '><\/div><\/div>","protected":false},"excerpt":{"rendered":"<p>Um discurso cr\u00edtico do rapper Mano Brown marcou um ato de campanha de Fernando Haddad (PT) no Rio de Janeiro, nesta ter\u00e7a-feira, 23. O cantor e compositor criticou o clima de festa e de otimismo do evento, que clamava por uma virada sobre Jair Bolsonaro (PSL) e culpou a falha de comunica\u00e7\u00e3o do PT com [&hellip;]<\/p>\n","protected":false},"author":1,"featured_media":10815,"comment_status":"open","ping_status":"open","sticky":false,"template":"","format":"standard","meta":{"om_disable_all_campaigns":false,"_exactmetrics_skip_tracking":false,"_exactmetrics_sitenote_active":false,"_exactmetrics_sitenote_note":"","_exactmetrics_sitenote_category":0,"footnotes":""},"categories":[21],"tags":[],"class_list":["post-10814","post","type-post","status-publish","format-standard","has-post-thumbnail","hentry","category-brasil"],"aioseo_notices":[],"_links":{"self":[{"href":"https:\/\/newsinfoco.com.br\/inicio\/wp-json\/wp\/v2\/posts\/10814","targetHints":{"allow":["GET"]}}],"collection":[{"href":"https:\/\/newsinfoco.com.br\/inicio\/wp-json\/wp\/v2\/posts"}],"about":[{"href":"https:\/\/newsinfoco.com.br\/inicio\/wp-json\/wp\/v2\/types\/post"}],"author":[{"embeddable":true,"href":"https:\/\/newsinfoco.com.br\/inicio\/wp-json\/wp\/v2\/users\/1"}],"replies":[{"embeddable":true,"href":"https:\/\/newsinfoco.com.br\/inicio\/wp-json\/wp\/v2\/comments?post=10814"}],"version-history":[{"count":0,"href":"https:\/\/newsinfoco.com.br\/inicio\/wp-json\/wp\/v2\/posts\/10814\/revisions"}],"wp:featuredmedia":[{"embeddable":true,"href":"https:\/\/newsinfoco.com.br\/inicio\/wp-json\/wp\/v2\/media\/10815"}],"wp:attachment":[{"href":"https:\/\/newsinfoco.com.br\/inicio\/wp-json\/wp\/v2\/media?parent=10814"}],"wp:term":[{"taxonomy":"category","embeddable":true,"href":"https:\/\/newsinfoco.com.br\/inicio\/wp-json\/wp\/v2\/categories?post=10814"},{"taxonomy":"post_tag","embeddable":true,"href":"https:\/\/newsinfoco.com.br\/inicio\/wp-json\/wp\/v2\/tags?post=10814"}],"curies":[{"name":"wp","href":"https:\/\/api.w.org\/{rel}","templated":true}]}}