{"id":10818,"date":"2018-10-24T13:28:03","date_gmt":"2018-10-24T15:28:03","guid":{"rendered":"http:\/\/newsinfoco.com.br\/?p=10818"},"modified":"2018-10-24T13:28:03","modified_gmt":"2018-10-24T15:28:03","slug":"em-carta-lula-pede-uniao-com-haddad-e-ataca-imprensa-e-setores-parciais-do-judiciario","status":"publish","type":"post","link":"https:\/\/newsinfoco.com.br\/inicio\/em-carta-lula-pede-uniao-com-haddad-e-ataca-imprensa-e-setores-parciais-do-judiciario\/","title":{"rendered":"Em carta, Lula pede uni\u00e3o com Haddad e ataca imprensa e \u2018setores parciais do judici\u00e1rio\u2019"},"content":{"rendered":"<p style=\"text-align: justify;\">Em carta divulgada nesta quarta-feira, 24, sobre o segundo turno das elei\u00e7\u00f5es, o ex-presidente Luiz In\u00e1cio Lula da Silva saiu em defesa da candidatura de Fernando Haddad, pediu uni\u00e3o em torno do ex-prefeito de S\u00e3o Paulo e voltou a atacar a imprensa e o que chamou de \u201csetores parciais do Judici\u00e1rio\u201d, que teriam se juntado para associar o PT \u00e0 corrup\u00e7\u00e3o.<\/p>\n<p style=\"text-align: justify;\">\u201cForam horas e horas no Jornal Nacional e em todos os notici\u00e1rios da Globo tentando dizer que a corrup\u00e7\u00e3o na Petrobras e no Pa\u00eds teria sido inventada por n\u00f3s\u201d, atacou o petista, que est\u00e1 preso em Curitiba na Opera\u00e7\u00e3o Lava Jato.<\/p><div class=\"newsi-conteudo_19\" id=\"newsi-3503424965\"><a href=\"https:\/\/www.instagram.com\/prefeituraalagoinhas?igsh=YzgzdDJ1bWR3aWI4\" aria-label=\"SAVE_20251006_221555\"><img loading=\"lazy\" decoding=\"async\" src=\"https:\/\/newsinfoco.com.br\/inicio\/wp-content\/uploads\/2025\/10\/SAVE_20251006_221555-rotated.jpg\" alt=\"\"  srcset=\"https:\/\/newsinfoco.com.br\/inicio\/wp-content\/uploads\/2025\/10\/SAVE_20251006_221555-rotated.jpg 1140w, https:\/\/newsinfoco.com.br\/inicio\/wp-content\/uploads\/2025\/10\/SAVE_20251006_221555-300x52.jpg 300w, https:\/\/newsinfoco.com.br\/inicio\/wp-content\/uploads\/2025\/10\/SAVE_20251006_221555-1024x177.jpg 1024w, https:\/\/newsinfoco.com.br\/inicio\/wp-content\/uploads\/2025\/10\/SAVE_20251006_221555-768x133.jpg 768w, https:\/\/newsinfoco.com.br\/inicio\/wp-content\/uploads\/2025\/10\/SAVE_20251006_221555-600x104.jpg 600w, https:\/\/newsinfoco.com.br\/inicio\/wp-content\/uploads\/2025\/10\/SAVE_20251006_221555-696x120.jpg 696w, https:\/\/newsinfoco.com.br\/inicio\/wp-content\/uploads\/2025\/10\/SAVE_20251006_221555-1068x185.jpg 1068w\" sizes=\"(max-width: 1140px) 100vw, 1140px\" width=\"1140\" height=\"197\"   \/><\/a><\/div>\n<p style=\"text-align: justify;\">Lula come\u00e7a a carta com um tom conciliador e alegando que \u00e9 \u201cmomento de unir o povo, os democratas, todos e todas em torno da candidatura de Fernando Haddad, para retomar o projeto de desenvolvimento com inclus\u00e3o social e defender a op\u00e7\u00e3o do Brasil pela democracia\u201d. Entretanto, retomou fortes e recorrentes cr\u00edticas, sobretudo \u00e0 imprensa.<\/p>\n<p style=\"text-align: justify;\">O petista tamb\u00e9m lembrou na carta das den\u00fancias de suposto Caixa 2 envolvendo o candidato ao Planalto Jair Bolsonaro (PSL), que teria sido beneficiado por investimentos de empres\u00e1rios na dissemina\u00e7\u00e3o de not\u00edcias contr\u00e1rias ao PT no WhatsApp. \u201cDe onde me encontro, preso injustamente h\u00e1 mais de seis meses, aguardando que os tribunais fa\u00e7am enfim a verdadeira justi\u00e7a\u201d.<\/p>\n<p style=\"text-align: justify;\">O petista tamb\u00e9m relembrou conquistas do seu governo no combate \u00e0 mis\u00e9ria e investimentos no ensino superior. \u201cSe h\u00e1 diverg\u00eancias entre n\u00f3s, vamos enfrent\u00e1-las por meio do debate, do argumento, do voto. N\u00e3o temos o direito de abandonar o pacto social da Constitui\u00e7\u00e3o de 1988. N\u00e3o podemos deixar que o desespero leve o Brasil na dire\u00e7\u00e3o de uma aventura fascista, como j\u00e1 vimos acontecer em outros pa\u00edses ao longo da hist\u00f3ria\u201d, finaliza o petista no texto publicado em seu site.<\/p>\n<h6 style=\"text-align: right;\"><span style=\"color: #999999;\">Estad\u00e3o<\/span><\/h6>\n<div class='share-to-whatsapp-wrapper'><div class='share-on-whsp'>Share on: <\/div><a data-text='Em carta, Lula pede uni\u00e3o com Haddad e ataca imprensa e \u2018setores parciais do judici\u00e1rio\u2019' data-link='https:\/\/newsinfoco.com.br\/inicio\/em-carta-lula-pede-uniao-com-haddad-e-ataca-imprensa-e-setores-parciais-do-judiciario\/' class='whatsapp-button whatsapp-share'>WhatsApp<\/a><div class='clear '><\/div><\/div>","protected":false},"excerpt":{"rendered":"<p>Em carta divulgada nesta quarta-feira, 24, sobre o segundo turno das elei\u00e7\u00f5es, o ex-presidente Luiz In\u00e1cio Lula da Silva saiu em defesa da candidatura de Fernando Haddad, pediu uni\u00e3o em torno do ex-prefeito de S\u00e3o Paulo e voltou a atacar a imprensa e o que chamou de \u201csetores parciais do Judici\u00e1rio\u201d, que teriam se juntado [&hellip;]<\/p>\n","protected":false},"author":1,"featured_media":10819,"comment_status":"open","ping_status":"open","sticky":false,"template":"","format":"standard","meta":{"om_disable_all_campaigns":false,"_exactmetrics_skip_tracking":false,"_exactmetrics_sitenote_active":false,"_exactmetrics_sitenote_note":"","_exactmetrics_sitenote_category":0,"footnotes":""},"categories":[21],"tags":[],"class_list":["post-10818","post","type-post","status-publish","format-standard","has-post-thumbnail","hentry","category-brasil"],"aioseo_notices":[],"_links":{"self":[{"href":"https:\/\/newsinfoco.com.br\/inicio\/wp-json\/wp\/v2\/posts\/10818","targetHints":{"allow":["GET"]}}],"collection":[{"href":"https:\/\/newsinfoco.com.br\/inicio\/wp-json\/wp\/v2\/posts"}],"about":[{"href":"https:\/\/newsinfoco.com.br\/inicio\/wp-json\/wp\/v2\/types\/post"}],"author":[{"embeddable":true,"href":"https:\/\/newsinfoco.com.br\/inicio\/wp-json\/wp\/v2\/users\/1"}],"replies":[{"embeddable":true,"href":"https:\/\/newsinfoco.com.br\/inicio\/wp-json\/wp\/v2\/comments?post=10818"}],"version-history":[{"count":0,"href":"https:\/\/newsinfoco.com.br\/inicio\/wp-json\/wp\/v2\/posts\/10818\/revisions"}],"wp:featuredmedia":[{"embeddable":true,"href":"https:\/\/newsinfoco.com.br\/inicio\/wp-json\/wp\/v2\/media\/10819"}],"wp:attachment":[{"href":"https:\/\/newsinfoco.com.br\/inicio\/wp-json\/wp\/v2\/media?parent=10818"}],"wp:term":[{"taxonomy":"category","embeddable":true,"href":"https:\/\/newsinfoco.com.br\/inicio\/wp-json\/wp\/v2\/categories?post=10818"},{"taxonomy":"post_tag","embeddable":true,"href":"https:\/\/newsinfoco.com.br\/inicio\/wp-json\/wp\/v2\/tags?post=10818"}],"curies":[{"name":"wp","href":"https:\/\/api.w.org\/{rel}","templated":true}]}}