{"id":1082,"date":"2018-03-12T21:34:37","date_gmt":"2018-03-13T00:34:37","guid":{"rendered":"http:\/\/newsinfoco.com.br\/?p=1082"},"modified":"2018-03-12T21:34:37","modified_gmt":"2018-03-13T00:34:37","slug":"prefeitura-lanca-nesta-quinta-feira-9-manual-de-celebracao-de-parcerias-com-as-osc-em-alagoinhas","status":"publish","type":"post","link":"https:\/\/newsinfoco.com.br\/inicio\/prefeitura-lanca-nesta-quinta-feira-9-manual-de-celebracao-de-parcerias-com-as-osc-em-alagoinhas\/","title":{"rendered":"Prefeitura lan\u00e7a nesta quinta -feira (9) Manual de Celebra\u00e7\u00e3o de Parcerias com as OSC em Alagoinhas"},"content":{"rendered":"<p style=\"text-align: justify;\"><span style=\"color: #000000;\">A Prefeitura de Alagoinhas, por meio da Controladoria Geral do Munic\u00edpio (COGER), lan\u00e7a na manh\u00e3 de quinta feira dia (15), \u00e0s 9h no Hotel Absolar a 1\u00aa Edi\u00e7\u00e3o do Manual de Celebra\u00e7\u00e3o de Parcerias entre a Prefeitura e Organiza\u00e7\u00f5es de Sociedade Civil (OSC). A iniciativa pioneira no estado desenvolveu um manual que compartilha termo de fomento, termo de colabora\u00e7\u00e3o, acordo de coopera\u00e7\u00e3o e transfer\u00eancias de (subven\u00e7\u00f5es, aux\u00edlios e contribui\u00e7\u00f5es), e foi elaborado de forma colaborativa pelo poder p\u00fablico, conselhos e entidades.<\/span><\/p>\n<p style=\"text-align: justify;\"><span style=\"color: #000000;\">O lan\u00e7amento do documento contar\u00e1 com a Presen\u00e7a do prefeito Joaquim Neto, a vice- prefeita Iraci Gama, presidente da C\u00e2mara Roberto Torres, representantes das secretarias, dirigentes dos conselhos de pol\u00edticas p\u00fablicas e representante de 35 institui\u00e7\u00f5es do munic\u00edpio que executam trabalhos sociais de sa\u00fade e educa\u00e7\u00e3o atrav\u00e9s de celebra\u00e7\u00e3o de parecerias com a Prefeitura.<\/span><\/p><div class=\"newsi-conteudo_19\" id=\"newsi-2741815662\"><a href=\"https:\/\/www.instagram.com\/prefeituraalagoinhas?igsh=YzgzdDJ1bWR3aWI4\" aria-label=\"SAVE_20251006_221555\"><img loading=\"lazy\" decoding=\"async\" src=\"https:\/\/newsinfoco.com.br\/inicio\/wp-content\/uploads\/2025\/10\/SAVE_20251006_221555-rotated.jpg\" alt=\"\"  srcset=\"https:\/\/newsinfoco.com.br\/inicio\/wp-content\/uploads\/2025\/10\/SAVE_20251006_221555-rotated.jpg 1140w, https:\/\/newsinfoco.com.br\/inicio\/wp-content\/uploads\/2025\/10\/SAVE_20251006_221555-300x52.jpg 300w, https:\/\/newsinfoco.com.br\/inicio\/wp-content\/uploads\/2025\/10\/SAVE_20251006_221555-1024x177.jpg 1024w, https:\/\/newsinfoco.com.br\/inicio\/wp-content\/uploads\/2025\/10\/SAVE_20251006_221555-768x133.jpg 768w, https:\/\/newsinfoco.com.br\/inicio\/wp-content\/uploads\/2025\/10\/SAVE_20251006_221555-600x104.jpg 600w, https:\/\/newsinfoco.com.br\/inicio\/wp-content\/uploads\/2025\/10\/SAVE_20251006_221555-696x120.jpg 696w, https:\/\/newsinfoco.com.br\/inicio\/wp-content\/uploads\/2025\/10\/SAVE_20251006_221555-1068x185.jpg 1068w\" sizes=\"(max-width: 1140px) 100vw, 1140px\" width=\"1140\" height=\"197\"   \/><\/a><\/div>\n<p style=\"text-align: justify;\"><span style=\"color: #000000;\">O Manual j\u00e1 est\u00e1 dispon\u00edvel para acesso no site: parcerias.alagoinhas.ba.gov.br conjuntamente com os anexos documentais necess\u00e1rios para celebra\u00e7\u00f5es de acordo com a Lei 13.019\/2014. Este material ir\u00e1 favorecer principalmente organiza\u00e7\u00f5es da sociedade civil, que passam a ter um documento norteador para o regime jur\u00eddico das parcerias volunt\u00e1rias, envolvendo ou n\u00e3o transfer\u00eancia de recursos financeiros, entre a administra\u00e7\u00e3o p\u00fablica e as entidades locais.<\/span><\/p>\n<h6 style=\"text-align: right;\" align=\"right\"><span style=\"color: #999999;\">Fonte: SECOM COGER Prefeitura<\/span><\/h6>\n<div class='share-to-whatsapp-wrapper'><div class='share-on-whsp'>Share on: <\/div><a data-text='Prefeitura lan\u00e7a nesta quinta -feira (9) Manual de Celebra\u00e7\u00e3o de Parcerias com as OSC em Alagoinhas' data-link='https:\/\/newsinfoco.com.br\/inicio\/prefeitura-lanca-nesta-quinta-feira-9-manual-de-celebracao-de-parcerias-com-as-osc-em-alagoinhas\/' class='whatsapp-button whatsapp-share'>WhatsApp<\/a><div class='clear '><\/div><\/div>","protected":false},"excerpt":{"rendered":"<p>A Prefeitura de Alagoinhas, por meio da Controladoria Geral do Munic\u00edpio (COGER), lan\u00e7a na manh\u00e3 de quinta feira dia (15), \u00e0s 9h no Hotel Absolar a 1\u00aa Edi\u00e7\u00e3o do Manual de Celebra\u00e7\u00e3o de Parcerias entre a Prefeitura e Organiza\u00e7\u00f5es de Sociedade Civil (OSC). A iniciativa pioneira no estado desenvolveu um manual que compartilha termo de [&hellip;]<\/p>\n","protected":false},"author":1,"featured_media":166,"comment_status":"open","ping_status":"open","sticky":false,"template":"","format":"standard","meta":{"om_disable_all_campaigns":false,"_exactmetrics_skip_tracking":false,"_exactmetrics_sitenote_active":false,"_exactmetrics_sitenote_note":"","_exactmetrics_sitenote_category":0,"footnotes":""},"categories":[38,30],"tags":[53,71,54],"class_list":["post-1082","post","type-post","status-publish","format-standard","has-post-thumbnail","hentry","category-alagoinhas-e-regiao","category-destaque","tag-alagoinhas","tag-coger","tag-prefeitura"],"aioseo_notices":[],"_links":{"self":[{"href":"https:\/\/newsinfoco.com.br\/inicio\/wp-json\/wp\/v2\/posts\/1082","targetHints":{"allow":["GET"]}}],"collection":[{"href":"https:\/\/newsinfoco.com.br\/inicio\/wp-json\/wp\/v2\/posts"}],"about":[{"href":"https:\/\/newsinfoco.com.br\/inicio\/wp-json\/wp\/v2\/types\/post"}],"author":[{"embeddable":true,"href":"https:\/\/newsinfoco.com.br\/inicio\/wp-json\/wp\/v2\/users\/1"}],"replies":[{"embeddable":true,"href":"https:\/\/newsinfoco.com.br\/inicio\/wp-json\/wp\/v2\/comments?post=1082"}],"version-history":[{"count":0,"href":"https:\/\/newsinfoco.com.br\/inicio\/wp-json\/wp\/v2\/posts\/1082\/revisions"}],"wp:featuredmedia":[{"embeddable":true,"href":"https:\/\/newsinfoco.com.br\/inicio\/wp-json\/wp\/v2\/media\/166"}],"wp:attachment":[{"href":"https:\/\/newsinfoco.com.br\/inicio\/wp-json\/wp\/v2\/media?parent=1082"}],"wp:term":[{"taxonomy":"category","embeddable":true,"href":"https:\/\/newsinfoco.com.br\/inicio\/wp-json\/wp\/v2\/categories?post=1082"},{"taxonomy":"post_tag","embeddable":true,"href":"https:\/\/newsinfoco.com.br\/inicio\/wp-json\/wp\/v2\/tags?post=1082"}],"curies":[{"name":"wp","href":"https:\/\/api.w.org\/{rel}","templated":true}]}}