{"id":10824,"date":"2018-10-24T13:34:43","date_gmt":"2018-10-24T15:34:43","guid":{"rendered":"http:\/\/newsinfoco.com.br\/?p=10824"},"modified":"2018-10-24T13:36:44","modified_gmt":"2018-10-24T15:36:44","slug":"governo-quer-regularizar-bens-imoveis-da-sudic-e-pode-beneficiar-aliado-de-neto","status":"publish","type":"post","link":"https:\/\/newsinfoco.com.br\/inicio\/governo-quer-regularizar-bens-imoveis-da-sudic-e-pode-beneficiar-aliado-de-neto\/","title":{"rendered":"Governo quer regularizar bens im\u00f3veis da Sudic e pode beneficiar aliado de Neto"},"content":{"rendered":"<p style=\"text-align: justify;\">O governador da Bahia, Rui Costa (PT), encaminhou um Projeto de Lei para a Assembleia Legislativa da Bahia (AL-BA) sobre a destina\u00e7\u00e3o de bens im\u00f3veis pertencentes ou administrados pela Superintend\u00eancia de Desenvolvimento Industrial e Comercial (Sudic), com a finalidade de viabilizar empreendimentos industriais, comerciais e de servi\u00e7os, e d\u00e1 outras provid\u00eancias. A novidade, em quest\u00e3o, \u00e9 liberar para fins de servi\u00e7o, como n\u00e3o \u00e9 permitido\u00a0hoje.<\/p>\n<p style=\"text-align: justify;\">Conforme apurado pelo Bahia Not\u00edcias, essa medida beneficiaria um terreno da Sudic que abriga um posto de gasolina em Sim\u00f5es Filho, pertencente a um aliado do prefeito de Salvador, ACM Neto (DEM), rival do chefe do Executivo estadual. No entanto, o terreno foi cedido no governo de Jaques Wagner (PT), hoje eleito senador.<\/p><div class=\"newsi-conteudo_19\" id=\"newsi-3691522918\"><a href=\"https:\/\/www.instagram.com\/prefeituraalagoinhas?igsh=YzgzdDJ1bWR3aWI4\" aria-label=\"SAVE_20251006_221555\"><img loading=\"lazy\" decoding=\"async\" src=\"https:\/\/newsinfoco.com.br\/inicio\/wp-content\/uploads\/2025\/10\/SAVE_20251006_221555-rotated.jpg\" alt=\"\"  srcset=\"https:\/\/newsinfoco.com.br\/inicio\/wp-content\/uploads\/2025\/10\/SAVE_20251006_221555-rotated.jpg 1140w, https:\/\/newsinfoco.com.br\/inicio\/wp-content\/uploads\/2025\/10\/SAVE_20251006_221555-300x52.jpg 300w, https:\/\/newsinfoco.com.br\/inicio\/wp-content\/uploads\/2025\/10\/SAVE_20251006_221555-1024x177.jpg 1024w, https:\/\/newsinfoco.com.br\/inicio\/wp-content\/uploads\/2025\/10\/SAVE_20251006_221555-768x133.jpg 768w, https:\/\/newsinfoco.com.br\/inicio\/wp-content\/uploads\/2025\/10\/SAVE_20251006_221555-600x104.jpg 600w, https:\/\/newsinfoco.com.br\/inicio\/wp-content\/uploads\/2025\/10\/SAVE_20251006_221555-696x120.jpg 696w, https:\/\/newsinfoco.com.br\/inicio\/wp-content\/uploads\/2025\/10\/SAVE_20251006_221555-1068x185.jpg 1068w\" sizes=\"(max-width: 1140px) 100vw, 1140px\" width=\"1140\" height=\"197\"   \/><\/a><\/div>\n<p style=\"text-align: justify;\">Conforme o texto original, \u201ca proposi\u00e7\u00e3o visa reger a destina\u00e7\u00e3o de bens im\u00f3veis pertencentes ou administrados pela Sudic, de forma a robustecer a pol\u00edtica de fomento ao desenvolvimento econ\u00f4mico do Estado\u201d. \u201cA disciplina legal que ora \u00e9 conferida \u00e0 mat\u00e9ria decerto traduzir\u00e1 seguran\u00e7a jur\u00eddica para os interessados em empreender, no territ\u00f3rio baiano, diz um trecho.<\/p>\n<p style=\"text-align: justify;\">De acordo com deputados da oposi\u00e7\u00e3o na Casa, \u201ca medida visa somente regularizar im\u00f3veis que foram destinados para empreendimentos que n\u00e3o se enquadram como para uso industrial ou log\u00edstica e apurados pelo Minist\u00e9rio P\u00fablico Estadual (MP-BA)&#8221;, como \u00e9 o caso do terreno em Sim\u00f5es Filho.<\/p>\n<div class='share-to-whatsapp-wrapper'><div class='share-on-whsp'>Share on: <\/div><a data-text='Governo quer regularizar bens im\u00f3veis da Sudic e pode beneficiar aliado de Neto' data-link='https:\/\/newsinfoco.com.br\/inicio\/governo-quer-regularizar-bens-imoveis-da-sudic-e-pode-beneficiar-aliado-de-neto\/' class='whatsapp-button whatsapp-share'>WhatsApp<\/a><div class='clear '><\/div><\/div>","protected":false},"excerpt":{"rendered":"<p>O governador da Bahia, Rui Costa (PT), encaminhou um Projeto de Lei para a Assembleia Legislativa da Bahia (AL-BA) sobre a destina\u00e7\u00e3o de bens im\u00f3veis pertencentes ou administrados pela Superintend\u00eancia de Desenvolvimento Industrial e Comercial (Sudic), com a finalidade de viabilizar empreendimentos industriais, comerciais e de servi\u00e7os, e d\u00e1 outras provid\u00eancias. A novidade, em quest\u00e3o, [&hellip;]<\/p>\n","protected":false},"author":1,"featured_media":10825,"comment_status":"open","ping_status":"open","sticky":false,"template":"","format":"standard","meta":{"om_disable_all_campaigns":false,"_exactmetrics_skip_tracking":false,"_exactmetrics_sitenote_active":false,"_exactmetrics_sitenote_note":"","_exactmetrics_sitenote_category":0,"footnotes":""},"categories":[19],"tags":[],"class_list":["post-10824","post","type-post","status-publish","format-standard","has-post-thumbnail","hentry","category-bahia"],"aioseo_notices":[],"_links":{"self":[{"href":"https:\/\/newsinfoco.com.br\/inicio\/wp-json\/wp\/v2\/posts\/10824","targetHints":{"allow":["GET"]}}],"collection":[{"href":"https:\/\/newsinfoco.com.br\/inicio\/wp-json\/wp\/v2\/posts"}],"about":[{"href":"https:\/\/newsinfoco.com.br\/inicio\/wp-json\/wp\/v2\/types\/post"}],"author":[{"embeddable":true,"href":"https:\/\/newsinfoco.com.br\/inicio\/wp-json\/wp\/v2\/users\/1"}],"replies":[{"embeddable":true,"href":"https:\/\/newsinfoco.com.br\/inicio\/wp-json\/wp\/v2\/comments?post=10824"}],"version-history":[{"count":0,"href":"https:\/\/newsinfoco.com.br\/inicio\/wp-json\/wp\/v2\/posts\/10824\/revisions"}],"wp:featuredmedia":[{"embeddable":true,"href":"https:\/\/newsinfoco.com.br\/inicio\/wp-json\/wp\/v2\/media\/10825"}],"wp:attachment":[{"href":"https:\/\/newsinfoco.com.br\/inicio\/wp-json\/wp\/v2\/media?parent=10824"}],"wp:term":[{"taxonomy":"category","embeddable":true,"href":"https:\/\/newsinfoco.com.br\/inicio\/wp-json\/wp\/v2\/categories?post=10824"},{"taxonomy":"post_tag","embeddable":true,"href":"https:\/\/newsinfoco.com.br\/inicio\/wp-json\/wp\/v2\/tags?post=10824"}],"curies":[{"name":"wp","href":"https:\/\/api.w.org\/{rel}","templated":true}]}}