{"id":10827,"date":"2018-10-24T13:37:39","date_gmt":"2018-10-24T15:37:39","guid":{"rendered":"http:\/\/newsinfoco.com.br\/?p=10827"},"modified":"2018-10-24T13:38:36","modified_gmt":"2018-10-24T15:38:36","slug":"onibus-da-capital-baiana-amanhecem-com-estrelas-do-pt-integra-aciona-justica-por-crime-eleitoral","status":"publish","type":"post","link":"https:\/\/newsinfoco.com.br\/inicio\/onibus-da-capital-baiana-amanhecem-com-estrelas-do-pt-integra-aciona-justica-por-crime-eleitoral\/","title":{"rendered":"\u00d4nibus da capital baiana amanhecem com estrelas do PT; Integra aciona Justi\u00e7a por crime eleitoral"},"content":{"rendered":"<p style=\"text-align: justify;\">O Cons\u00f3rcio Integra, que re\u00fane empresas de \u00f4nibus de Salvador, pediu ao Tribunal Regional Eleitoral da Bahia (TRE-BA), a Pol\u00edcia Federal, e o Minist\u00e9rio P\u00fablico Federal, por meio da Procuradoria Regional Eleitoral, que investiguem poss\u00edvel crime eleitoral, ap\u00f3s ve\u00edculos do transporte p\u00fablico amanhecerem com adesivos que trazem o s\u00edmbolo e o n\u00famero do Partido dos Trabalhadores (PT).<\/p>\n<p style=\"text-align: justify;\">Em entrevista ao Bahia Not\u00edcias, o diretor da Integra, Orlando Santos, disse que as empresas foram v\u00edtimas de vandalismo e que os respons\u00e1veis pelo \u201cadesiva\u00e7o\u201d n\u00e3o foram identificados.<\/p><div class=\"newsi-conteudo_19\" id=\"newsi-1585059631\"><a href=\"https:\/\/www.instagram.com\/prefeituraalagoinhas?igsh=YzgzdDJ1bWR3aWI4\" aria-label=\"SAVE_20251006_221555\"><img loading=\"lazy\" decoding=\"async\" src=\"https:\/\/newsinfoco.com.br\/inicio\/wp-content\/uploads\/2025\/10\/SAVE_20251006_221555-rotated.jpg\" alt=\"\"  srcset=\"https:\/\/newsinfoco.com.br\/inicio\/wp-content\/uploads\/2025\/10\/SAVE_20251006_221555-rotated.jpg 1140w, https:\/\/newsinfoco.com.br\/inicio\/wp-content\/uploads\/2025\/10\/SAVE_20251006_221555-300x52.jpg 300w, https:\/\/newsinfoco.com.br\/inicio\/wp-content\/uploads\/2025\/10\/SAVE_20251006_221555-1024x177.jpg 1024w, https:\/\/newsinfoco.com.br\/inicio\/wp-content\/uploads\/2025\/10\/SAVE_20251006_221555-768x133.jpg 768w, https:\/\/newsinfoco.com.br\/inicio\/wp-content\/uploads\/2025\/10\/SAVE_20251006_221555-600x104.jpg 600w, https:\/\/newsinfoco.com.br\/inicio\/wp-content\/uploads\/2025\/10\/SAVE_20251006_221555-696x120.jpg 696w, https:\/\/newsinfoco.com.br\/inicio\/wp-content\/uploads\/2025\/10\/SAVE_20251006_221555-1068x185.jpg 1068w\" sizes=\"(max-width: 1140px) 100vw, 1140px\" width=\"1140\" height=\"197\"   \/><\/a><\/div>\n<p style=\"text-align: justify;\">\u201cEsse vandalismo danifica a pintura dos \u00f4nibus. Isso nos causa preju\u00edzos materiais e morais. Vamos responsabiliz\u00e1-los legalmente. Enquanto concess\u00e3o p\u00fablica, n\u00f3s n\u00e3o podemos nos posicionar eleitoralmente\u201d, afirmou.<\/p>\n<p style=\"text-align: justify;\">Ainda segundo ele, as colagens est\u00e3o sendo feitas nas ruas, e n\u00e3o dentro das garagens de \u00f4nibus. O cons\u00f3rcio tamb\u00e9m n\u00e3o sabe se a\u00e7\u00e3o tem alguma coisa a ver com o Sindicato dos Rodovi\u00e1rios, presidido por H\u00e9lio Ferreira, do PCdoB, partido que tem a vice do candidato Fernando Haddad (PT), Manuela D\u2019\u00c1vila.<\/p>\n<p style=\"text-align: justify;\">\u201cSe [os respons\u00e1veis] forem ligadas ao sistema, ser\u00e3o punidas dentro do que couber pela atitude que est\u00e3o tomando. Importante dizer que n\u00e3o coadunamos com essa atitude\u201d, recha\u00e7ou.<\/p>\n<p style=\"text-align: justify;\">Ao Bahia Not\u00edcias, o secret\u00e1rio municipal de Mobilidade, F\u00e1bio Mota, afirmou que notificou as empresas de \u00f4nibus e abriu processo administrativo para apurar o caso. As investiga\u00e7\u00f5es podem culminar em multa para o cons\u00f3rcio.<\/p>\n<p style=\"text-align: justify;\">\u201c\u00c9 uma concess\u00e3o p\u00fablica. Carro que presta servi\u00e7o p\u00fablico n\u00e3o pode ter adesivos. N\u00e3o pode ter nenhum tipo de propaganda pol\u00edtica, isso desobedece a legisla\u00e7\u00e3o\u201d, explicou.<\/p>\n<h6 style=\"text-align: right;\"><span style=\"color: #999999;\">Por Bruno Luiz para o Bahianoticias<\/span><\/h6>\n<div class='share-to-whatsapp-wrapper'><div class='share-on-whsp'>Share on: <\/div><a data-text='\u00d4nibus da capital baiana amanhecem com estrelas do PT; Integra aciona Justi\u00e7a por crime eleitoral' data-link='https:\/\/newsinfoco.com.br\/inicio\/onibus-da-capital-baiana-amanhecem-com-estrelas-do-pt-integra-aciona-justica-por-crime-eleitoral\/' class='whatsapp-button whatsapp-share'>WhatsApp<\/a><div class='clear '><\/div><\/div>","protected":false},"excerpt":{"rendered":"<p>O Cons\u00f3rcio Integra, que re\u00fane empresas de \u00f4nibus de Salvador, pediu ao Tribunal Regional Eleitoral da Bahia (TRE-BA), a Pol\u00edcia Federal, e o Minist\u00e9rio P\u00fablico Federal, por meio da Procuradoria Regional Eleitoral, que investiguem poss\u00edvel crime eleitoral, ap\u00f3s ve\u00edculos do transporte p\u00fablico amanhecerem com adesivos que trazem o s\u00edmbolo e o n\u00famero do Partido dos [&hellip;]<\/p>\n","protected":false},"author":1,"featured_media":10829,"comment_status":"open","ping_status":"open","sticky":false,"template":"","format":"standard","meta":{"om_disable_all_campaigns":false,"_exactmetrics_skip_tracking":false,"_exactmetrics_sitenote_active":false,"_exactmetrics_sitenote_note":"","_exactmetrics_sitenote_category":0,"footnotes":""},"categories":[19],"tags":[],"class_list":["post-10827","post","type-post","status-publish","format-standard","has-post-thumbnail","hentry","category-bahia"],"aioseo_notices":[],"_links":{"self":[{"href":"https:\/\/newsinfoco.com.br\/inicio\/wp-json\/wp\/v2\/posts\/10827","targetHints":{"allow":["GET"]}}],"collection":[{"href":"https:\/\/newsinfoco.com.br\/inicio\/wp-json\/wp\/v2\/posts"}],"about":[{"href":"https:\/\/newsinfoco.com.br\/inicio\/wp-json\/wp\/v2\/types\/post"}],"author":[{"embeddable":true,"href":"https:\/\/newsinfoco.com.br\/inicio\/wp-json\/wp\/v2\/users\/1"}],"replies":[{"embeddable":true,"href":"https:\/\/newsinfoco.com.br\/inicio\/wp-json\/wp\/v2\/comments?post=10827"}],"version-history":[{"count":0,"href":"https:\/\/newsinfoco.com.br\/inicio\/wp-json\/wp\/v2\/posts\/10827\/revisions"}],"wp:featuredmedia":[{"embeddable":true,"href":"https:\/\/newsinfoco.com.br\/inicio\/wp-json\/wp\/v2\/media\/10829"}],"wp:attachment":[{"href":"https:\/\/newsinfoco.com.br\/inicio\/wp-json\/wp\/v2\/media?parent=10827"}],"wp:term":[{"taxonomy":"category","embeddable":true,"href":"https:\/\/newsinfoco.com.br\/inicio\/wp-json\/wp\/v2\/categories?post=10827"},{"taxonomy":"post_tag","embeddable":true,"href":"https:\/\/newsinfoco.com.br\/inicio\/wp-json\/wp\/v2\/tags?post=10827"}],"curies":[{"name":"wp","href":"https:\/\/api.w.org\/{rel}","templated":true}]}}