{"id":10834,"date":"2018-10-24T13:52:58","date_gmt":"2018-10-24T15:52:58","guid":{"rendered":"http:\/\/newsinfoco.com.br\/?p=10834"},"modified":"2018-10-24T13:55:59","modified_gmt":"2018-10-24T15:55:59","slug":"sessao-na-camara-de-alagoinhas-e-marcada-por-renuncia-de-lideranca-do-governo-e-por-apelo-de-moradores-afetados-pelos-efeitos-da-chuva","status":"publish","type":"post","link":"https:\/\/newsinfoco.com.br\/inicio\/sessao-na-camara-de-alagoinhas-e-marcada-por-renuncia-de-lideranca-do-governo-e-por-apelo-de-moradores-afetados-pelos-efeitos-da-chuva\/","title":{"rendered":"Sess\u00e3o na C\u00e2mara de Alagoinhas \u00e9 marcada por ren\u00fancia de lideran\u00e7a do governo e por apelo de moradores afetados pelos efeitos da chuva"},"content":{"rendered":"<p style=\"text-align: justify;\">Na sess\u00e3o ordin\u00e1ria realizada na C\u00e2mara Municipal de Alagoinhas na tarde de ontem (23), foi lido o projeto de lei n\u00ba 47\/18 de autoria do vereador Ozeas Menezes, que considera de utilidade p\u00fablica a Associa\u00e7\u00e3o Comercial e Industrial de Alagoinhas(ACIA). Na oportunidade foi encaminhado \u00e0 mesa diretora e lido o of\u00edcio n\u00ba 70\/18, de autoria do vereador Jorge da Farinha, constando o seu pedido de ren\u00fancia \u00e0 lideran\u00e7a do governo na Casa Legislativa.<\/p>\n<p style=\"text-align: justify;\">O Sr. Davi Ferreira, representante da Associa\u00e7\u00e3o dos Trabalhadores da Comunidade do Campo de Buracica (ASTRACAMBA), usou a tribuna popular para falar sobre empregabilidade e dificuldades encontradas pelos trabalhadores de Alagoinhas para conquistar uma vaga nas empresas, discorrendo sobre situa\u00e7\u00f5es enfrentadas pelos mesmos, e sugerindo a forma\u00e7\u00e3o de uma comiss\u00e3o para comparecer, entre outras empresas, \u00e0 Construtora Jotanunes e \u00e0 Heineken.<\/p><div class=\"newsi-conteudo_19\" id=\"newsi-3282920528\"><a href=\"https:\/\/www.instagram.com\/prefeituraalagoinhas?igsh=YzgzdDJ1bWR3aWI4\" aria-label=\"SAVE_20251006_221555\"><img loading=\"lazy\" decoding=\"async\" src=\"https:\/\/newsinfoco.com.br\/inicio\/wp-content\/uploads\/2025\/10\/SAVE_20251006_221555-rotated.jpg\" alt=\"\"  srcset=\"https:\/\/newsinfoco.com.br\/inicio\/wp-content\/uploads\/2025\/10\/SAVE_20251006_221555-rotated.jpg 1140w, https:\/\/newsinfoco.com.br\/inicio\/wp-content\/uploads\/2025\/10\/SAVE_20251006_221555-300x52.jpg 300w, https:\/\/newsinfoco.com.br\/inicio\/wp-content\/uploads\/2025\/10\/SAVE_20251006_221555-1024x177.jpg 1024w, https:\/\/newsinfoco.com.br\/inicio\/wp-content\/uploads\/2025\/10\/SAVE_20251006_221555-768x133.jpg 768w, https:\/\/newsinfoco.com.br\/inicio\/wp-content\/uploads\/2025\/10\/SAVE_20251006_221555-600x104.jpg 600w, https:\/\/newsinfoco.com.br\/inicio\/wp-content\/uploads\/2025\/10\/SAVE_20251006_221555-696x120.jpg 696w, https:\/\/newsinfoco.com.br\/inicio\/wp-content\/uploads\/2025\/10\/SAVE_20251006_221555-1068x185.jpg 1068w\" sizes=\"(max-width: 1140px) 100vw, 1140px\" width=\"1140\" height=\"197\"   \/><\/a><\/div>\n<p style=\"text-align: justify;\">A professora Ieda F\u00e1tima, junto \u00e0 alguns moradores da Inocoop I e II, compareceram \u00e0 Casa Legislativa para falar sobre as dificuldades que t\u00eam enfrentado em decorr\u00eancia das fortes chuvas que ocorreram no final de semana.<\/p>\n<p style=\"text-align: justify;\"><a href=\"http:\/\/newsinfoco.com.br\/wp-content\/uploads\/2018\/10\/Sess\u00e3o-23.10-3.jpg\"><img loading=\"lazy\" decoding=\"async\" class=\"aligncenter size-large wp-image-10836\" src=\"http:\/\/newsinfoco.com.br\/wp-content\/uploads\/2018\/10\/Sess\u00e3o-23.10-3-1024x680.jpg\" alt=\"\" width=\"696\" height=\"462\" srcset=\"https:\/\/newsinfoco.com.br\/inicio\/wp-content\/uploads\/2018\/10\/Sess\u00e3o-23.10-3-1024x680.jpg 1024w, https:\/\/newsinfoco.com.br\/inicio\/wp-content\/uploads\/2018\/10\/Sess\u00e3o-23.10-3-300x199.jpg 300w, https:\/\/newsinfoco.com.br\/inicio\/wp-content\/uploads\/2018\/10\/Sess\u00e3o-23.10-3-768x510.jpg 768w, https:\/\/newsinfoco.com.br\/inicio\/wp-content\/uploads\/2018\/10\/Sess\u00e3o-23.10-3-600x399.jpg 600w, https:\/\/newsinfoco.com.br\/inicio\/wp-content\/uploads\/2018\/10\/Sess\u00e3o-23.10-3-696x462.jpg 696w, https:\/\/newsinfoco.com.br\/inicio\/wp-content\/uploads\/2018\/10\/Sess\u00e3o-23.10-3-1068x709.jpg 1068w, https:\/\/newsinfoco.com.br\/inicio\/wp-content\/uploads\/2018\/10\/Sess\u00e3o-23.10-3-632x420.jpg 632w, https:\/\/newsinfoco.com.br\/inicio\/wp-content\/uploads\/2018\/10\/Sess\u00e3o-23.10-3.jpg 1072w\" sizes=\"auto, (max-width: 696px) 100vw, 696px\" \/><\/a>A professora tamb\u00e9m utilizou o espa\u00e7o da tribuna popular: &#8220;Hoje eu estou aqui numa situa\u00e7\u00e3o peculiar. Eu estou aqui na condi\u00e7\u00e3o de professora para fazer a den\u00fancia e ao mesmo tempo conclamar os vereadores dessa institui\u00e7\u00e3o, que s\u00e3o os verdadeiros representantes do povo, para que nos auxilie e tamb\u00e9m nos d\u00ea apoio porque n\u00f3s estamos sofrendo. O problema da Inocoop I, Rua A e Rua B \u00e9 um problema s\u00e9rio que todo mundo conhece e que agora o mundo todo conhece porque demos visibilidade \u00e0 esse problema&#8221;, destacando ainda: &#8220;Amanh\u00e3 vamos entregar um documento ao Minist\u00e9rio P\u00fablico!&#8221;, e complementando: &#8220;N\u00f3s hoje somos v\u00edtimas n\u00e3o das quest\u00f5es naturais porque a chuva \u00e9 um processo natural e muito belo, mas somos v\u00edtimas da irresponsabilidade dessa gest\u00e3o municipal que est\u00e1 a\u00ed e que nos fez de bestas durante um ano&#8221;.<\/p>\n<p style=\"text-align: justify;\">Sobre a situa\u00e7\u00e3o acima, o vereador Luciano S\u00e9rgio destacou: &#8220;O problema \u00e9 muito grave! Mexe com a estrutura pessoal, emocional e financeira. Isso cria uma s\u00e9rie de processos que inclusive coloca sob risco de vida as fam\u00edlias, porque as vezes a pessoa passa na Inocoop, v\u00ea uma casa classe m\u00e9dia mais ou menos organizada e n\u00e3o imagina que a leptospirose alcance l\u00e1, n\u00e3o imagina que por conta do tempo que essa comunidade vem sofrendo pode ter abalado a infraestrutura da resid\u00eancia, e o que a gente percebe ao longo desse tempo \u00e9 que as pessoas se preocupam mais em colocar o carimbo da culpa em A, B ou C do que enfrentar o problema&#8230;N\u00e3o tem nada pior do que n\u00e3o fazer nada. O pior cen\u00e1rio nesse quadro de infraestrutura da cidade \u00e9 n\u00e3o fazer nada!&#8221;.<\/p>\n<p style=\"text-align: justify;\">A pr\u00f3xima sess\u00e3o ordin\u00e1ria ser\u00e1 realizada no dia 25 de outubro (quinta-feira) \u00e0s 15h.<\/p>\n<h6 style=\"text-align: right;\"><span style=\"color: #999999;\">Ascom &#8211; C\u00e2mara Municipal de Alagoinhas<\/span><br \/>\n<span style=\"color: #999999;\">Foto &#8211; Kekeu Barreto<\/span><\/h6>\n<div class='share-to-whatsapp-wrapper'><div class='share-on-whsp'>Share on: <\/div><a data-text='Sess\u00e3o na C\u00e2mara de Alagoinhas \u00e9 marcada por ren\u00fancia de lideran\u00e7a do governo e por apelo de moradores afetados pelos efeitos da chuva' data-link='https:\/\/newsinfoco.com.br\/inicio\/sessao-na-camara-de-alagoinhas-e-marcada-por-renuncia-de-lideranca-do-governo-e-por-apelo-de-moradores-afetados-pelos-efeitos-da-chuva\/' class='whatsapp-button whatsapp-share'>WhatsApp<\/a><div class='clear '><\/div><\/div>","protected":false},"excerpt":{"rendered":"<p>Na sess\u00e3o ordin\u00e1ria realizada na C\u00e2mara Municipal de Alagoinhas na tarde de ontem (23), foi lido o projeto de lei n\u00ba 47\/18 de autoria do vereador Ozeas Menezes, que considera de utilidade p\u00fablica a Associa\u00e7\u00e3o Comercial e Industrial de Alagoinhas(ACIA). Na oportunidade foi encaminhado \u00e0 mesa diretora e lido o of\u00edcio n\u00ba 70\/18, de autoria [&hellip;]<\/p>\n","protected":false},"author":1,"featured_media":10835,"comment_status":"open","ping_status":"open","sticky":false,"template":"","format":"standard","meta":{"om_disable_all_campaigns":false,"_exactmetrics_skip_tracking":false,"_exactmetrics_sitenote_active":false,"_exactmetrics_sitenote_note":"","_exactmetrics_sitenote_category":0,"footnotes":""},"categories":[38,30],"tags":[],"class_list":["post-10834","post","type-post","status-publish","format-standard","has-post-thumbnail","hentry","category-alagoinhas-e-regiao","category-destaque"],"aioseo_notices":[],"_links":{"self":[{"href":"https:\/\/newsinfoco.com.br\/inicio\/wp-json\/wp\/v2\/posts\/10834","targetHints":{"allow":["GET"]}}],"collection":[{"href":"https:\/\/newsinfoco.com.br\/inicio\/wp-json\/wp\/v2\/posts"}],"about":[{"href":"https:\/\/newsinfoco.com.br\/inicio\/wp-json\/wp\/v2\/types\/post"}],"author":[{"embeddable":true,"href":"https:\/\/newsinfoco.com.br\/inicio\/wp-json\/wp\/v2\/users\/1"}],"replies":[{"embeddable":true,"href":"https:\/\/newsinfoco.com.br\/inicio\/wp-json\/wp\/v2\/comments?post=10834"}],"version-history":[{"count":0,"href":"https:\/\/newsinfoco.com.br\/inicio\/wp-json\/wp\/v2\/posts\/10834\/revisions"}],"wp:featuredmedia":[{"embeddable":true,"href":"https:\/\/newsinfoco.com.br\/inicio\/wp-json\/wp\/v2\/media\/10835"}],"wp:attachment":[{"href":"https:\/\/newsinfoco.com.br\/inicio\/wp-json\/wp\/v2\/media?parent=10834"}],"wp:term":[{"taxonomy":"category","embeddable":true,"href":"https:\/\/newsinfoco.com.br\/inicio\/wp-json\/wp\/v2\/categories?post=10834"},{"taxonomy":"post_tag","embeddable":true,"href":"https:\/\/newsinfoco.com.br\/inicio\/wp-json\/wp\/v2\/tags?post=10834"}],"curies":[{"name":"wp","href":"https:\/\/api.w.org\/{rel}","templated":true}]}}