{"id":10854,"date":"2018-10-24T22:12:23","date_gmt":"2018-10-25T00:12:23","guid":{"rendered":"http:\/\/newsinfoco.com.br\/?p=10854"},"modified":"2018-10-24T22:13:27","modified_gmt":"2018-10-25T00:13:27","slug":"vereadores-de-entre-rios-seguem-parecer-do-tcm-e-rejeitam-as-contas-do-ex-prefeito-fernando-madeirol","status":"publish","type":"post","link":"https:\/\/newsinfoco.com.br\/inicio\/vereadores-de-entre-rios-seguem-parecer-do-tcm-e-rejeitam-as-contas-do-ex-prefeito-fernando-madeirol\/","title":{"rendered":"Vereadores de Entre Rios seguem parecer do TCM e rejeitam as contas do ex-prefeito Fernando Madeirol"},"content":{"rendered":"<p style=\"text-align: justify;\">A C\u00e2mara de Vereadores de Entre Rios rejeitou na sess\u00e3o de hoje(24) as contas do ex-prefeito Fernando Madeirol no exerc\u00edcio de 2016.<\/p>\n<p style=\"text-align: justify;\">Dos 13 vereadores do munic\u00edpio, 9 votaram favor\u00e1vel a reprova\u00e7\u00e3o, 2 foram contra, um faltou e outro se absteve de votar.<\/p><div class=\"newsi-conteudo_19\" id=\"newsi-1471890282\"><a href=\"https:\/\/www.instagram.com\/prefeituraalagoinhas?igsh=YzgzdDJ1bWR3aWI4\" aria-label=\"SAVE_20251006_221555\"><img loading=\"lazy\" decoding=\"async\" src=\"https:\/\/newsinfoco.com.br\/inicio\/wp-content\/uploads\/2025\/10\/SAVE_20251006_221555-rotated.jpg\" alt=\"\"  srcset=\"https:\/\/newsinfoco.com.br\/inicio\/wp-content\/uploads\/2025\/10\/SAVE_20251006_221555-rotated.jpg 1140w, https:\/\/newsinfoco.com.br\/inicio\/wp-content\/uploads\/2025\/10\/SAVE_20251006_221555-300x52.jpg 300w, https:\/\/newsinfoco.com.br\/inicio\/wp-content\/uploads\/2025\/10\/SAVE_20251006_221555-1024x177.jpg 1024w, https:\/\/newsinfoco.com.br\/inicio\/wp-content\/uploads\/2025\/10\/SAVE_20251006_221555-768x133.jpg 768w, https:\/\/newsinfoco.com.br\/inicio\/wp-content\/uploads\/2025\/10\/SAVE_20251006_221555-600x104.jpg 600w, https:\/\/newsinfoco.com.br\/inicio\/wp-content\/uploads\/2025\/10\/SAVE_20251006_221555-696x120.jpg 696w, https:\/\/newsinfoco.com.br\/inicio\/wp-content\/uploads\/2025\/10\/SAVE_20251006_221555-1068x185.jpg 1068w\" sizes=\"(max-width: 1140px) 100vw, 1140px\" width=\"1140\" height=\"197\"   \/><\/a><\/div>\n<p style=\"text-align: justify;\">A maioria dos vereadores seguiram o parecer emitido pelo Tribunal de Contas dos Munic\u00edpios que indicava pela rejei\u00e7\u00e3o das contas do ex-prefeito, ap\u00f3s encontrarem diversas irregularidades na presta\u00e7\u00e3o de contas de Madeirol.<\/p>\n<p style=\"text-align: justify;\">Pela rejei\u00e7\u00e3o de suas contas, hoje Fernando Madeirol pode ser considerado ineleg\u00edvel.<\/p>\n<h6 style=\"text-align: right;\"><span style=\"color: #999999;\">Por Caio Pimenta para o News Infoco<\/span><\/h6>\n<div class='share-to-whatsapp-wrapper'><div class='share-on-whsp'>Share on: <\/div><a data-text='Vereadores de Entre Rios seguem parecer do TCM e rejeitam as contas do ex-prefeito Fernando Madeirol' data-link='https:\/\/newsinfoco.com.br\/inicio\/vereadores-de-entre-rios-seguem-parecer-do-tcm-e-rejeitam-as-contas-do-ex-prefeito-fernando-madeirol\/' class='whatsapp-button whatsapp-share'>WhatsApp<\/a><div class='clear '><\/div><\/div>","protected":false},"excerpt":{"rendered":"<p>A C\u00e2mara de Vereadores de Entre Rios rejeitou na sess\u00e3o de hoje(24) as contas do ex-prefeito Fernando Madeirol no exerc\u00edcio de 2016. Dos 13 vereadores do munic\u00edpio, 9 votaram favor\u00e1vel a reprova\u00e7\u00e3o, 2 foram contra, um faltou e outro se absteve de votar. A maioria dos vereadores seguiram o parecer emitido pelo Tribunal de Contas [&hellip;]<\/p>\n","protected":false},"author":1,"featured_media":10855,"comment_status":"open","ping_status":"open","sticky":false,"template":"","format":"standard","meta":{"om_disable_all_campaigns":false,"_exactmetrics_skip_tracking":false,"_exactmetrics_sitenote_active":false,"_exactmetrics_sitenote_note":"","_exactmetrics_sitenote_category":0,"footnotes":""},"categories":[38,30],"tags":[],"class_list":["post-10854","post","type-post","status-publish","format-standard","has-post-thumbnail","hentry","category-alagoinhas-e-regiao","category-destaque"],"aioseo_notices":[],"_links":{"self":[{"href":"https:\/\/newsinfoco.com.br\/inicio\/wp-json\/wp\/v2\/posts\/10854","targetHints":{"allow":["GET"]}}],"collection":[{"href":"https:\/\/newsinfoco.com.br\/inicio\/wp-json\/wp\/v2\/posts"}],"about":[{"href":"https:\/\/newsinfoco.com.br\/inicio\/wp-json\/wp\/v2\/types\/post"}],"author":[{"embeddable":true,"href":"https:\/\/newsinfoco.com.br\/inicio\/wp-json\/wp\/v2\/users\/1"}],"replies":[{"embeddable":true,"href":"https:\/\/newsinfoco.com.br\/inicio\/wp-json\/wp\/v2\/comments?post=10854"}],"version-history":[{"count":0,"href":"https:\/\/newsinfoco.com.br\/inicio\/wp-json\/wp\/v2\/posts\/10854\/revisions"}],"wp:featuredmedia":[{"embeddable":true,"href":"https:\/\/newsinfoco.com.br\/inicio\/wp-json\/wp\/v2\/media\/10855"}],"wp:attachment":[{"href":"https:\/\/newsinfoco.com.br\/inicio\/wp-json\/wp\/v2\/media?parent=10854"}],"wp:term":[{"taxonomy":"category","embeddable":true,"href":"https:\/\/newsinfoco.com.br\/inicio\/wp-json\/wp\/v2\/categories?post=10854"},{"taxonomy":"post_tag","embeddable":true,"href":"https:\/\/newsinfoco.com.br\/inicio\/wp-json\/wp\/v2\/tags?post=10854"}],"curies":[{"name":"wp","href":"https:\/\/api.w.org\/{rel}","templated":true}]}}