{"id":10858,"date":"2018-10-25T16:50:50","date_gmt":"2018-10-25T18:50:50","guid":{"rendered":"http:\/\/newsinfoco.com.br\/?p=10858"},"modified":"2018-10-25T16:50:50","modified_gmt":"2018-10-25T18:50:50","slug":"venezuelanos-refugiados-no-brasil-sao-levados-para-alagoinhas","status":"publish","type":"post","link":"https:\/\/newsinfoco.com.br\/inicio\/venezuelanos-refugiados-no-brasil-sao-levados-para-alagoinhas\/","title":{"rendered":"Venezuelanos refugiados no Brasil s\u00e3o levados para Alagoinhas"},"content":{"rendered":"<p class=\"bodytext\" style=\"text-align: justify;\">A\u00a0crise na Venezuela\u00a0trouxe 25 novos moradores para a cidade de Alagoinhas, no Nordeste da Bahia, e cinco para Salvador. Para escapar da\u00a0grave escassez na economia do pa\u00eds,\u00a0os venezuelanos, adultos e crian\u00e7as, solicitaram ref\u00fagio e resid\u00eancia tempor\u00e1ria no Brasil. Eles devem chegar na cidade nesta quinta-feira (25).<\/p>\n<p class=\"bodytext\" style=\"text-align: justify;\">Segundo a Casa Civil, os estrangeiros est\u00e3o com vagas de trabalho ou empregabilidade j\u00e1 sinalizadas. A viagem ser\u00e1 feita em uma aeronave C-99 da For\u00e7a A\u00e9rea Brasileira (FAB), com previs\u00e3o de decolagem para as 8h (hora local) no aeroporto de Boa Vista, em Roraima,\u00a0e pousou \u00e0s 14h45 na Base A\u00e9rea de Salvador.<\/p><div class=\"newsi-conteudo_19\" id=\"newsi-3283260813\"><a href=\"https:\/\/www.instagram.com\/prefeituraalagoinhas?igsh=YzgzdDJ1bWR3aWI4\" aria-label=\"SAVE_20251006_221555\"><img loading=\"lazy\" decoding=\"async\" src=\"https:\/\/newsinfoco.com.br\/inicio\/wp-content\/uploads\/2025\/10\/SAVE_20251006_221555-rotated.jpg\" alt=\"\"  srcset=\"https:\/\/newsinfoco.com.br\/inicio\/wp-content\/uploads\/2025\/10\/SAVE_20251006_221555-rotated.jpg 1140w, https:\/\/newsinfoco.com.br\/inicio\/wp-content\/uploads\/2025\/10\/SAVE_20251006_221555-300x52.jpg 300w, https:\/\/newsinfoco.com.br\/inicio\/wp-content\/uploads\/2025\/10\/SAVE_20251006_221555-1024x177.jpg 1024w, https:\/\/newsinfoco.com.br\/inicio\/wp-content\/uploads\/2025\/10\/SAVE_20251006_221555-768x133.jpg 768w, https:\/\/newsinfoco.com.br\/inicio\/wp-content\/uploads\/2025\/10\/SAVE_20251006_221555-600x104.jpg 600w, https:\/\/newsinfoco.com.br\/inicio\/wp-content\/uploads\/2025\/10\/SAVE_20251006_221555-696x120.jpg 696w, https:\/\/newsinfoco.com.br\/inicio\/wp-content\/uploads\/2025\/10\/SAVE_20251006_221555-1068x185.jpg 1068w\" sizes=\"(max-width: 1140px) 100vw, 1140px\" width=\"1140\" height=\"197\"   \/><\/a><\/div>\n<p class=\"bodytext\" style=\"text-align: justify;\">Os preparativos para a viagem come\u00e7aram por volta das 5h no abrigo Rondon 2. Depois de chegar na capital baiana o grupo seguem de \u00f4nibus para Alagoinhas, a cerca de 120 km de Salvador.<\/p>\n<p class=\"bodytext\" style=\"text-align: justify;\">Esta fase da interioriza\u00e7\u00e3o foi constru\u00edda em parceria entre o Governo Federal, a Organiza\u00e7\u00e3o das Na\u00e7\u00f5es Unidas (ONU) e a Associa\u00e7\u00e3o Volunt\u00e1rios para o Servi\u00e7o Internacional \u2013 Brasil (AVSI Brasil). Este \u00e9 o primeiro grupo que parte dos abrigos gerenciados pela Ag\u00eancia da ONU para Refugiados (Acnur) em parceria com a AVSI Brasil, em Boa Vista, na modalidade de interioriza\u00e7\u00e3o para trabalho.<\/p>\n<p class=\"bodytext\" style=\"text-align: justify;\">A AVSI fez contato pr\u00e9vio com empresas para garantir empregos para os venezuelanos com m\u00e3o de obra especializada, al\u00e9m de contribuir com a infraestrututra necess\u00e1ria para a acolhida, como loca\u00e7\u00e3o de apartamentos mobiliados, alimentos e produtos de higiene pessoal.<\/p>\n<p class=\"bodytext\" style=\"text-align: justify;\">Al\u00e9m do grupo que vai para a Bahia, outros 14 venezuelanos e venezuelanas seguir\u00e3o para as cidades de Florian\u00f3polis (SC) e Chapec\u00f3 (SC) em voos comerciais, custeados pela Organiza\u00e7\u00e3o Internacional para as Migra\u00e7\u00f5es (OIM). Nesta modalidade, os imigrantes n\u00e3o s\u00e3o levados para abrigos, mas para casas de familiares que j\u00e1 se estabeleceram nos destinos.<\/p>\n<p class=\"bodytext\" style=\"text-align: justify;\">Com as viagens desta quinta-feira (25), passa de 2,8 mil o n\u00famero de pessoas que j\u00e1 participaram da interioriza\u00e7\u00e3o. A iniciativa foi criada para ajudar os venezuelanos que est\u00e3o em Roraima a buscarem melhores oportunidades no Brasil.<\/p>\n<h6 style=\"text-align: right;\"><span style=\"color: #999999;\">Correio24horas<\/span><\/h6>\n<div class='share-to-whatsapp-wrapper'><div class='share-on-whsp'>Share on: <\/div><a data-text='Venezuelanos refugiados no Brasil s\u00e3o levados para Alagoinhas' data-link='https:\/\/newsinfoco.com.br\/inicio\/venezuelanos-refugiados-no-brasil-sao-levados-para-alagoinhas\/' class='whatsapp-button whatsapp-share'>WhatsApp<\/a><div class='clear '><\/div><\/div>","protected":false},"excerpt":{"rendered":"<p>A\u00a0crise na Venezuela\u00a0trouxe 25 novos moradores para a cidade de Alagoinhas, no Nordeste da Bahia, e cinco para Salvador. Para escapar da\u00a0grave escassez na economia do pa\u00eds,\u00a0os venezuelanos, adultos e crian\u00e7as, solicitaram ref\u00fagio e resid\u00eancia tempor\u00e1ria no Brasil. Eles devem chegar na cidade nesta quinta-feira (25). Segundo a Casa Civil, os estrangeiros est\u00e3o com vagas [&hellip;]<\/p>\n","protected":false},"author":1,"featured_media":10859,"comment_status":"open","ping_status":"open","sticky":false,"template":"","format":"standard","meta":{"om_disable_all_campaigns":false,"_exactmetrics_skip_tracking":false,"_exactmetrics_sitenote_active":false,"_exactmetrics_sitenote_note":"","_exactmetrics_sitenote_category":0,"footnotes":""},"categories":[38,30],"tags":[],"class_list":["post-10858","post","type-post","status-publish","format-standard","has-post-thumbnail","hentry","category-alagoinhas-e-regiao","category-destaque"],"aioseo_notices":[],"_links":{"self":[{"href":"https:\/\/newsinfoco.com.br\/inicio\/wp-json\/wp\/v2\/posts\/10858","targetHints":{"allow":["GET"]}}],"collection":[{"href":"https:\/\/newsinfoco.com.br\/inicio\/wp-json\/wp\/v2\/posts"}],"about":[{"href":"https:\/\/newsinfoco.com.br\/inicio\/wp-json\/wp\/v2\/types\/post"}],"author":[{"embeddable":true,"href":"https:\/\/newsinfoco.com.br\/inicio\/wp-json\/wp\/v2\/users\/1"}],"replies":[{"embeddable":true,"href":"https:\/\/newsinfoco.com.br\/inicio\/wp-json\/wp\/v2\/comments?post=10858"}],"version-history":[{"count":0,"href":"https:\/\/newsinfoco.com.br\/inicio\/wp-json\/wp\/v2\/posts\/10858\/revisions"}],"wp:featuredmedia":[{"embeddable":true,"href":"https:\/\/newsinfoco.com.br\/inicio\/wp-json\/wp\/v2\/media\/10859"}],"wp:attachment":[{"href":"https:\/\/newsinfoco.com.br\/inicio\/wp-json\/wp\/v2\/media?parent=10858"}],"wp:term":[{"taxonomy":"category","embeddable":true,"href":"https:\/\/newsinfoco.com.br\/inicio\/wp-json\/wp\/v2\/categories?post=10858"},{"taxonomy":"post_tag","embeddable":true,"href":"https:\/\/newsinfoco.com.br\/inicio\/wp-json\/wp\/v2\/tags?post=10858"}],"curies":[{"name":"wp","href":"https:\/\/api.w.org\/{rel}","templated":true}]}}