{"id":10861,"date":"2018-10-25T17:20:44","date_gmt":"2018-10-25T19:20:44","guid":{"rendered":"http:\/\/newsinfoco.com.br\/?p=10861"},"modified":"2018-10-25T17:20:44","modified_gmt":"2018-10-25T19:20:44","slug":"para-haddad-campanha-eleitoral-de-2018-e-a-mais-baixa-da-historia","status":"publish","type":"post","link":"https:\/\/newsinfoco.com.br\/inicio\/para-haddad-campanha-eleitoral-de-2018-e-a-mais-baixa-da-historia\/","title":{"rendered":"Para Haddad, campanha eleitoral de 2018 \u00e9 \u2018a mais baixa\u2019 da hist\u00f3ria"},"content":{"rendered":"<p style=\"text-align: justify;\">Numa queixa \u00e0s not\u00edcias falsas disseminadas pelas redes sociais para favorecer seu advers\u00e1rio na disputa do segundo turno da corrida ao Planalto, o ex-prefeito Fernando Haddad (PT) classificou a campanha deste ano como \u201ca mais baixa de todos os tempos\u201d.<\/p>\n<p style=\"text-align: justify;\">Segundo ele, Jair Bolsonaro, candidato do PSL, \u00e9 o maior respons\u00e1vel pelo n\u00edvel da disputa pela sucess\u00e3o presidencial nas elei\u00e7\u00f5es 2018. \u201c\u00c9 a campanha mais baixa de todos os tempos porque ele (Bolsonaro) quis criar esse clima. Esse clima favorece a campanha dele\u201d, declarou o petista.<\/p><div class=\"newsi-conteudo_19\" id=\"newsi-1242234394\"><a href=\"https:\/\/www.instagram.com\/prefeituraalagoinhas?igsh=YzgzdDJ1bWR3aWI4\" aria-label=\"SAVE_20251006_221555\"><img loading=\"lazy\" decoding=\"async\" src=\"https:\/\/newsinfoco.com.br\/inicio\/wp-content\/uploads\/2025\/10\/SAVE_20251006_221555-rotated.jpg\" alt=\"\"  srcset=\"https:\/\/newsinfoco.com.br\/inicio\/wp-content\/uploads\/2025\/10\/SAVE_20251006_221555-rotated.jpg 1140w, https:\/\/newsinfoco.com.br\/inicio\/wp-content\/uploads\/2025\/10\/SAVE_20251006_221555-300x52.jpg 300w, https:\/\/newsinfoco.com.br\/inicio\/wp-content\/uploads\/2025\/10\/SAVE_20251006_221555-1024x177.jpg 1024w, https:\/\/newsinfoco.com.br\/inicio\/wp-content\/uploads\/2025\/10\/SAVE_20251006_221555-768x133.jpg 768w, https:\/\/newsinfoco.com.br\/inicio\/wp-content\/uploads\/2025\/10\/SAVE_20251006_221555-600x104.jpg 600w, https:\/\/newsinfoco.com.br\/inicio\/wp-content\/uploads\/2025\/10\/SAVE_20251006_221555-696x120.jpg 696w, https:\/\/newsinfoco.com.br\/inicio\/wp-content\/uploads\/2025\/10\/SAVE_20251006_221555-1068x185.jpg 1068w\" sizes=\"(max-width: 1140px) 100vw, 1140px\" width=\"1140\" height=\"197\"   \/><\/a><\/div>\n<p style=\"text-align: justify;\">O candidato concedeu entrevista ap\u00f3s se reunir com a ex-presidente da Costa Rica Laura Chinchilla, que chefia a miss\u00e3o da Organiza\u00e7\u00e3o dos Estados Americanos (OEA) que acompanha o processo eleitoral brasileiro. Haddad disse que entregou a OEA um material sobre o uso ilegal de redes sociais, especialmente o WhatsApp, no primeiro turno. Segundo ele, os \u00faltimos tr\u00eas dias da campanha do primeiro turno foram marcados por uma \u201cavalanche\u201d de not\u00edcias falsas.<\/p>\n<p style=\"text-align: justify;\">O presidenci\u00e1vel pediu aten\u00e7\u00e3o da OEA para que o mesmo n\u00e3o se repita at\u00e9 domingo. Haddad, que viaja hoje para o Nordeste, informou que voltar\u00e1 a S\u00e3o Paulo para, no s\u00e1bado, 27, encerrar sua campanha na favela de Heli\u00f3polis. Ele negou, contudo, que a decis\u00e3o de fechar a campanha na periferia de S\u00e3o Paulo seja uma reposta ao discurso do rapper Mano Brown, que cobrou que o PT retomasse a comunica\u00e7\u00e3o com suas bases. \u201cJ\u00e1 estava planejado\u201d, afirmou o ex-prefeito.<\/p>\n<p style=\"text-align: justify;\">Na busca por apoio \u00e0 sua candidatura, Haddad confirmou que ligou ao presidente do PDT, Carlos Lupi, para alert\u00e1-lo sobre o que chamou de \u201conda da virada\u201d e que aguarda um retorno do pedetista. Disse que, com o apoio de Ciro Gomes, candidato do PDT no primeiro turno, fica mais f\u00e1cil reverter a desvantagem para Bolsonaro indicada pelas pesquisas de inten\u00e7\u00e3o de voto. Ele tamb\u00e9m aproveitou para destacar a import\u00e2ncia das declara\u00e7\u00f5es de voto no petista feitas por Marina Silva (Rede) e Alberto Goldman (PSDB).<\/p>\n<p style=\"text-align: justify;\">De acordo com Haddad, o apoio de Goldman, ex-presidente do PSDB e um advers\u00e1rio hist\u00f3rico do PT, reflete a preocupa\u00e7\u00e3o de setores mais centristas da pol\u00edtica com o significado da elei\u00e7\u00e3o de Bolsonaro. \u201cTem que ter grandeza para perceber os riscos que o Pa\u00eds est\u00e1 correndo\u201d, declarou o candidato.<\/p>\n<h6 style=\"text-align: right;\"><span style=\"color: #999999;\">Estadao<\/span><\/h6>\n<div class='share-to-whatsapp-wrapper'><div class='share-on-whsp'>Share on: <\/div><a data-text='Para Haddad, campanha eleitoral de 2018 \u00e9 \u2018a mais baixa\u2019 da hist\u00f3ria' data-link='https:\/\/newsinfoco.com.br\/inicio\/para-haddad-campanha-eleitoral-de-2018-e-a-mais-baixa-da-historia\/' class='whatsapp-button whatsapp-share'>WhatsApp<\/a><div class='clear '><\/div><\/div>","protected":false},"excerpt":{"rendered":"<p>Numa queixa \u00e0s not\u00edcias falsas disseminadas pelas redes sociais para favorecer seu advers\u00e1rio na disputa do segundo turno da corrida ao Planalto, o ex-prefeito Fernando Haddad (PT) classificou a campanha deste ano como \u201ca mais baixa de todos os tempos\u201d. Segundo ele, Jair Bolsonaro, candidato do PSL, \u00e9 o maior respons\u00e1vel pelo n\u00edvel da disputa [&hellip;]<\/p>\n","protected":false},"author":1,"featured_media":10862,"comment_status":"open","ping_status":"open","sticky":false,"template":"","format":"standard","meta":{"om_disable_all_campaigns":false,"_exactmetrics_skip_tracking":false,"_exactmetrics_sitenote_active":false,"_exactmetrics_sitenote_note":"","_exactmetrics_sitenote_category":0,"footnotes":""},"categories":[21],"tags":[],"class_list":["post-10861","post","type-post","status-publish","format-standard","has-post-thumbnail","hentry","category-brasil"],"aioseo_notices":[],"_links":{"self":[{"href":"https:\/\/newsinfoco.com.br\/inicio\/wp-json\/wp\/v2\/posts\/10861","targetHints":{"allow":["GET"]}}],"collection":[{"href":"https:\/\/newsinfoco.com.br\/inicio\/wp-json\/wp\/v2\/posts"}],"about":[{"href":"https:\/\/newsinfoco.com.br\/inicio\/wp-json\/wp\/v2\/types\/post"}],"author":[{"embeddable":true,"href":"https:\/\/newsinfoco.com.br\/inicio\/wp-json\/wp\/v2\/users\/1"}],"replies":[{"embeddable":true,"href":"https:\/\/newsinfoco.com.br\/inicio\/wp-json\/wp\/v2\/comments?post=10861"}],"version-history":[{"count":0,"href":"https:\/\/newsinfoco.com.br\/inicio\/wp-json\/wp\/v2\/posts\/10861\/revisions"}],"wp:featuredmedia":[{"embeddable":true,"href":"https:\/\/newsinfoco.com.br\/inicio\/wp-json\/wp\/v2\/media\/10862"}],"wp:attachment":[{"href":"https:\/\/newsinfoco.com.br\/inicio\/wp-json\/wp\/v2\/media?parent=10861"}],"wp:term":[{"taxonomy":"category","embeddable":true,"href":"https:\/\/newsinfoco.com.br\/inicio\/wp-json\/wp\/v2\/categories?post=10861"},{"taxonomy":"post_tag","embeddable":true,"href":"https:\/\/newsinfoco.com.br\/inicio\/wp-json\/wp\/v2\/tags?post=10861"}],"curies":[{"name":"wp","href":"https:\/\/api.w.org\/{rel}","templated":true}]}}