{"id":10864,"date":"2018-10-25T17:57:52","date_gmt":"2018-10-25T19:57:52","guid":{"rendered":"http:\/\/newsinfoco.com.br\/?p=10864"},"modified":"2018-10-25T17:57:52","modified_gmt":"2018-10-25T19:57:52","slug":"ao-declarar-apoio-roberto-justus-chama-bolsonaro-de-candidato-polemico","status":"publish","type":"post","link":"https:\/\/newsinfoco.com.br\/inicio\/ao-declarar-apoio-roberto-justus-chama-bolsonaro-de-candidato-polemico\/","title":{"rendered":"Ao declarar apoio, Roberto Justus chama Bolsonaro de \u2018candidato pol\u00eamico\u2019"},"content":{"rendered":"<p style=\"text-align: justify;\">O candidato do PSL nas elei\u00e7\u00f5es 2018 e advers\u00e1rio de Fernando Haddad (PT), Jair Bolsonaro, recebeu o apoio do empres\u00e1rio e apresentador da TV Record Roberto Justus. O comunicador foi apresentador do Aprendiz, vers\u00e3o brasileira do reality show americano \u2018The Aprendice\u201d, que foi comandado pelo presidente americano Donald Trump. No v\u00eddeo, divulgado nesta quinta-feira, 25, nas redes soci<\/p>\n<p style=\"text-align: justify;\">ais de Bolsonaro, Justus diz que o candidato \u00e9 \u201cpol\u00eamico, mas com boa vontade\u201d. Ele diz que um futuro governo dele, caso eleito, \u201cter\u00e1 liberdade para formar uma equipe\u201d e diminuir o tamanho do estado. \u201cTemos um candidato pol\u00eamico, que deve ter se arrependido de algumas frases que disse por a\u00ed no passado, mas com certeza tem boa vontade, \u00e9 correto e est\u00e1 com boas ideias para o Brasil. Tem liberdade para montar uma grande equipe, porque n\u00e3o tem toma l\u00e1 d\u00e1 c\u00e1 e n\u00e3o tem compromisso com ningu\u00e9m\u201d, diz.<\/p><div class=\"newsi-conteudo_19\" id=\"newsi-1313220334\"><a href=\"https:\/\/www.instagram.com\/prefeituraalagoinhas?igsh=YzgzdDJ1bWR3aWI4\" aria-label=\"SAVE_20251006_221555\"><img loading=\"lazy\" decoding=\"async\" src=\"https:\/\/newsinfoco.com.br\/inicio\/wp-content\/uploads\/2025\/10\/SAVE_20251006_221555-rotated.jpg\" alt=\"\"  srcset=\"https:\/\/newsinfoco.com.br\/inicio\/wp-content\/uploads\/2025\/10\/SAVE_20251006_221555-rotated.jpg 1140w, https:\/\/newsinfoco.com.br\/inicio\/wp-content\/uploads\/2025\/10\/SAVE_20251006_221555-300x52.jpg 300w, https:\/\/newsinfoco.com.br\/inicio\/wp-content\/uploads\/2025\/10\/SAVE_20251006_221555-1024x177.jpg 1024w, https:\/\/newsinfoco.com.br\/inicio\/wp-content\/uploads\/2025\/10\/SAVE_20251006_221555-768x133.jpg 768w, https:\/\/newsinfoco.com.br\/inicio\/wp-content\/uploads\/2025\/10\/SAVE_20251006_221555-600x104.jpg 600w, https:\/\/newsinfoco.com.br\/inicio\/wp-content\/uploads\/2025\/10\/SAVE_20251006_221555-696x120.jpg 696w, https:\/\/newsinfoco.com.br\/inicio\/wp-content\/uploads\/2025\/10\/SAVE_20251006_221555-1068x185.jpg 1068w\" sizes=\"(max-width: 1140px) 100vw, 1140px\" width=\"1140\" height=\"197\"   \/><\/a><\/div>\n<p style=\"text-align: justify;\">O apresentador faz cr\u00edticas aos governos petistas elogia Paulo Guedes, respons\u00e1vel pelo programa econ\u00f4mico de Bolsonaro.<\/p>\n<h6 style=\"text-align: right;\"><span style=\"color: #999999;\">Estadao<\/span><\/h6>\n<div class='share-to-whatsapp-wrapper'><div class='share-on-whsp'>Share on: <\/div><a data-text='Ao declarar apoio, Roberto Justus chama Bolsonaro de \u2018candidato pol\u00eamico\u2019' data-link='https:\/\/newsinfoco.com.br\/inicio\/ao-declarar-apoio-roberto-justus-chama-bolsonaro-de-candidato-polemico\/' class='whatsapp-button whatsapp-share'>WhatsApp<\/a><div class='clear '><\/div><\/div>","protected":false},"excerpt":{"rendered":"<p>O candidato do PSL nas elei\u00e7\u00f5es 2018 e advers\u00e1rio de Fernando Haddad (PT), Jair Bolsonaro, recebeu o apoio do empres\u00e1rio e apresentador da TV Record Roberto Justus. O comunicador foi apresentador do Aprendiz, vers\u00e3o brasileira do reality show americano \u2018The Aprendice\u201d, que foi comandado pelo presidente americano Donald Trump. No v\u00eddeo, divulgado nesta quinta-feira, 25, [&hellip;]<\/p>\n","protected":false},"author":1,"featured_media":10865,"comment_status":"open","ping_status":"open","sticky":false,"template":"","format":"standard","meta":{"om_disable_all_campaigns":false,"_exactmetrics_skip_tracking":false,"_exactmetrics_sitenote_active":false,"_exactmetrics_sitenote_note":"","_exactmetrics_sitenote_category":0,"footnotes":""},"categories":[21],"tags":[],"class_list":["post-10864","post","type-post","status-publish","format-standard","has-post-thumbnail","hentry","category-brasil"],"aioseo_notices":[],"_links":{"self":[{"href":"https:\/\/newsinfoco.com.br\/inicio\/wp-json\/wp\/v2\/posts\/10864","targetHints":{"allow":["GET"]}}],"collection":[{"href":"https:\/\/newsinfoco.com.br\/inicio\/wp-json\/wp\/v2\/posts"}],"about":[{"href":"https:\/\/newsinfoco.com.br\/inicio\/wp-json\/wp\/v2\/types\/post"}],"author":[{"embeddable":true,"href":"https:\/\/newsinfoco.com.br\/inicio\/wp-json\/wp\/v2\/users\/1"}],"replies":[{"embeddable":true,"href":"https:\/\/newsinfoco.com.br\/inicio\/wp-json\/wp\/v2\/comments?post=10864"}],"version-history":[{"count":0,"href":"https:\/\/newsinfoco.com.br\/inicio\/wp-json\/wp\/v2\/posts\/10864\/revisions"}],"wp:featuredmedia":[{"embeddable":true,"href":"https:\/\/newsinfoco.com.br\/inicio\/wp-json\/wp\/v2\/media\/10865"}],"wp:attachment":[{"href":"https:\/\/newsinfoco.com.br\/inicio\/wp-json\/wp\/v2\/media?parent=10864"}],"wp:term":[{"taxonomy":"category","embeddable":true,"href":"https:\/\/newsinfoco.com.br\/inicio\/wp-json\/wp\/v2\/categories?post=10864"},{"taxonomy":"post_tag","embeddable":true,"href":"https:\/\/newsinfoco.com.br\/inicio\/wp-json\/wp\/v2\/tags?post=10864"}],"curies":[{"name":"wp","href":"https:\/\/api.w.org\/{rel}","templated":true}]}}