{"id":10874,"date":"2018-10-25T21:51:03","date_gmt":"2018-10-25T23:51:03","guid":{"rendered":"http:\/\/newsinfoco.com.br\/?p=10874"},"modified":"2018-10-25T21:51:03","modified_gmt":"2018-10-25T23:51:03","slug":"alagoinhas-carneirao-entra-na-reta-final-das-obras-de-revitalizacao-troca-do-gramado-foi-iniciada-na-manha-desta-quinta-feira-25","status":"publish","type":"post","link":"https:\/\/newsinfoco.com.br\/inicio\/alagoinhas-carneirao-entra-na-reta-final-das-obras-de-revitalizacao-troca-do-gramado-foi-iniciada-na-manha-desta-quinta-feira-25\/","title":{"rendered":"Alagoinhas: Carneir\u00e3o entra na reta final das obras de revitaliza\u00e7\u00e3o; troca do gramado foi iniciada na manh\u00e3 desta quinta-feira (25)"},"content":{"rendered":"<p style=\"text-align: justify;\">Com a entrega prevista para o m\u00eas de janeiro, o Carneir\u00e3o entra na reta final das obras e come\u00e7a a ganhar o aspecto que os torcedores encontrar\u00e3o no jogos da S\u00e9rie A do Campeonato Baiano de 2019.<\/p>\n<p style=\"text-align: justify;\">O est\u00e1dio j\u00e1 tem conclu\u00eddos a constru\u00e7\u00e3o de um espa\u00e7o especial para cadeirantes, ilumina\u00e7\u00e3o especial, a constru\u00e7\u00e3o de uma \u00e1rea de aquecimento dos times, reforma das arquibancadas, alambrados e escadas. Com a reforma das arquibancadas, que estiveram interditadas por 16 anos, o est\u00e1dio estar\u00e1 preparado para receber mais 8 mil torcedores, duplicando, assim, a sua capacidade.<\/p><div class=\"newsi-conteudo_19\" id=\"newsi-2643455630\"><a href=\"https:\/\/www.instagram.com\/prefeituraalagoinhas?igsh=YzgzdDJ1bWR3aWI4\" aria-label=\"SAVE_20251006_221555\"><img loading=\"lazy\" decoding=\"async\" src=\"https:\/\/newsinfoco.com.br\/inicio\/wp-content\/uploads\/2025\/10\/SAVE_20251006_221555-rotated.jpg\" alt=\"\"  srcset=\"https:\/\/newsinfoco.com.br\/inicio\/wp-content\/uploads\/2025\/10\/SAVE_20251006_221555-rotated.jpg 1140w, https:\/\/newsinfoco.com.br\/inicio\/wp-content\/uploads\/2025\/10\/SAVE_20251006_221555-300x52.jpg 300w, https:\/\/newsinfoco.com.br\/inicio\/wp-content\/uploads\/2025\/10\/SAVE_20251006_221555-1024x177.jpg 1024w, https:\/\/newsinfoco.com.br\/inicio\/wp-content\/uploads\/2025\/10\/SAVE_20251006_221555-768x133.jpg 768w, https:\/\/newsinfoco.com.br\/inicio\/wp-content\/uploads\/2025\/10\/SAVE_20251006_221555-600x104.jpg 600w, https:\/\/newsinfoco.com.br\/inicio\/wp-content\/uploads\/2025\/10\/SAVE_20251006_221555-696x120.jpg 696w, https:\/\/newsinfoco.com.br\/inicio\/wp-content\/uploads\/2025\/10\/SAVE_20251006_221555-1068x185.jpg 1068w\" sizes=\"(max-width: 1140px) 100vw, 1140px\" width=\"1140\" height=\"197\"   \/><\/a><\/div>\n<p style=\"text-align: justify;\">Os trabalhos para a troca do gramado foram iniciados na manh\u00e3 desta quinta-feira (25) e at\u00e9 a pr\u00f3xima segunda-feira (29), 10 mil metros de grama bermuda tifo ser\u00e3o implantadas, trazendo o mesmo padr\u00e3o de qualidade encontrado nos maiores est\u00e1dios participantes da Copa do Mundo.<\/p>\n<p style=\"text-align: justify;\">O fator mais importante da obra \u00e9 que os gastos est\u00e3o sendo custeados, em sua maioria, por meio de parcerias. Para a revitaliza\u00e7\u00e3o da Casa do Carcar\u00e1, a prefeitura contou com o patroc\u00ednio da cervejaria Itaipava na troca do gramado, com a J. Nunes, nas obras de infraestrutura e com o apoio da multinacional Tintas Sherwin-Williams no fornecimento das tintas para a pintura do est\u00e1dio, que levar\u00e1 as cores da bandeira da cidade, o vermelho, preto e branco, assim que for conclu\u00edda a licita\u00e7\u00e3o da empresa que executar\u00e1 os servi\u00e7os.<\/p>\n<p style=\"text-align: justify;\">Outra novidade ser\u00e1 a cobertura e amplia\u00e7\u00e3o dos bancos de reserva. \u201c O Carneir\u00e3o est\u00e1 se transformando numa das belas arenas do estado e a partir de agora estar\u00e1 apto a receber qualquer jogo internacional. Muito feliz em poder estar proporcionando este benef\u00edcio para o esporte no munic\u00edpio, ainda mais com o Atl\u00e9tico na primeira divis\u00e3o\u201d, comemora o prefeito Joaquim Neto, que tem acompanhado de perto todas as fases da obra no est\u00e1dio.<\/p>\n<h6 style=\"text-align: right;\"><span style=\"color: #999999;\">Secom Alagoinhas<\/span><\/h6>\n<div class='share-to-whatsapp-wrapper'><div class='share-on-whsp'>Share on: <\/div><a data-text='Alagoinhas: Carneir\u00e3o entra na reta final das obras de revitaliza\u00e7\u00e3o; troca do gramado foi iniciada na manh\u00e3 desta quinta-feira (25)' data-link='https:\/\/newsinfoco.com.br\/inicio\/alagoinhas-carneirao-entra-na-reta-final-das-obras-de-revitalizacao-troca-do-gramado-foi-iniciada-na-manha-desta-quinta-feira-25\/' class='whatsapp-button whatsapp-share'>WhatsApp<\/a><div class='clear '><\/div><\/div>","protected":false},"excerpt":{"rendered":"<p>Com a entrega prevista para o m\u00eas de janeiro, o Carneir\u00e3o entra na reta final das obras e come\u00e7a a ganhar o aspecto que os torcedores encontrar\u00e3o no jogos da S\u00e9rie A do Campeonato Baiano de 2019. O est\u00e1dio j\u00e1 tem conclu\u00eddos a constru\u00e7\u00e3o de um espa\u00e7o especial para cadeirantes, ilumina\u00e7\u00e3o especial, a constru\u00e7\u00e3o de [&hellip;]<\/p>\n","protected":false},"author":1,"featured_media":10875,"comment_status":"open","ping_status":"open","sticky":false,"template":"","format":"standard","meta":{"om_disable_all_campaigns":false,"_exactmetrics_skip_tracking":false,"_exactmetrics_sitenote_active":false,"_exactmetrics_sitenote_note":"","_exactmetrics_sitenote_category":0,"footnotes":""},"categories":[38,30],"tags":[],"class_list":["post-10874","post","type-post","status-publish","format-standard","has-post-thumbnail","hentry","category-alagoinhas-e-regiao","category-destaque"],"aioseo_notices":[],"_links":{"self":[{"href":"https:\/\/newsinfoco.com.br\/inicio\/wp-json\/wp\/v2\/posts\/10874","targetHints":{"allow":["GET"]}}],"collection":[{"href":"https:\/\/newsinfoco.com.br\/inicio\/wp-json\/wp\/v2\/posts"}],"about":[{"href":"https:\/\/newsinfoco.com.br\/inicio\/wp-json\/wp\/v2\/types\/post"}],"author":[{"embeddable":true,"href":"https:\/\/newsinfoco.com.br\/inicio\/wp-json\/wp\/v2\/users\/1"}],"replies":[{"embeddable":true,"href":"https:\/\/newsinfoco.com.br\/inicio\/wp-json\/wp\/v2\/comments?post=10874"}],"version-history":[{"count":0,"href":"https:\/\/newsinfoco.com.br\/inicio\/wp-json\/wp\/v2\/posts\/10874\/revisions"}],"wp:featuredmedia":[{"embeddable":true,"href":"https:\/\/newsinfoco.com.br\/inicio\/wp-json\/wp\/v2\/media\/10875"}],"wp:attachment":[{"href":"https:\/\/newsinfoco.com.br\/inicio\/wp-json\/wp\/v2\/media?parent=10874"}],"wp:term":[{"taxonomy":"category","embeddable":true,"href":"https:\/\/newsinfoco.com.br\/inicio\/wp-json\/wp\/v2\/categories?post=10874"},{"taxonomy":"post_tag","embeddable":true,"href":"https:\/\/newsinfoco.com.br\/inicio\/wp-json\/wp\/v2\/tags?post=10874"}],"curies":[{"name":"wp","href":"https:\/\/api.w.org\/{rel}","templated":true}]}}