{"id":10877,"date":"2018-10-25T22:00:44","date_gmt":"2018-10-26T00:00:44","guid":{"rendered":"http:\/\/newsinfoco.com.br\/?p=10877"},"modified":"2018-10-25T22:00:44","modified_gmt":"2018-10-26T00:00:44","slug":"em-salvador-haddad-participara-de-sabatina-na-tv","status":"publish","type":"post","link":"https:\/\/newsinfoco.com.br\/inicio\/em-salvador-haddad-participara-de-sabatina-na-tv\/","title":{"rendered":"Em Salvador, Haddad participar\u00e1 de sabatina na TV"},"content":{"rendered":"<p style=\"text-align: justify;\">O candidato do PT \u00e0 Presid\u00eancia, Fernando Haddad, ser\u00e1 entrevistado por jornalistas em uma sabatina na TVE, na noite de sexta-feira (26).\u00a0Os jornalistas Bob Fernandes, Juca Kfouri, Regiane Oliveira e Tereza Cruvinel far\u00e3o parte da bancada, que ter\u00e1 media\u00e7\u00e3o de V\u00e2nia Dias.<\/p>\n<p style=\"text-align: justify;\">O programa come\u00e7a \u00e0s 20h50 e ser\u00e1 transmitido pela TVE, r\u00e1dio Educadora FM, al\u00e9m do Facebook e Youtube. O petista estar\u00e1 na capital baiana para participar de uma caminhada do monumento das \u201cGordinhas\u201d, no bairro de Ondina, at\u00e9 o Farol da Barra, com concentra\u00e7\u00e3o a partir das 15h.<\/p><div class=\"newsi-conteudo_19\" id=\"newsi-3748590478\"><a href=\"https:\/\/www.instagram.com\/prefeituraalagoinhas?igsh=YzgzdDJ1bWR3aWI4\" aria-label=\"SAVE_20251006_221555\"><img loading=\"lazy\" decoding=\"async\" src=\"https:\/\/newsinfoco.com.br\/inicio\/wp-content\/uploads\/2025\/10\/SAVE_20251006_221555-rotated.jpg\" alt=\"\"  srcset=\"https:\/\/newsinfoco.com.br\/inicio\/wp-content\/uploads\/2025\/10\/SAVE_20251006_221555-rotated.jpg 1140w, https:\/\/newsinfoco.com.br\/inicio\/wp-content\/uploads\/2025\/10\/SAVE_20251006_221555-300x52.jpg 300w, https:\/\/newsinfoco.com.br\/inicio\/wp-content\/uploads\/2025\/10\/SAVE_20251006_221555-1024x177.jpg 1024w, https:\/\/newsinfoco.com.br\/inicio\/wp-content\/uploads\/2025\/10\/SAVE_20251006_221555-768x133.jpg 768w, https:\/\/newsinfoco.com.br\/inicio\/wp-content\/uploads\/2025\/10\/SAVE_20251006_221555-600x104.jpg 600w, https:\/\/newsinfoco.com.br\/inicio\/wp-content\/uploads\/2025\/10\/SAVE_20251006_221555-696x120.jpg 696w, https:\/\/newsinfoco.com.br\/inicio\/wp-content\/uploads\/2025\/10\/SAVE_20251006_221555-1068x185.jpg 1068w\" sizes=\"(max-width: 1140px) 100vw, 1140px\" width=\"1140\" height=\"197\"   \/><\/a><\/div>\n<p>&nbsp;<\/p>\n<div class='share-to-whatsapp-wrapper'><div class='share-on-whsp'>Share on: <\/div><a data-text='Em Salvador, Haddad participar\u00e1 de sabatina na TV' data-link='https:\/\/newsinfoco.com.br\/inicio\/em-salvador-haddad-participara-de-sabatina-na-tv\/' class='whatsapp-button whatsapp-share'>WhatsApp<\/a><div class='clear '><\/div><\/div>","protected":false},"excerpt":{"rendered":"<p>O candidato do PT \u00e0 Presid\u00eancia, Fernando Haddad, ser\u00e1 entrevistado por jornalistas em uma sabatina na TVE, na noite de sexta-feira (26).\u00a0Os jornalistas Bob Fernandes, Juca Kfouri, Regiane Oliveira e Tereza Cruvinel far\u00e3o parte da bancada, que ter\u00e1 media\u00e7\u00e3o de V\u00e2nia Dias. O programa come\u00e7a \u00e0s 20h50 e ser\u00e1 transmitido pela TVE, r\u00e1dio Educadora FM, [&hellip;]<\/p>\n","protected":false},"author":1,"featured_media":10323,"comment_status":"open","ping_status":"open","sticky":false,"template":"","format":"standard","meta":{"om_disable_all_campaigns":false,"_exactmetrics_skip_tracking":false,"_exactmetrics_sitenote_active":false,"_exactmetrics_sitenote_note":"","_exactmetrics_sitenote_category":0,"footnotes":""},"categories":[19],"tags":[],"class_list":["post-10877","post","type-post","status-publish","format-standard","has-post-thumbnail","hentry","category-bahia"],"aioseo_notices":[],"_links":{"self":[{"href":"https:\/\/newsinfoco.com.br\/inicio\/wp-json\/wp\/v2\/posts\/10877","targetHints":{"allow":["GET"]}}],"collection":[{"href":"https:\/\/newsinfoco.com.br\/inicio\/wp-json\/wp\/v2\/posts"}],"about":[{"href":"https:\/\/newsinfoco.com.br\/inicio\/wp-json\/wp\/v2\/types\/post"}],"author":[{"embeddable":true,"href":"https:\/\/newsinfoco.com.br\/inicio\/wp-json\/wp\/v2\/users\/1"}],"replies":[{"embeddable":true,"href":"https:\/\/newsinfoco.com.br\/inicio\/wp-json\/wp\/v2\/comments?post=10877"}],"version-history":[{"count":0,"href":"https:\/\/newsinfoco.com.br\/inicio\/wp-json\/wp\/v2\/posts\/10877\/revisions"}],"wp:featuredmedia":[{"embeddable":true,"href":"https:\/\/newsinfoco.com.br\/inicio\/wp-json\/wp\/v2\/media\/10323"}],"wp:attachment":[{"href":"https:\/\/newsinfoco.com.br\/inicio\/wp-json\/wp\/v2\/media?parent=10877"}],"wp:term":[{"taxonomy":"category","embeddable":true,"href":"https:\/\/newsinfoco.com.br\/inicio\/wp-json\/wp\/v2\/categories?post=10877"},{"taxonomy":"post_tag","embeddable":true,"href":"https:\/\/newsinfoco.com.br\/inicio\/wp-json\/wp\/v2\/tags?post=10877"}],"curies":[{"name":"wp","href":"https:\/\/api.w.org\/{rel}","templated":true}]}}