{"id":10879,"date":"2018-10-25T22:07:45","date_gmt":"2018-10-26T00:07:45","guid":{"rendered":"http:\/\/newsinfoco.com.br\/?p=10879"},"modified":"2018-10-25T22:07:45","modified_gmt":"2018-10-26T00:07:45","slug":"tre-mantem-inelegibilidade-de-charles-fernandes-primeiro-suplente-do-psd-com-decisao-joseildo-ramos-assume-a-primeira-suplencia","status":"publish","type":"post","link":"https:\/\/newsinfoco.com.br\/inicio\/tre-mantem-inelegibilidade-de-charles-fernandes-primeiro-suplente-do-psd-com-decisao-joseildo-ramos-assume-a-primeira-suplencia\/","title":{"rendered":"TRE mant\u00e9m inelegibilidade de Charles Fernandes, primeiro suplente do PSD; com decis\u00e3o, Joseildo Ramos assume a primeira suplencia"},"content":{"rendered":"<div class=\"text-descricao\">\n<p style=\"text-align: justify;\">O Tribunal Regional Eleitoral (TRE) decidiu manter a inelegibilidade de Charles Fernandes (PSD), primeiro suplente da coliga\u00e7\u00e3o &#8220;Frente do Trabalho por Toda Bahia&#8221; na C\u00e2mara Federal. Ele foi acusado de cometer transgress\u00f5es eleitorais, como abuso de poder pol\u00edtico, quando deixou a prefeitura de Guanambi, em 2016.<\/p>\n<p dir=\"ltr\" style=\"text-align: justify;\">O TRE-BA j\u00e1 havia confirmado a decis\u00e3o de primeira inst\u00e2ncia, que tornou Fernandes ineleg\u00edvel por oito anos. Por\u00e9m, o ex-prefeito entrou com um embargo de declara\u00e7\u00e3o, em que pedia a revis\u00e3o do ac\u00f3rd\u00e3o, o que foi concedido em decis\u00e3o liminar do relator.\u00a0A\u00a0coliga\u00e7\u00e3o &#8220;Guanambi do Trabalho&#8221;, que concorreu \u00e0 elei\u00e7\u00e3o municipal na cidade \u00e0 \u00e9poca, foi respons\u00e1vel por entrar com um recurso na Justi\u00e7a Eleitoral, pedindo a revis\u00e3o da liminar.<\/p><div class=\"newsi-conteudo_19\" id=\"newsi-24114076\"><a href=\"https:\/\/www.instagram.com\/prefeituraalagoinhas?igsh=YzgzdDJ1bWR3aWI4\" aria-label=\"SAVE_20251006_221555\"><img loading=\"lazy\" decoding=\"async\" src=\"https:\/\/newsinfoco.com.br\/inicio\/wp-content\/uploads\/2025\/10\/SAVE_20251006_221555-rotated.jpg\" alt=\"\"  srcset=\"https:\/\/newsinfoco.com.br\/inicio\/wp-content\/uploads\/2025\/10\/SAVE_20251006_221555-rotated.jpg 1140w, https:\/\/newsinfoco.com.br\/inicio\/wp-content\/uploads\/2025\/10\/SAVE_20251006_221555-300x52.jpg 300w, https:\/\/newsinfoco.com.br\/inicio\/wp-content\/uploads\/2025\/10\/SAVE_20251006_221555-1024x177.jpg 1024w, https:\/\/newsinfoco.com.br\/inicio\/wp-content\/uploads\/2025\/10\/SAVE_20251006_221555-768x133.jpg 768w, https:\/\/newsinfoco.com.br\/inicio\/wp-content\/uploads\/2025\/10\/SAVE_20251006_221555-600x104.jpg 600w, https:\/\/newsinfoco.com.br\/inicio\/wp-content\/uploads\/2025\/10\/SAVE_20251006_221555-696x120.jpg 696w, https:\/\/newsinfoco.com.br\/inicio\/wp-content\/uploads\/2025\/10\/SAVE_20251006_221555-1068x185.jpg 1068w\" sizes=\"(max-width: 1140px) 100vw, 1140px\" width=\"1140\" height=\"197\"   \/><\/a><\/div>\n<p dir=\"ltr\" style=\"text-align: justify;\">Ao julgar o caso, o juiz Diego Castro acabou por revogar a tutela de urg\u00eancia e restabeleceu os efeitos da primeira decis\u00e3o. De acordo com o advogado eleitoral Ademir Ismerim, essa decis\u00e3o impede que o ex-prefeito venha a tomar posse como deputado federal, caso um dos parlamentares eleitos deixe o mandato no Congresso.<\/p>\n<p dir=\"ltr\">Com a decis\u00e3o do TRE, Joseildo Ramos(PT) assume a primeira supl\u00eancia.<\/p>\n<\/div>\n<div class='share-to-whatsapp-wrapper'><div class='share-on-whsp'>Share on: <\/div><a data-text='TRE mant\u00e9m inelegibilidade de Charles Fernandes, primeiro suplente do PSD; com decis\u00e3o, Joseildo Ramos assume a primeira suplencia' data-link='https:\/\/newsinfoco.com.br\/inicio\/tre-mantem-inelegibilidade-de-charles-fernandes-primeiro-suplente-do-psd-com-decisao-joseildo-ramos-assume-a-primeira-suplencia\/' class='whatsapp-button whatsapp-share'>WhatsApp<\/a><div class='clear '><\/div><\/div>","protected":false},"excerpt":{"rendered":"<p>O Tribunal Regional Eleitoral (TRE) decidiu manter a inelegibilidade de Charles Fernandes (PSD), primeiro suplente da coliga\u00e7\u00e3o &#8220;Frente do Trabalho por Toda Bahia&#8221; na C\u00e2mara Federal. Ele foi acusado de cometer transgress\u00f5es eleitorais, como abuso de poder pol\u00edtico, quando deixou a prefeitura de Guanambi, em 2016. O TRE-BA j\u00e1 havia confirmado a decis\u00e3o de primeira [&hellip;]<\/p>\n","protected":false},"author":1,"featured_media":10880,"comment_status":"open","ping_status":"open","sticky":false,"template":"","format":"standard","meta":{"om_disable_all_campaigns":false,"_exactmetrics_skip_tracking":false,"_exactmetrics_sitenote_active":false,"_exactmetrics_sitenote_note":"","_exactmetrics_sitenote_category":0,"footnotes":""},"categories":[19],"tags":[],"class_list":["post-10879","post","type-post","status-publish","format-standard","has-post-thumbnail","hentry","category-bahia"],"aioseo_notices":[],"_links":{"self":[{"href":"https:\/\/newsinfoco.com.br\/inicio\/wp-json\/wp\/v2\/posts\/10879","targetHints":{"allow":["GET"]}}],"collection":[{"href":"https:\/\/newsinfoco.com.br\/inicio\/wp-json\/wp\/v2\/posts"}],"about":[{"href":"https:\/\/newsinfoco.com.br\/inicio\/wp-json\/wp\/v2\/types\/post"}],"author":[{"embeddable":true,"href":"https:\/\/newsinfoco.com.br\/inicio\/wp-json\/wp\/v2\/users\/1"}],"replies":[{"embeddable":true,"href":"https:\/\/newsinfoco.com.br\/inicio\/wp-json\/wp\/v2\/comments?post=10879"}],"version-history":[{"count":0,"href":"https:\/\/newsinfoco.com.br\/inicio\/wp-json\/wp\/v2\/posts\/10879\/revisions"}],"wp:featuredmedia":[{"embeddable":true,"href":"https:\/\/newsinfoco.com.br\/inicio\/wp-json\/wp\/v2\/media\/10880"}],"wp:attachment":[{"href":"https:\/\/newsinfoco.com.br\/inicio\/wp-json\/wp\/v2\/media?parent=10879"}],"wp:term":[{"taxonomy":"category","embeddable":true,"href":"https:\/\/newsinfoco.com.br\/inicio\/wp-json\/wp\/v2\/categories?post=10879"},{"taxonomy":"post_tag","embeddable":true,"href":"https:\/\/newsinfoco.com.br\/inicio\/wp-json\/wp\/v2\/tags?post=10879"}],"curies":[{"name":"wp","href":"https:\/\/api.w.org\/{rel}","templated":true}]}}