{"id":10882,"date":"2018-10-25T22:10:29","date_gmt":"2018-10-26T00:10:29","guid":{"rendered":"http:\/\/newsinfoco.com.br\/?p=10882"},"modified":"2018-10-25T22:10:29","modified_gmt":"2018-10-26T00:10:29","slug":"al-ba-aprova-criacao-do-dia-estadual-de-enfrentamento-a-violencia-contra-a-mulher","status":"publish","type":"post","link":"https:\/\/newsinfoco.com.br\/inicio\/al-ba-aprova-criacao-do-dia-estadual-de-enfrentamento-a-violencia-contra-a-mulher\/","title":{"rendered":"AL-BA aprova cria\u00e7\u00e3o do Dia Estadual de Enfrentamento \u00e0 Viol\u00eancia Contra a Mulher"},"content":{"rendered":"<div class=\"text-descricao\">\n<p style=\"text-align: justify;\">A Assembleia \u00a0Legislativa da Bahia (AL-BA) aprovou um projeto de lei apresentado pela deputada Mirela Macedo (PSD) que institui o dia 13 de novembro como o Dia Estadual de Enfrentamento \u00e0 Viol\u00eancia Contra a Mulher no estado. O projeto foi aprovado por unanimidade pelo plen\u00e1rio da Casa Legislativa na \u00faltima ter\u00e7a-feira (23) e agora segue para san\u00e7\u00e3o do governador Rui Costa (PT).<\/p>\n<p style=\"text-align: justify;\">A nova data criada para o calend\u00e1rio baiano prev\u00ea promo\u00e7\u00e3o de eventos e atividades educacionais e culturais que ter\u00e3o por tema o combate a todo tipo de viol\u00eancia contra a mulher.<\/p><div class=\"newsi-conteudo_19\" id=\"newsi-115104619\"><a href=\"https:\/\/www.instagram.com\/prefeituraalagoinhas?igsh=YzgzdDJ1bWR3aWI4\" aria-label=\"SAVE_20251006_221555\"><img loading=\"lazy\" decoding=\"async\" src=\"https:\/\/newsinfoco.com.br\/inicio\/wp-content\/uploads\/2025\/10\/SAVE_20251006_221555-rotated.jpg\" alt=\"\"  srcset=\"https:\/\/newsinfoco.com.br\/inicio\/wp-content\/uploads\/2025\/10\/SAVE_20251006_221555-rotated.jpg 1140w, https:\/\/newsinfoco.com.br\/inicio\/wp-content\/uploads\/2025\/10\/SAVE_20251006_221555-300x52.jpg 300w, https:\/\/newsinfoco.com.br\/inicio\/wp-content\/uploads\/2025\/10\/SAVE_20251006_221555-1024x177.jpg 1024w, https:\/\/newsinfoco.com.br\/inicio\/wp-content\/uploads\/2025\/10\/SAVE_20251006_221555-768x133.jpg 768w, https:\/\/newsinfoco.com.br\/inicio\/wp-content\/uploads\/2025\/10\/SAVE_20251006_221555-600x104.jpg 600w, https:\/\/newsinfoco.com.br\/inicio\/wp-content\/uploads\/2025\/10\/SAVE_20251006_221555-696x120.jpg 696w, https:\/\/newsinfoco.com.br\/inicio\/wp-content\/uploads\/2025\/10\/SAVE_20251006_221555-1068x185.jpg 1068w\" sizes=\"(max-width: 1140px) 100vw, 1140px\" width=\"1140\" height=\"197\"   \/><\/a><\/div>\n<p style=\"text-align: justify;\">\u201cO Poder P\u00fablico deve assumir a miss\u00e3o de orientar, de informar e de acolher as mulheres, v\u00edtimas ou n\u00e3o de quaisquer agress\u00e3o. Portanto, \u00e9 de suma import\u00e2ncia a exist\u00eancia\u00a0de pol\u00edticas\u00a0p\u00fablicas que sirvam de apoio\u00a0\u00e0s mulheres\u201d, explicou Mirela Macedo, deputada respons\u00e1vel pelo texto.<\/p>\n<p style=\"text-align: justify;\">No hist\u00f3rico de projetos aprovados em defesa da mulher, a Assembleia Legislativa da Bahia j\u00e1 transformou em lei o texto da deputada Ivana Bastos (PSD) que impede que \u00a0condenados por crimes de feminic\u00eddio ou contra mulheres em situa\u00e7\u00e3o de viol\u00eancia \u00a0dom\u00e9stica e familiar sejam admitidos em cargos p\u00fablicos.<\/p>\n<p style=\"text-align: justify;\">De acordo com o Di\u00e1rio Oficial da Institui\u00e7\u00e3o, a AL-BA aprovou tamb\u00e9m outro projeto de Mirela, obrigando servi\u00e7os m\u00e9dicos de urg\u00eancia e emerg\u00eancia a informarem \u00e0 delegacia especializada o atendimento de mulheres sob suspeita de viol\u00eancia dom\u00e9stica.<\/p>\n<\/div>\n<div class='share-to-whatsapp-wrapper'><div class='share-on-whsp'>Share on: <\/div><a data-text='AL-BA aprova cria\u00e7\u00e3o do Dia Estadual de Enfrentamento \u00e0 Viol\u00eancia Contra a Mulher' data-link='https:\/\/newsinfoco.com.br\/inicio\/al-ba-aprova-criacao-do-dia-estadual-de-enfrentamento-a-violencia-contra-a-mulher\/' class='whatsapp-button whatsapp-share'>WhatsApp<\/a><div class='clear '><\/div><\/div>","protected":false},"excerpt":{"rendered":"<p>A Assembleia \u00a0Legislativa da Bahia (AL-BA) aprovou um projeto de lei apresentado pela deputada Mirela Macedo (PSD) que institui o dia 13 de novembro como o Dia Estadual de Enfrentamento \u00e0 Viol\u00eancia Contra a Mulher no estado. O projeto foi aprovado por unanimidade pelo plen\u00e1rio da Casa Legislativa na \u00faltima ter\u00e7a-feira (23) e agora segue [&hellip;]<\/p>\n","protected":false},"author":1,"featured_media":10538,"comment_status":"open","ping_status":"open","sticky":false,"template":"","format":"standard","meta":{"om_disable_all_campaigns":false,"_exactmetrics_skip_tracking":false,"_exactmetrics_sitenote_active":false,"_exactmetrics_sitenote_note":"","_exactmetrics_sitenote_category":0,"footnotes":""},"categories":[19],"tags":[],"class_list":["post-10882","post","type-post","status-publish","format-standard","has-post-thumbnail","hentry","category-bahia"],"aioseo_notices":[],"_links":{"self":[{"href":"https:\/\/newsinfoco.com.br\/inicio\/wp-json\/wp\/v2\/posts\/10882","targetHints":{"allow":["GET"]}}],"collection":[{"href":"https:\/\/newsinfoco.com.br\/inicio\/wp-json\/wp\/v2\/posts"}],"about":[{"href":"https:\/\/newsinfoco.com.br\/inicio\/wp-json\/wp\/v2\/types\/post"}],"author":[{"embeddable":true,"href":"https:\/\/newsinfoco.com.br\/inicio\/wp-json\/wp\/v2\/users\/1"}],"replies":[{"embeddable":true,"href":"https:\/\/newsinfoco.com.br\/inicio\/wp-json\/wp\/v2\/comments?post=10882"}],"version-history":[{"count":0,"href":"https:\/\/newsinfoco.com.br\/inicio\/wp-json\/wp\/v2\/posts\/10882\/revisions"}],"wp:featuredmedia":[{"embeddable":true,"href":"https:\/\/newsinfoco.com.br\/inicio\/wp-json\/wp\/v2\/media\/10538"}],"wp:attachment":[{"href":"https:\/\/newsinfoco.com.br\/inicio\/wp-json\/wp\/v2\/media?parent=10882"}],"wp:term":[{"taxonomy":"category","embeddable":true,"href":"https:\/\/newsinfoco.com.br\/inicio\/wp-json\/wp\/v2\/categories?post=10882"},{"taxonomy":"post_tag","embeddable":true,"href":"https:\/\/newsinfoco.com.br\/inicio\/wp-json\/wp\/v2\/tags?post=10882"}],"curies":[{"name":"wp","href":"https:\/\/api.w.org\/{rel}","templated":true}]}}