{"id":10884,"date":"2018-10-25T22:12:07","date_gmt":"2018-10-26T00:12:07","guid":{"rendered":"http:\/\/newsinfoco.com.br\/?p=10884"},"modified":"2018-10-25T22:12:07","modified_gmt":"2018-10-26T00:12:07","slug":"oab-ba-e-tre-firmam-acordo-para-permitir-voto-de-presos-provisorios-no-domingo","status":"publish","type":"post","link":"https:\/\/newsinfoco.com.br\/inicio\/oab-ba-e-tre-firmam-acordo-para-permitir-voto-de-presos-provisorios-no-domingo\/","title":{"rendered":"OAB-BA e TRE firmam acordo para permitir voto de presos provis\u00f3rios no domingo"},"content":{"rendered":"<div class=\"text-descricao\">\n<p style=\"text-align: justify;\">A Ordem dos Advogados Brasil da Brasil (OAB-BA) firmou um termo de coopera\u00e7\u00e3o com o Tribunal Regional Eleitoral (TRE-BA) para garantir que os presos provis\u00f3rios e adolescentes internados em estabelecimentos no estado possam votar no pr\u00f3ximo domingo. O documento foi assinado pelo presidente da Seccional, Luiz Viana Queiroz, e o presidente do TRE-BA, o desembargador Jos\u00e9 Edivaldo Rocha Rotondano, na ter\u00e7a-feira (23).<\/p>\n<p style=\"text-align: justify;\">O acordo entre os dois \u00f3rg\u00e3os visa garantir o direito daqueles que encontram-se detidos e, com isso, afirmar os valores da democracia. Segundo o temo de coopera\u00e7\u00e3o, cabe a OAB-BA, dentre outras fun\u00e7\u00f5es, exercer todos os atos constitucionalmente garantidos visando resguardar os direitos dos presos provis\u00f3rios e adolescentes submetidos \u00e0s medidas socioeducativas. A OAB tamb\u00e9m indicar\u00e1 nas unidades prisionais daquelas subse\u00e7\u00f5es, os membros volunt\u00e1rios da Comiss\u00e3o de Direitos Humanos que voluntariamente se habilitem a participar das elei\u00e7\u00f5es como mes\u00e1rios oficiais do pleito.<\/p><div class=\"newsi-conteudo_19\" id=\"newsi-3454171096\"><a href=\"https:\/\/www.instagram.com\/prefeituraalagoinhas?igsh=YzgzdDJ1bWR3aWI4\" aria-label=\"SAVE_20251006_221555\"><img loading=\"lazy\" decoding=\"async\" src=\"https:\/\/newsinfoco.com.br\/inicio\/wp-content\/uploads\/2025\/10\/SAVE_20251006_221555-rotated.jpg\" alt=\"\"  srcset=\"https:\/\/newsinfoco.com.br\/inicio\/wp-content\/uploads\/2025\/10\/SAVE_20251006_221555-rotated.jpg 1140w, https:\/\/newsinfoco.com.br\/inicio\/wp-content\/uploads\/2025\/10\/SAVE_20251006_221555-300x52.jpg 300w, https:\/\/newsinfoco.com.br\/inicio\/wp-content\/uploads\/2025\/10\/SAVE_20251006_221555-1024x177.jpg 1024w, https:\/\/newsinfoco.com.br\/inicio\/wp-content\/uploads\/2025\/10\/SAVE_20251006_221555-768x133.jpg 768w, https:\/\/newsinfoco.com.br\/inicio\/wp-content\/uploads\/2025\/10\/SAVE_20251006_221555-600x104.jpg 600w, https:\/\/newsinfoco.com.br\/inicio\/wp-content\/uploads\/2025\/10\/SAVE_20251006_221555-696x120.jpg 696w, https:\/\/newsinfoco.com.br\/inicio\/wp-content\/uploads\/2025\/10\/SAVE_20251006_221555-1068x185.jpg 1068w\" sizes=\"(max-width: 1140px) 100vw, 1140px\" width=\"1140\" height=\"197\"   \/><\/a><\/div>\n<p style=\"text-align: justify;\">J\u00e1 o TRE-BA, dentre outras medidas, se comprometeu em fornecer as urnas eletr\u00f4nicas e o material necess\u00e1rio, inclusive a listagem dos candidatos, para a instala\u00e7\u00e3o das se\u00e7\u00f5es eleitorais especiais nos estabelecimentos penais e unidades de interna\u00e7\u00e3o de adolescentes.<\/p>\n<\/div>\n<div class='share-to-whatsapp-wrapper'><div class='share-on-whsp'>Share on: <\/div><a data-text='OAB-BA e TRE firmam acordo para permitir voto de presos provis\u00f3rios no domingo' data-link='https:\/\/newsinfoco.com.br\/inicio\/oab-ba-e-tre-firmam-acordo-para-permitir-voto-de-presos-provisorios-no-domingo\/' class='whatsapp-button whatsapp-share'>WhatsApp<\/a><div class='clear '><\/div><\/div>","protected":false},"excerpt":{"rendered":"<p>A Ordem dos Advogados Brasil da Brasil (OAB-BA) firmou um termo de coopera\u00e7\u00e3o com o Tribunal Regional Eleitoral (TRE-BA) para garantir que os presos provis\u00f3rios e adolescentes internados em estabelecimentos no estado possam votar no pr\u00f3ximo domingo. O documento foi assinado pelo presidente da Seccional, Luiz Viana Queiroz, e o presidente do TRE-BA, o desembargador [&hellip;]<\/p>\n","protected":false},"author":1,"featured_media":8082,"comment_status":"open","ping_status":"open","sticky":false,"template":"","format":"standard","meta":{"om_disable_all_campaigns":false,"_exactmetrics_skip_tracking":false,"_exactmetrics_sitenote_active":false,"_exactmetrics_sitenote_note":"","_exactmetrics_sitenote_category":0,"footnotes":""},"categories":[19],"tags":[],"class_list":["post-10884","post","type-post","status-publish","format-standard","has-post-thumbnail","hentry","category-bahia"],"aioseo_notices":[],"_links":{"self":[{"href":"https:\/\/newsinfoco.com.br\/inicio\/wp-json\/wp\/v2\/posts\/10884","targetHints":{"allow":["GET"]}}],"collection":[{"href":"https:\/\/newsinfoco.com.br\/inicio\/wp-json\/wp\/v2\/posts"}],"about":[{"href":"https:\/\/newsinfoco.com.br\/inicio\/wp-json\/wp\/v2\/types\/post"}],"author":[{"embeddable":true,"href":"https:\/\/newsinfoco.com.br\/inicio\/wp-json\/wp\/v2\/users\/1"}],"replies":[{"embeddable":true,"href":"https:\/\/newsinfoco.com.br\/inicio\/wp-json\/wp\/v2\/comments?post=10884"}],"version-history":[{"count":0,"href":"https:\/\/newsinfoco.com.br\/inicio\/wp-json\/wp\/v2\/posts\/10884\/revisions"}],"wp:featuredmedia":[{"embeddable":true,"href":"https:\/\/newsinfoco.com.br\/inicio\/wp-json\/wp\/v2\/media\/8082"}],"wp:attachment":[{"href":"https:\/\/newsinfoco.com.br\/inicio\/wp-json\/wp\/v2\/media?parent=10884"}],"wp:term":[{"taxonomy":"category","embeddable":true,"href":"https:\/\/newsinfoco.com.br\/inicio\/wp-json\/wp\/v2\/categories?post=10884"},{"taxonomy":"post_tag","embeddable":true,"href":"https:\/\/newsinfoco.com.br\/inicio\/wp-json\/wp\/v2\/tags?post=10884"}],"curies":[{"name":"wp","href":"https:\/\/api.w.org\/{rel}","templated":true}]}}