{"id":10892,"date":"2018-10-26T22:39:57","date_gmt":"2018-10-27T00:39:57","guid":{"rendered":"http:\/\/newsinfoco.com.br\/?p=10892"},"modified":"2018-10-26T22:41:22","modified_gmt":"2018-10-27T00:41:22","slug":"prefeitura-de-aramari-acusa-o-vereador-netinho-de-mentir-sobre-situacao-do-servico-municipal-de-saude","status":"publish","type":"post","link":"https:\/\/newsinfoco.com.br\/inicio\/prefeitura-de-aramari-acusa-o-vereador-netinho-de-mentir-sobre-situacao-do-servico-municipal-de-saude\/","title":{"rendered":"Prefeitura de Aramari acusa o vereador Netinho de mentir sobre situa\u00e7\u00e3o do servi\u00e7o municipal de sa\u00fade"},"content":{"rendered":"<p style=\"text-align: justify;\">A prefeitura de Aramari, por meio de nota, negou haver problemas no sistema de sa\u00fade municipal. Para a secretaria municipal de sa\u00fade, Al\u00e9ssia Rocha, as criticas de moradores da cidade com rela\u00e7\u00e3o ao fim da presta\u00e7\u00e3o de servi\u00e7os de especialidades m\u00e9dicas no munic\u00edpio surgiram devido a uma &#8220;confus\u00e3o produzida pela maldade do vereador NETINHO da oposi\u00e7\u00e3o&#8221;.<\/p>\n<p>Ela ainda acusa o vereador oposicionista de &#8220;dificultar a vida da popula\u00e7\u00e3o com informa\u00e7\u00e3o falsa e mentirosa em rela\u00e7\u00e3o aos servi\u00e7os, ap\u00f3s o remanejamento e reagendamento de consultas para rede de aten\u00e7\u00e3o pactuada&#8221;.<\/p><div class=\"newsi-conteudo_19\" id=\"newsi-181565478\"><a href=\"https:\/\/www.instagram.com\/prefeituraalagoinhas?igsh=YzgzdDJ1bWR3aWI4\" aria-label=\"SAVE_20251006_221555\"><img loading=\"lazy\" decoding=\"async\" src=\"https:\/\/newsinfoco.com.br\/inicio\/wp-content\/uploads\/2025\/10\/SAVE_20251006_221555-rotated.jpg\" alt=\"\"  srcset=\"https:\/\/newsinfoco.com.br\/inicio\/wp-content\/uploads\/2025\/10\/SAVE_20251006_221555-rotated.jpg 1140w, https:\/\/newsinfoco.com.br\/inicio\/wp-content\/uploads\/2025\/10\/SAVE_20251006_221555-300x52.jpg 300w, https:\/\/newsinfoco.com.br\/inicio\/wp-content\/uploads\/2025\/10\/SAVE_20251006_221555-1024x177.jpg 1024w, https:\/\/newsinfoco.com.br\/inicio\/wp-content\/uploads\/2025\/10\/SAVE_20251006_221555-768x133.jpg 768w, https:\/\/newsinfoco.com.br\/inicio\/wp-content\/uploads\/2025\/10\/SAVE_20251006_221555-600x104.jpg 600w, https:\/\/newsinfoco.com.br\/inicio\/wp-content\/uploads\/2025\/10\/SAVE_20251006_221555-696x120.jpg 696w, https:\/\/newsinfoco.com.br\/inicio\/wp-content\/uploads\/2025\/10\/SAVE_20251006_221555-1068x185.jpg 1068w\" sizes=\"(max-width: 1140px) 100vw, 1140px\" width=\"1140\" height=\"197\"   \/><\/a><\/div>\n<p style=\"text-align: justify;\">Veja na \u00edntegra a nota enviada pela prefeitura de Aramari ao site News Infoco:<\/p>\n<p style=\"text-align: justify;\"><strong><em>Cumprindo todo planejamento e programa\u00e7\u00e3o administrativa, financeira, das a\u00e7\u00f5es, dos servi\u00e7os e dos programas municipais da Sa\u00fade Publica de Aramari para o ano de 2018, a Secret\u00e1ria de Sa\u00fade, Al\u00e9ssia Rocha, buscando sempre uma ampla e correta informa\u00e7\u00e3o \u00e0 toda popula\u00e7\u00e3o, vem esclarecer que todo sistema de sa\u00fade de Aramari est\u00e1 em pleno e normal funcionamento e aten\u00e7\u00e3o a popula\u00e7\u00e3o, incluindo exames e consultas com especialistas e toda rede de PSF&#8217;s, atendimentos m\u00e9dicos e seus servi\u00e7os.<\/em><\/strong><\/p>\n<p style=\"text-align: justify;\"><strong><em>A secretaria afirma que houve uma &#8220;confus\u00e3o produzida pela maldade do vereador NETINHO da oposi\u00e7\u00e3o, que com inten\u00e7\u00e3o clara de bagun\u00e7ar e dificultar a vida da popula\u00e7\u00e3o com informa\u00e7\u00e3o falsa e mentirosa em rela\u00e7\u00e3o aos servi\u00e7os, ap\u00f3s o remanejamento e reagendamento de consultas para rede de aten\u00e7\u00e3o pactuada, conveniada e consorciada com a prefeitura de Aramari, na regi\u00e3o e na capital, a exemplo da Policlinica Regional e da rede estadual.&#8221;<\/em><\/strong><\/p>\n<p style=\"text-align: justify;\"><strong><em>A secretaria diz que &#8221; A Policlinica tem trazido grande avan\u00e7o nas especialidades para nossa popula\u00e7\u00e3o, tem evolu\u00eddo bastante e ajudado a melhorar e garanti essa aten\u00e7\u00e3o, agradecemos muito a dedica\u00e7\u00e3o do Prefeito Fidel nesse importante cons\u00f3rcio, assim como, a fundamental atua\u00e7\u00e3o dos vereadores Arilson Suemar, Toinho de Juli\u00e3o, Abreu de D. Gilda, Toinho Marques e Rone Cardoso que deram voto na C\u00e2mara a favor da Saude de Aramari, a favor da popula\u00e7\u00e3o e favor da Policlinica pra garanti todos esses servi\u00e7os.<\/em><\/strong><\/p>\n<p style=\"text-align: justify;\"><strong><em>Completou a secretaria: &#8220;o vereador NETINHO deveria ajudar a Saude de Aramari informando corretamente o povo e se desculpando por ter sido CONTRA a Policlinica e n\u00e3o ter votado a favor desse grande projeto.&#8221;<\/em><\/strong><\/p>\n<h6 style=\"text-align: right;\"><span style=\"color: #999999;\">Por Caio Pimenta para o News Infoco<\/span><\/h6>\n<div class='share-to-whatsapp-wrapper'><div class='share-on-whsp'>Share on: <\/div><a data-text='Prefeitura de Aramari acusa o vereador Netinho de mentir sobre situa\u00e7\u00e3o do servi\u00e7o municipal de sa\u00fade' data-link='https:\/\/newsinfoco.com.br\/inicio\/prefeitura-de-aramari-acusa-o-vereador-netinho-de-mentir-sobre-situacao-do-servico-municipal-de-saude\/' class='whatsapp-button whatsapp-share'>WhatsApp<\/a><div class='clear '><\/div><\/div>","protected":false},"excerpt":{"rendered":"<p>A prefeitura de Aramari, por meio de nota, negou haver problemas no sistema de sa\u00fade municipal. Para a secretaria municipal de sa\u00fade, Al\u00e9ssia Rocha, as criticas de moradores da cidade com rela\u00e7\u00e3o ao fim da presta\u00e7\u00e3o de servi\u00e7os de especialidades m\u00e9dicas no munic\u00edpio surgiram devido a uma &#8220;confus\u00e3o produzida pela maldade do vereador NETINHO da [&hellip;]<\/p>\n","protected":false},"author":1,"featured_media":10893,"comment_status":"open","ping_status":"open","sticky":false,"template":"","format":"standard","meta":{"om_disable_all_campaigns":false,"_exactmetrics_skip_tracking":false,"_exactmetrics_sitenote_active":false,"_exactmetrics_sitenote_note":"","_exactmetrics_sitenote_category":0,"footnotes":""},"categories":[38,30],"tags":[],"class_list":["post-10892","post","type-post","status-publish","format-standard","has-post-thumbnail","hentry","category-alagoinhas-e-regiao","category-destaque"],"aioseo_notices":[],"_links":{"self":[{"href":"https:\/\/newsinfoco.com.br\/inicio\/wp-json\/wp\/v2\/posts\/10892","targetHints":{"allow":["GET"]}}],"collection":[{"href":"https:\/\/newsinfoco.com.br\/inicio\/wp-json\/wp\/v2\/posts"}],"about":[{"href":"https:\/\/newsinfoco.com.br\/inicio\/wp-json\/wp\/v2\/types\/post"}],"author":[{"embeddable":true,"href":"https:\/\/newsinfoco.com.br\/inicio\/wp-json\/wp\/v2\/users\/1"}],"replies":[{"embeddable":true,"href":"https:\/\/newsinfoco.com.br\/inicio\/wp-json\/wp\/v2\/comments?post=10892"}],"version-history":[{"count":0,"href":"https:\/\/newsinfoco.com.br\/inicio\/wp-json\/wp\/v2\/posts\/10892\/revisions"}],"wp:featuredmedia":[{"embeddable":true,"href":"https:\/\/newsinfoco.com.br\/inicio\/wp-json\/wp\/v2\/media\/10893"}],"wp:attachment":[{"href":"https:\/\/newsinfoco.com.br\/inicio\/wp-json\/wp\/v2\/media?parent=10892"}],"wp:term":[{"taxonomy":"category","embeddable":true,"href":"https:\/\/newsinfoco.com.br\/inicio\/wp-json\/wp\/v2\/categories?post=10892"},{"taxonomy":"post_tag","embeddable":true,"href":"https:\/\/newsinfoco.com.br\/inicio\/wp-json\/wp\/v2\/tags?post=10892"}],"curies":[{"name":"wp","href":"https:\/\/api.w.org\/{rel}","templated":true}]}}