{"id":10897,"date":"2018-10-27T17:45:19","date_gmt":"2018-10-27T19:45:19","guid":{"rendered":"http:\/\/newsinfoco.com.br\/?p=10897"},"modified":"2018-10-27T17:45:19","modified_gmt":"2018-10-27T19:45:19","slug":"no-twitter-bolsonaro-defende-propriedade-privada-e-obediencia-a-constituicao","status":"publish","type":"post","link":"https:\/\/newsinfoco.com.br\/inicio\/no-twitter-bolsonaro-defende-propriedade-privada-e-obediencia-a-constituicao\/","title":{"rendered":"No Twitter, Bolsonaro defende propriedade privada e \u2018obedi\u00eancia \u00e0 Constitui\u00e7\u00e3o\u2019"},"content":{"rendered":"<p style=\"text-align: justify;\">Em uma sequ\u00eancia de tr\u00eas posts publicados no Twitter na manh\u00e3 deste s\u00e1bado, 27, um deles contendo uma foto em fam\u00edlia, o candidato \u00e0 Presid\u00eancia Jair Bolsonaro (PSL) defende o direito \u00e0 propriedade privada e a \u201cobedi\u00eancia \u00e0 Constitui\u00e7\u00e3o\u201d.<\/p>\n<p style=\"text-align: justify;\">\u201cA forma de mudarmos o Brasil ser\u00e1 atrav\u00e9s da defesa das leis e da obedi\u00eancia \u00e0 Constitui\u00e7\u00e3o, Assim, NOVAMENTE, ressaltamos que faremos tudo na forma da Lei! Qualquer forma de diferencia\u00e7\u00e3o entre os brasileiros n\u00e3o pode ser admitida. Todo cidad\u00e3o ter\u00e1 seus direitos preservados\u201d, afirmou.<\/p><div class=\"newsi-conteudo_19\" id=\"newsi-970014071\"><a href=\"https:\/\/www.instagram.com\/prefeituraalagoinhas?igsh=YzgzdDJ1bWR3aWI4\" aria-label=\"SAVE_20251006_221555\"><img loading=\"lazy\" decoding=\"async\" src=\"https:\/\/newsinfoco.com.br\/inicio\/wp-content\/uploads\/2025\/10\/SAVE_20251006_221555-rotated.jpg\" alt=\"\"  srcset=\"https:\/\/newsinfoco.com.br\/inicio\/wp-content\/uploads\/2025\/10\/SAVE_20251006_221555-rotated.jpg 1140w, https:\/\/newsinfoco.com.br\/inicio\/wp-content\/uploads\/2025\/10\/SAVE_20251006_221555-300x52.jpg 300w, https:\/\/newsinfoco.com.br\/inicio\/wp-content\/uploads\/2025\/10\/SAVE_20251006_221555-1024x177.jpg 1024w, https:\/\/newsinfoco.com.br\/inicio\/wp-content\/uploads\/2025\/10\/SAVE_20251006_221555-768x133.jpg 768w, https:\/\/newsinfoco.com.br\/inicio\/wp-content\/uploads\/2025\/10\/SAVE_20251006_221555-600x104.jpg 600w, https:\/\/newsinfoco.com.br\/inicio\/wp-content\/uploads\/2025\/10\/SAVE_20251006_221555-696x120.jpg 696w, https:\/\/newsinfoco.com.br\/inicio\/wp-content\/uploads\/2025\/10\/SAVE_20251006_221555-1068x185.jpg 1068w\" sizes=\"(max-width: 1140px) 100vw, 1140px\" width=\"1140\" height=\"197\"   \/><\/a><\/div>\n<p style=\"text-align: justify;\">Sobre propriedade privada, Bolsonaro argumentou que este \u00e9 o nome dado aos \u201cfrutos materiais\u201d de nossas escolhas, \u201cquando gerados de forma honesta em uma economia de livre iniciativa\u201d. \u201cSeu celular, sua terra s\u00e3o os frutos de seu trabalho e de suas escolhas! S\u00e3o sagrados e n\u00e3o podem ser roubados, invadidos, expropriados!\u201d.<\/p>\n<h6 style=\"text-align: right;\"><span style=\"color: #999999;\">Estad\u00e3o<\/span><\/h6>\n<div class='share-to-whatsapp-wrapper'><div class='share-on-whsp'>Share on: <\/div><a data-text='No Twitter, Bolsonaro defende propriedade privada e \u2018obedi\u00eancia \u00e0 Constitui\u00e7\u00e3o\u2019' data-link='https:\/\/newsinfoco.com.br\/inicio\/no-twitter-bolsonaro-defende-propriedade-privada-e-obediencia-a-constituicao\/' class='whatsapp-button whatsapp-share'>WhatsApp<\/a><div class='clear '><\/div><\/div>","protected":false},"excerpt":{"rendered":"<p>Em uma sequ\u00eancia de tr\u00eas posts publicados no Twitter na manh\u00e3 deste s\u00e1bado, 27, um deles contendo uma foto em fam\u00edlia, o candidato \u00e0 Presid\u00eancia Jair Bolsonaro (PSL) defende o direito \u00e0 propriedade privada e a \u201cobedi\u00eancia \u00e0 Constitui\u00e7\u00e3o\u201d. \u201cA forma de mudarmos o Brasil ser\u00e1 atrav\u00e9s da defesa das leis e da obedi\u00eancia \u00e0 [&hellip;]<\/p>\n","protected":false},"author":1,"featured_media":10898,"comment_status":"open","ping_status":"open","sticky":false,"template":"","format":"standard","meta":{"om_disable_all_campaigns":false,"_exactmetrics_skip_tracking":false,"_exactmetrics_sitenote_active":false,"_exactmetrics_sitenote_note":"","_exactmetrics_sitenote_category":0,"footnotes":""},"categories":[21],"tags":[],"class_list":["post-10897","post","type-post","status-publish","format-standard","has-post-thumbnail","hentry","category-brasil"],"aioseo_notices":[],"_links":{"self":[{"href":"https:\/\/newsinfoco.com.br\/inicio\/wp-json\/wp\/v2\/posts\/10897","targetHints":{"allow":["GET"]}}],"collection":[{"href":"https:\/\/newsinfoco.com.br\/inicio\/wp-json\/wp\/v2\/posts"}],"about":[{"href":"https:\/\/newsinfoco.com.br\/inicio\/wp-json\/wp\/v2\/types\/post"}],"author":[{"embeddable":true,"href":"https:\/\/newsinfoco.com.br\/inicio\/wp-json\/wp\/v2\/users\/1"}],"replies":[{"embeddable":true,"href":"https:\/\/newsinfoco.com.br\/inicio\/wp-json\/wp\/v2\/comments?post=10897"}],"version-history":[{"count":0,"href":"https:\/\/newsinfoco.com.br\/inicio\/wp-json\/wp\/v2\/posts\/10897\/revisions"}],"wp:featuredmedia":[{"embeddable":true,"href":"https:\/\/newsinfoco.com.br\/inicio\/wp-json\/wp\/v2\/media\/10898"}],"wp:attachment":[{"href":"https:\/\/newsinfoco.com.br\/inicio\/wp-json\/wp\/v2\/media?parent=10897"}],"wp:term":[{"taxonomy":"category","embeddable":true,"href":"https:\/\/newsinfoco.com.br\/inicio\/wp-json\/wp\/v2\/categories?post=10897"},{"taxonomy":"post_tag","embeddable":true,"href":"https:\/\/newsinfoco.com.br\/inicio\/wp-json\/wp\/v2\/tags?post=10897"}],"curies":[{"name":"wp","href":"https:\/\/api.w.org\/{rel}","templated":true}]}}