{"id":10903,"date":"2018-10-27T17:50:02","date_gmt":"2018-10-27T19:50:02","guid":{"rendered":"http:\/\/newsinfoco.com.br\/?p=10903"},"modified":"2018-10-27T17:50:02","modified_gmt":"2018-10-27T19:50:02","slug":"haddad-agradece-apoio-de-barbosa-e-lamenta-que-outros-nao-tenham-coragem-de-apoia-lo","status":"publish","type":"post","link":"https:\/\/newsinfoco.com.br\/inicio\/haddad-agradece-apoio-de-barbosa-e-lamenta-que-outros-nao-tenham-coragem-de-apoia-lo\/","title":{"rendered":"Haddad agradece apoio de Barbosa e lamenta que \u2018outros n\u00e3o tenham coragem\u2019 de apoi\u00e1-lo"},"content":{"rendered":"<p style=\"text-align: justify;\">Em seu \u00faltimo ato de campanha antes da elei\u00e7\u00e3o o candidato do PT \u00e0 Presid\u00eancia, Fernando Haddad, comemorou o apoio recebido do ex-ministro do Supremo Tribunal Federal (STF) Joaquim Barbosa. Sem citar nominalmente Ciro Gomes (PDT), Haddad lamentou que outros \u201cdemocratas\u201d n\u00e3o tenham tido a mesma \u201ccoragem\u201d.<\/p>\n<p style=\"text-align: justify;\">\u201cO apoio do Joaquim Barbosa \u00e9 muito significativo. Ele tem uma representa\u00e7\u00e3o muito forte e representa valores dos quais eu compartilho\u201d, disse Haddad antes de fazer uma caminhada pela favela de Heli\u00f3polis, em S\u00e3o Paulo.<\/p><div class=\"newsi-conteudo_19\" id=\"newsi-3217089817\"><a href=\"https:\/\/www.instagram.com\/prefeituraalagoinhas?igsh=YzgzdDJ1bWR3aWI4\" aria-label=\"SAVE_20251006_221555\"><img loading=\"lazy\" decoding=\"async\" src=\"https:\/\/newsinfoco.com.br\/inicio\/wp-content\/uploads\/2025\/10\/SAVE_20251006_221555-rotated.jpg\" alt=\"\"  srcset=\"https:\/\/newsinfoco.com.br\/inicio\/wp-content\/uploads\/2025\/10\/SAVE_20251006_221555-rotated.jpg 1140w, https:\/\/newsinfoco.com.br\/inicio\/wp-content\/uploads\/2025\/10\/SAVE_20251006_221555-300x52.jpg 300w, https:\/\/newsinfoco.com.br\/inicio\/wp-content\/uploads\/2025\/10\/SAVE_20251006_221555-1024x177.jpg 1024w, https:\/\/newsinfoco.com.br\/inicio\/wp-content\/uploads\/2025\/10\/SAVE_20251006_221555-768x133.jpg 768w, https:\/\/newsinfoco.com.br\/inicio\/wp-content\/uploads\/2025\/10\/SAVE_20251006_221555-600x104.jpg 600w, https:\/\/newsinfoco.com.br\/inicio\/wp-content\/uploads\/2025\/10\/SAVE_20251006_221555-696x120.jpg 696w, https:\/\/newsinfoco.com.br\/inicio\/wp-content\/uploads\/2025\/10\/SAVE_20251006_221555-1068x185.jpg 1068w\" sizes=\"(max-width: 1140px) 100vw, 1140px\" width=\"1140\" height=\"197\"   \/><\/a><\/div>\n<p style=\"text-align: justify;\">Barbosa foi o algoz de petistas como Jos\u00e9 Dirceu e Jos\u00e9 Geno\u00edno no julgamento do mensal\u00e3o. No in\u00edcio a campanha pelo segundo turno, Haddad visitou em Bras\u00edlia o ex ministro, que \u00e9 filiado ao PSB. O encontro alimentou rumores de que Barbosa poderia ser seu ministro da Justi\u00e7a.<\/p>\n<p style=\"text-align: justify;\">O petista enumerou nomes de outros partidos de quem recebeu apoio como o tucano Alberto Goldmann e Jarbas Vasconcelos (MDB). \u201cJ\u00e1 convidei todos os democratas a estarem comigo porque sinto que o (Jair) Bolsonaro \u00e9 um risco institucional. O que o Joaquim Barbosa falou \u00e9 o que todo mundo sabe e alguns tem medo de falar. Nem todo mundo tem coragem de admitir o risco que ele realmente representa para o pa\u00eds \u201c, afirmou.<\/p>\n<p style=\"text-align: justify;\">Questionado sobre Ciro, que chegou ontem da Europa mas se manteve calado, Haddad tentou evitar o assunto. \u201cQuero falar de quem fez manifesta\u00e7\u00e3o at\u00e9 sabado\u201d.<\/p>\n<h6 style=\"text-align: right;\"><span style=\"color: #999999;\">Estadao<\/span><\/h6>\n<div class='share-to-whatsapp-wrapper'><div class='share-on-whsp'>Share on: <\/div><a data-text='Haddad agradece apoio de Barbosa e lamenta que \u2018outros n\u00e3o tenham coragem\u2019 de apoi\u00e1-lo' data-link='https:\/\/newsinfoco.com.br\/inicio\/haddad-agradece-apoio-de-barbosa-e-lamenta-que-outros-nao-tenham-coragem-de-apoia-lo\/' class='whatsapp-button whatsapp-share'>WhatsApp<\/a><div class='clear '><\/div><\/div>","protected":false},"excerpt":{"rendered":"<p>Em seu \u00faltimo ato de campanha antes da elei\u00e7\u00e3o o candidato do PT \u00e0 Presid\u00eancia, Fernando Haddad, comemorou o apoio recebido do ex-ministro do Supremo Tribunal Federal (STF) Joaquim Barbosa. Sem citar nominalmente Ciro Gomes (PDT), Haddad lamentou que outros \u201cdemocratas\u201d n\u00e3o tenham tido a mesma \u201ccoragem\u201d. \u201cO apoio do Joaquim Barbosa \u00e9 muito significativo. [&hellip;]<\/p>\n","protected":false},"author":1,"featured_media":10904,"comment_status":"open","ping_status":"open","sticky":false,"template":"","format":"standard","meta":{"om_disable_all_campaigns":false,"_exactmetrics_skip_tracking":false,"_exactmetrics_sitenote_active":false,"_exactmetrics_sitenote_note":"","_exactmetrics_sitenote_category":0,"footnotes":""},"categories":[21],"tags":[],"class_list":["post-10903","post","type-post","status-publish","format-standard","has-post-thumbnail","hentry","category-brasil"],"aioseo_notices":[],"_links":{"self":[{"href":"https:\/\/newsinfoco.com.br\/inicio\/wp-json\/wp\/v2\/posts\/10903","targetHints":{"allow":["GET"]}}],"collection":[{"href":"https:\/\/newsinfoco.com.br\/inicio\/wp-json\/wp\/v2\/posts"}],"about":[{"href":"https:\/\/newsinfoco.com.br\/inicio\/wp-json\/wp\/v2\/types\/post"}],"author":[{"embeddable":true,"href":"https:\/\/newsinfoco.com.br\/inicio\/wp-json\/wp\/v2\/users\/1"}],"replies":[{"embeddable":true,"href":"https:\/\/newsinfoco.com.br\/inicio\/wp-json\/wp\/v2\/comments?post=10903"}],"version-history":[{"count":0,"href":"https:\/\/newsinfoco.com.br\/inicio\/wp-json\/wp\/v2\/posts\/10903\/revisions"}],"wp:featuredmedia":[{"embeddable":true,"href":"https:\/\/newsinfoco.com.br\/inicio\/wp-json\/wp\/v2\/media\/10904"}],"wp:attachment":[{"href":"https:\/\/newsinfoco.com.br\/inicio\/wp-json\/wp\/v2\/media?parent=10903"}],"wp:term":[{"taxonomy":"category","embeddable":true,"href":"https:\/\/newsinfoco.com.br\/inicio\/wp-json\/wp\/v2\/categories?post=10903"},{"taxonomy":"post_tag","embeddable":true,"href":"https:\/\/newsinfoco.com.br\/inicio\/wp-json\/wp\/v2\/tags?post=10903"}],"curies":[{"name":"wp","href":"https:\/\/api.w.org\/{rel}","templated":true}]}}