{"id":10906,"date":"2018-10-27T17:55:20","date_gmt":"2018-10-27T19:55:20","guid":{"rendered":"http:\/\/newsinfoco.com.br\/?p=10906"},"modified":"2018-10-27T17:55:20","modified_gmt":"2018-10-27T19:55:20","slug":"ciro-gomes-diz-que-nao-vai-se-posicionar-no-segundo-turno","status":"publish","type":"post","link":"https:\/\/newsinfoco.com.br\/inicio\/ciro-gomes-diz-que-nao-vai-se-posicionar-no-segundo-turno\/","title":{"rendered":"Ciro Gomes diz que n\u00e3o vai se posicionar no segundo turno"},"content":{"rendered":"<p style=\"text-align: justify;\">Apesar dos enf\u00e1ticos acenos do PT a Ciro Gomes por um apoio neste segundo turno, o candidato derrotado do PDT decidiu n\u00e3o se posicionar na disputa.<\/p>\n<p style=\"text-align: justify;\">Em um v\u00eddeo divulgado nas redes sociais neste s\u00e1bado, 27, Ciro disse que n\u00e3o vai se posicionar neste momento \u201cpor uma raz\u00e3o muito pr\u00e1tica\u201d que n\u00e3o revelou, mas que quer \u201cpreservar um caminho\u201d para que a popula\u00e7\u00e3o possa ter \u201cuma refer\u00eancia\u201d.<\/p><div class=\"newsi-conteudo_19\" id=\"newsi-1553317752\"><a href=\"https:\/\/www.instagram.com\/prefeituraalagoinhas?igsh=YzgzdDJ1bWR3aWI4\" aria-label=\"SAVE_20251006_221555\"><img loading=\"lazy\" decoding=\"async\" src=\"https:\/\/newsinfoco.com.br\/inicio\/wp-content\/uploads\/2025\/10\/SAVE_20251006_221555-rotated.jpg\" alt=\"\"  srcset=\"https:\/\/newsinfoco.com.br\/inicio\/wp-content\/uploads\/2025\/10\/SAVE_20251006_221555-rotated.jpg 1140w, https:\/\/newsinfoco.com.br\/inicio\/wp-content\/uploads\/2025\/10\/SAVE_20251006_221555-300x52.jpg 300w, https:\/\/newsinfoco.com.br\/inicio\/wp-content\/uploads\/2025\/10\/SAVE_20251006_221555-1024x177.jpg 1024w, https:\/\/newsinfoco.com.br\/inicio\/wp-content\/uploads\/2025\/10\/SAVE_20251006_221555-768x133.jpg 768w, https:\/\/newsinfoco.com.br\/inicio\/wp-content\/uploads\/2025\/10\/SAVE_20251006_221555-600x104.jpg 600w, https:\/\/newsinfoco.com.br\/inicio\/wp-content\/uploads\/2025\/10\/SAVE_20251006_221555-696x120.jpg 696w, https:\/\/newsinfoco.com.br\/inicio\/wp-content\/uploads\/2025\/10\/SAVE_20251006_221555-1068x185.jpg 1068w\" sizes=\"(max-width: 1140px) 100vw, 1140px\" width=\"1140\" height=\"197\"   \/><\/a><\/div>\n<p style=\"text-align: justify;\">\u201cMinha consci\u00eancia me aponta a necessidade de preservar um caminho em que a popula\u00e7\u00e3o brasileira possa ter amanh\u00e3 uma refer\u00eancia para enfrentar os dias terr\u00edveis que, imagino, est\u00e3o se aproximando\u201d, continuou o pedetista no v\u00eddeo de dois minutos, gravado em um apartamento.<\/p>\n<p style=\"text-align: justify;\">Na sexta-feira, o presidente do PDT, Carlos Luppi, disse ao jornal Estado de S. Paulo que Ciro gravaria um v\u00eddeo em apoio ao petista. Terceiro colocado no primeiro turno, Ciro Gomes viajou em seguida para a Europa e vinha sendo cortejado pela campanha do petista Fernando Haddad para integrar uma frente democr\u00e1tica contra Jair Bolsonaro (PSL) no segundo turno.<\/p>\n<p style=\"text-align: justify;\">Na sexta-feira, o ex-prefeito de S\u00e3o Paulo disse esperar uma \u201cdeclara\u00e7\u00e3o dura\u201d de Ciro, mas em apoio \u00e0 sua campanha.<\/p>\n<p style=\"text-align: justify;\">\u201cClaro que todo mundo preferia que eu, com meu estilo, tomasse um lado e participasse da campanha. Mas eu n\u00e3o quero fazer isso por uma raz\u00e3o muito pr\u00e1tica, que eu n\u00e3o quero dizer agora, porque se eu n\u00e3o posso ajudar, atrapalhar \u00e9 o que eu n\u00e3o quero\u201d, disse Ciro no v\u00eddeo.<\/p>\n<h6 style=\"text-align: right;\"><span style=\"color: #999999;\">Estad\u00e3o<\/span><\/h6>\n<div class='share-to-whatsapp-wrapper'><div class='share-on-whsp'>Share on: <\/div><a data-text='Ciro Gomes diz que n\u00e3o vai se posicionar no segundo turno' data-link='https:\/\/newsinfoco.com.br\/inicio\/ciro-gomes-diz-que-nao-vai-se-posicionar-no-segundo-turno\/' class='whatsapp-button whatsapp-share'>WhatsApp<\/a><div class='clear '><\/div><\/div>","protected":false},"excerpt":{"rendered":"<p>Apesar dos enf\u00e1ticos acenos do PT a Ciro Gomes por um apoio neste segundo turno, o candidato derrotado do PDT decidiu n\u00e3o se posicionar na disputa. Em um v\u00eddeo divulgado nas redes sociais neste s\u00e1bado, 27, Ciro disse que n\u00e3o vai se posicionar neste momento \u201cpor uma raz\u00e3o muito pr\u00e1tica\u201d que n\u00e3o revelou, mas que [&hellip;]<\/p>\n","protected":false},"author":1,"featured_media":10907,"comment_status":"open","ping_status":"open","sticky":false,"template":"","format":"standard","meta":{"om_disable_all_campaigns":false,"_exactmetrics_skip_tracking":false,"_exactmetrics_sitenote_active":false,"_exactmetrics_sitenote_note":"","_exactmetrics_sitenote_category":0,"footnotes":""},"categories":[21],"tags":[],"class_list":["post-10906","post","type-post","status-publish","format-standard","has-post-thumbnail","hentry","category-brasil"],"aioseo_notices":[],"_links":{"self":[{"href":"https:\/\/newsinfoco.com.br\/inicio\/wp-json\/wp\/v2\/posts\/10906","targetHints":{"allow":["GET"]}}],"collection":[{"href":"https:\/\/newsinfoco.com.br\/inicio\/wp-json\/wp\/v2\/posts"}],"about":[{"href":"https:\/\/newsinfoco.com.br\/inicio\/wp-json\/wp\/v2\/types\/post"}],"author":[{"embeddable":true,"href":"https:\/\/newsinfoco.com.br\/inicio\/wp-json\/wp\/v2\/users\/1"}],"replies":[{"embeddable":true,"href":"https:\/\/newsinfoco.com.br\/inicio\/wp-json\/wp\/v2\/comments?post=10906"}],"version-history":[{"count":0,"href":"https:\/\/newsinfoco.com.br\/inicio\/wp-json\/wp\/v2\/posts\/10906\/revisions"}],"wp:featuredmedia":[{"embeddable":true,"href":"https:\/\/newsinfoco.com.br\/inicio\/wp-json\/wp\/v2\/media\/10907"}],"wp:attachment":[{"href":"https:\/\/newsinfoco.com.br\/inicio\/wp-json\/wp\/v2\/media?parent=10906"}],"wp:term":[{"taxonomy":"category","embeddable":true,"href":"https:\/\/newsinfoco.com.br\/inicio\/wp-json\/wp\/v2\/categories?post=10906"},{"taxonomy":"post_tag","embeddable":true,"href":"https:\/\/newsinfoco.com.br\/inicio\/wp-json\/wp\/v2\/tags?post=10906"}],"curies":[{"name":"wp","href":"https:\/\/api.w.org\/{rel}","templated":true}]}}