{"id":1091,"date":"2018-03-12T21:53:54","date_gmt":"2018-03-13T00:53:54","guid":{"rendered":"http:\/\/newsinfoco.com.br\/?p=1091"},"modified":"2018-03-12T21:53:54","modified_gmt":"2018-03-13T00:53:54","slug":"prefeitura-de-alagoinhas-divulga-cronograma-de-atividades-do-cras-de-riacho-da-guia","status":"publish","type":"post","link":"https:\/\/newsinfoco.com.br\/inicio\/prefeitura-de-alagoinhas-divulga-cronograma-de-atividades-do-cras-de-riacho-da-guia\/","title":{"rendered":"Prefeitura de Alagoinhas divulga cronograma de atividades do CRAS de Riacho da Guia"},"content":{"rendered":"<p style=\"text-align: justify;\"><span style=\"color: #000000;\">A Prefeitura de Alagoinhas, por meio da Secretaria Municipal de Assist\u00eancia Social (SEMAS) divulga a programa\u00e7\u00e3o do m\u00eas de mar\u00e7o do Centro de Refer\u00eancia em Assist\u00eancia Social (CRAS) do Riacho da Guia com atividades voltadas para as crian\u00e7as, idosos e adolescentes. Os eventos come\u00e7aram nesta segunda-feira (12) e v\u00e3o at\u00e9 sexta-feira (16).<\/span><\/p>\n<p style=\"text-align: justify;\">\n<p style=\"text-align: justify;\"><span style=\"color: #000000;\"><strong>Confira a programa\u00e7\u00e3o CRAS Riacho da Guia:<\/strong><\/span><\/p>\n<p style=\"text-align: justify;\">\n<p style=\"text-align: justify;\"><span style=\"color: #000000;\"><strong>12\/03 \u2013<\/strong>\u00a0Manh\u00e3: Cine CRAS \u2013 Grupo Crian\u00e7as 06 a 09 anos. Filme: Opera\u00e7\u00e3o Big Hero.<\/span><\/p><div class=\"newsi-conteudo_19\" id=\"newsi-935860245\"><a href=\"https:\/\/www.instagram.com\/prefeituraalagoinhas?igsh=YzgzdDJ1bWR3aWI4\" aria-label=\"SAVE_20251006_221555\"><img loading=\"lazy\" decoding=\"async\" src=\"https:\/\/newsinfoco.com.br\/inicio\/wp-content\/uploads\/2025\/10\/SAVE_20251006_221555-rotated.jpg\" alt=\"\"  srcset=\"https:\/\/newsinfoco.com.br\/inicio\/wp-content\/uploads\/2025\/10\/SAVE_20251006_221555-rotated.jpg 1140w, https:\/\/newsinfoco.com.br\/inicio\/wp-content\/uploads\/2025\/10\/SAVE_20251006_221555-300x52.jpg 300w, https:\/\/newsinfoco.com.br\/inicio\/wp-content\/uploads\/2025\/10\/SAVE_20251006_221555-1024x177.jpg 1024w, https:\/\/newsinfoco.com.br\/inicio\/wp-content\/uploads\/2025\/10\/SAVE_20251006_221555-768x133.jpg 768w, https:\/\/newsinfoco.com.br\/inicio\/wp-content\/uploads\/2025\/10\/SAVE_20251006_221555-600x104.jpg 600w, https:\/\/newsinfoco.com.br\/inicio\/wp-content\/uploads\/2025\/10\/SAVE_20251006_221555-696x120.jpg 696w, https:\/\/newsinfoco.com.br\/inicio\/wp-content\/uploads\/2025\/10\/SAVE_20251006_221555-1068x185.jpg 1068w\" sizes=\"(max-width: 1140px) 100vw, 1140px\" width=\"1140\" height=\"197\"   \/><\/a><\/div>\n<p style=\"text-align: justify;\"><span style=\"color: #000000;\">Tarde: Oficina Violinos M\u00e1gicos e Canto Coral.<\/span><\/p>\n<p style=\"text-align: justify;\"><span style=\"color: #000000;\"><strong>13\/03 \u2013<\/strong>\u00a0Manh\u00e3: Grupo PAIF \u2013 Condicionalidades do PBF<\/span><\/p>\n<p style=\"text-align: justify;\"><span style=\"color: #000000;\">Tarde: I Encontro com os Orientadores Sociais da SEMAS.<\/span><\/p>\n<p style=\"text-align: justify;\">\n<p style=\"text-align: justify;\"><span style=\"color: #000000;\"><strong>14\/03 \u2013<\/strong>\u00a0Manh\u00e3: Cine CRAS \u2013 Grupo Crian\u00e7as 09 a 11 anos. Filme: Opera\u00e7\u00e3o Big Hero. Visitas Domiciliares.<\/span><\/p>\n<p style=\"text-align: justify;\"><span style=\"color: #000000;\">Tarde: SCFV Crian\u00e7as 09 a 11 anos \u2013 Ensaio para apresenta\u00e7\u00e3o.<\/span><\/p>\n<p style=\"text-align: justify;\"><span style=\"color: #000000;\">SCFV Crian\u00e7as 06 a 09 anos \u2013 Constru\u00e7\u00e3o de Maquete: A vida da mulher do campo.<\/span><\/p>\n<p style=\"text-align: justify;\">\n<p style=\"text-align: justify;\"><span style=\"color: #000000;\"><strong>15\/03 \u2013<\/strong>\u00a0Manh\u00e3 e Tarde: Cine CRAS\u00a0 Grupo Adolescentes 12 a 17 anos. Filme: Thor Ragnarok.<\/span><\/p>\n<p style=\"text-align: justify;\">\n<p style=\"text-align: justify;\"><span style=\"color: #000000;\"><strong>16\/03 \u2013<\/strong>\u00a0Tarde: Cine CRAS \u2013 Grupo Mulheres e Idosas. Filme: Minha M\u00e3e \u00e9 uma Pe\u00e7a.<\/span><\/p>\n<h6 style=\"text-align: right;\" align=\"right\"><span style=\"color: #999999;\">\u00a0fonte:SECOM,CRAS,SEMAS,Prefeitura<\/span><\/h6>\n<div class='share-to-whatsapp-wrapper'><div class='share-on-whsp'>Share on: <\/div><a data-text='Prefeitura de Alagoinhas divulga cronograma de atividades do CRAS de Riacho da Guia' data-link='https:\/\/newsinfoco.com.br\/inicio\/prefeitura-de-alagoinhas-divulga-cronograma-de-atividades-do-cras-de-riacho-da-guia\/' class='whatsapp-button whatsapp-share'>WhatsApp<\/a><div class='clear '><\/div><\/div>","protected":false},"excerpt":{"rendered":"<p>A Prefeitura de Alagoinhas, por meio da Secretaria Municipal de Assist\u00eancia Social (SEMAS) divulga a programa\u00e7\u00e3o do m\u00eas de mar\u00e7o do Centro de Refer\u00eancia em Assist\u00eancia Social (CRAS) do Riacho da Guia com atividades voltadas para as crian\u00e7as, idosos e adolescentes. Os eventos come\u00e7aram nesta segunda-feira (12) e v\u00e3o at\u00e9 sexta-feira (16). Confira a programa\u00e7\u00e3o [&hellip;]<\/p>\n","protected":false},"author":1,"featured_media":294,"comment_status":"open","ping_status":"open","sticky":false,"template":"","format":"standard","meta":{"om_disable_all_campaigns":false,"_exactmetrics_skip_tracking":false,"_exactmetrics_sitenote_active":false,"_exactmetrics_sitenote_note":"","_exactmetrics_sitenote_category":0,"footnotes":""},"categories":[38,30],"tags":[53,65,54,59],"class_list":["post-1091","post","type-post","status-publish","format-standard","has-post-thumbnail","hentry","category-alagoinhas-e-regiao","category-destaque","tag-alagoinhas","tag-cras","tag-prefeitura","tag-semas"],"aioseo_notices":[],"_links":{"self":[{"href":"https:\/\/newsinfoco.com.br\/inicio\/wp-json\/wp\/v2\/posts\/1091","targetHints":{"allow":["GET"]}}],"collection":[{"href":"https:\/\/newsinfoco.com.br\/inicio\/wp-json\/wp\/v2\/posts"}],"about":[{"href":"https:\/\/newsinfoco.com.br\/inicio\/wp-json\/wp\/v2\/types\/post"}],"author":[{"embeddable":true,"href":"https:\/\/newsinfoco.com.br\/inicio\/wp-json\/wp\/v2\/users\/1"}],"replies":[{"embeddable":true,"href":"https:\/\/newsinfoco.com.br\/inicio\/wp-json\/wp\/v2\/comments?post=1091"}],"version-history":[{"count":0,"href":"https:\/\/newsinfoco.com.br\/inicio\/wp-json\/wp\/v2\/posts\/1091\/revisions"}],"wp:featuredmedia":[{"embeddable":true,"href":"https:\/\/newsinfoco.com.br\/inicio\/wp-json\/wp\/v2\/media\/294"}],"wp:attachment":[{"href":"https:\/\/newsinfoco.com.br\/inicio\/wp-json\/wp\/v2\/media?parent=1091"}],"wp:term":[{"taxonomy":"category","embeddable":true,"href":"https:\/\/newsinfoco.com.br\/inicio\/wp-json\/wp\/v2\/categories?post=1091"},{"taxonomy":"post_tag","embeddable":true,"href":"https:\/\/newsinfoco.com.br\/inicio\/wp-json\/wp\/v2\/tags?post=1091"}],"curies":[{"name":"wp","href":"https:\/\/api.w.org\/{rel}","templated":true}]}}