{"id":10910,"date":"2018-10-27T19:17:50","date_gmt":"2018-10-27T21:17:50","guid":{"rendered":"http:\/\/newsinfoco.com.br\/?p=10910"},"modified":"2018-10-27T19:18:16","modified_gmt":"2018-10-27T21:18:16","slug":"apoiadores-de-bolsonaro-realizam-carreata-na-orla-de-salvador","status":"publish","type":"post","link":"https:\/\/newsinfoco.com.br\/inicio\/apoiadores-de-bolsonaro-realizam-carreata-na-orla-de-salvador\/","title":{"rendered":"Apoiadores de Bolsonaro realizam carreata na orla de Salvador"},"content":{"rendered":"<p style=\"text-align: justify;\">Apoiadores da candidatura de Jair Bolsonaro (PSL) \u00e0 Presid\u00eancia da Rep\u00fablica realizam neste s\u00e1bado (27) uma carreata pela orla da capital baiana. Eles sa\u00edram do Aeroporto de Salvador e seguiram em dire\u00e7\u00e3o \u00e0 Barra.<\/p>\n<p style=\"text-align: justify;\">Coordenador do Movimento Seu Voto Muda o Brasil \u2013 que organiza a a\u00e7\u00e3o &#8211; Cl\u00e1udio Silva afirmou cerca de 300 ve\u00edculos participaram do ato pol\u00edtico.<\/p><div class=\"newsi-conteudo_19\" id=\"newsi-3427676015\"><a href=\"https:\/\/www.instagram.com\/prefeituraalagoinhas?igsh=YzgzdDJ1bWR3aWI4\" aria-label=\"SAVE_20251006_221555\"><img loading=\"lazy\" decoding=\"async\" src=\"https:\/\/newsinfoco.com.br\/inicio\/wp-content\/uploads\/2025\/10\/SAVE_20251006_221555-rotated.jpg\" alt=\"\"  srcset=\"https:\/\/newsinfoco.com.br\/inicio\/wp-content\/uploads\/2025\/10\/SAVE_20251006_221555-rotated.jpg 1140w, https:\/\/newsinfoco.com.br\/inicio\/wp-content\/uploads\/2025\/10\/SAVE_20251006_221555-300x52.jpg 300w, https:\/\/newsinfoco.com.br\/inicio\/wp-content\/uploads\/2025\/10\/SAVE_20251006_221555-1024x177.jpg 1024w, https:\/\/newsinfoco.com.br\/inicio\/wp-content\/uploads\/2025\/10\/SAVE_20251006_221555-768x133.jpg 768w, https:\/\/newsinfoco.com.br\/inicio\/wp-content\/uploads\/2025\/10\/SAVE_20251006_221555-600x104.jpg 600w, https:\/\/newsinfoco.com.br\/inicio\/wp-content\/uploads\/2025\/10\/SAVE_20251006_221555-696x120.jpg 696w, https:\/\/newsinfoco.com.br\/inicio\/wp-content\/uploads\/2025\/10\/SAVE_20251006_221555-1068x185.jpg 1068w\" sizes=\"(max-width: 1140px) 100vw, 1140px\" width=\"1140\" height=\"197\"   \/><\/a><\/div>\n<p style=\"text-align: justify;\">\u201cForam distribu\u00eddos cerca de 5 mil adesivos. Isso demonstra como a candidatura de Bolsonaro cresceu tamb\u00e9m em Salvador\u201d, disse.<\/p>\n<div class='share-to-whatsapp-wrapper'><div class='share-on-whsp'>Share on: <\/div><a data-text='Apoiadores de Bolsonaro realizam carreata na orla de Salvador' data-link='https:\/\/newsinfoco.com.br\/inicio\/apoiadores-de-bolsonaro-realizam-carreata-na-orla-de-salvador\/' class='whatsapp-button whatsapp-share'>WhatsApp<\/a><div class='clear '><\/div><\/div>","protected":false},"excerpt":{"rendered":"<p>Apoiadores da candidatura de Jair Bolsonaro (PSL) \u00e0 Presid\u00eancia da Rep\u00fablica realizam neste s\u00e1bado (27) uma carreata pela orla da capital baiana. Eles sa\u00edram do Aeroporto de Salvador e seguiram em dire\u00e7\u00e3o \u00e0 Barra. Coordenador do Movimento Seu Voto Muda o Brasil \u2013 que organiza a a\u00e7\u00e3o &#8211; Cl\u00e1udio Silva afirmou cerca de 300 ve\u00edculos [&hellip;]<\/p>\n","protected":false},"author":1,"featured_media":10911,"comment_status":"open","ping_status":"open","sticky":false,"template":"","format":"standard","meta":{"om_disable_all_campaigns":false,"_exactmetrics_skip_tracking":false,"_exactmetrics_sitenote_active":false,"_exactmetrics_sitenote_note":"","_exactmetrics_sitenote_category":0,"footnotes":""},"categories":[19],"tags":[],"class_list":["post-10910","post","type-post","status-publish","format-standard","has-post-thumbnail","hentry","category-bahia"],"aioseo_notices":[],"_links":{"self":[{"href":"https:\/\/newsinfoco.com.br\/inicio\/wp-json\/wp\/v2\/posts\/10910","targetHints":{"allow":["GET"]}}],"collection":[{"href":"https:\/\/newsinfoco.com.br\/inicio\/wp-json\/wp\/v2\/posts"}],"about":[{"href":"https:\/\/newsinfoco.com.br\/inicio\/wp-json\/wp\/v2\/types\/post"}],"author":[{"embeddable":true,"href":"https:\/\/newsinfoco.com.br\/inicio\/wp-json\/wp\/v2\/users\/1"}],"replies":[{"embeddable":true,"href":"https:\/\/newsinfoco.com.br\/inicio\/wp-json\/wp\/v2\/comments?post=10910"}],"version-history":[{"count":0,"href":"https:\/\/newsinfoco.com.br\/inicio\/wp-json\/wp\/v2\/posts\/10910\/revisions"}],"wp:featuredmedia":[{"embeddable":true,"href":"https:\/\/newsinfoco.com.br\/inicio\/wp-json\/wp\/v2\/media\/10911"}],"wp:attachment":[{"href":"https:\/\/newsinfoco.com.br\/inicio\/wp-json\/wp\/v2\/media?parent=10910"}],"wp:term":[{"taxonomy":"category","embeddable":true,"href":"https:\/\/newsinfoco.com.br\/inicio\/wp-json\/wp\/v2\/categories?post=10910"},{"taxonomy":"post_tag","embeddable":true,"href":"https:\/\/newsinfoco.com.br\/inicio\/wp-json\/wp\/v2\/tags?post=10910"}],"curies":[{"name":"wp","href":"https:\/\/api.w.org\/{rel}","templated":true}]}}