{"id":10914,"date":"2018-10-27T19:24:03","date_gmt":"2018-10-27T21:24:03","guid":{"rendered":"http:\/\/newsinfoco.com.br\/?p=10914"},"modified":"2018-10-27T19:24:03","modified_gmt":"2018-10-27T21:24:03","slug":"em-caminhada-com-haddad-angelo-coronel-diz-que-nordestinos-responderao-nas-urnas-a-oferta-de-capim","status":"publish","type":"post","link":"https:\/\/newsinfoco.com.br\/inicio\/em-caminhada-com-haddad-angelo-coronel-diz-que-nordestinos-responderao-nas-urnas-a-oferta-de-capim\/","title":{"rendered":"Em caminhada com Haddad, Angelo Coronel diz que nordestinos responder\u00e3o nas urnas \u00e0 \u201coferta de capim\u201d"},"content":{"rendered":"<p style=\"text-align: justify;\">O presidente da Assembleia Legislativa da Bahia e senador eleito, Angelo Coronel, participou ontem (26), ao lado do governador Rui Costa, do senador eleito Jaques Wagner, do vice Jo\u00e3o Le\u00e3o e dos senadores Otto Alencar e Roberto Muniz, de uma caminhada com o candidato a Presid\u00eancia da Rep\u00fablica, Fernando Haddad, de Ondina at\u00e9 o Farol da Barra. Na ocasi\u00e3o, Coronel disse que os nordestinos e os baianos responder\u00e3o, nas urnas, \u201c\u00e0 oferta de capim\u201d que Jair Bolsonaro e os apoiadores deles ofereceram aos nordestinos.<\/p>\n<p style=\"text-align: justify;\">\u201cBolsonaro nos chamou de burro quando ofereceu capim, inclusive em passeata de seus apoiadores em S\u00e3o Paulo. Disse tamb\u00e9m que os baianos s\u00e3o pregui\u00e7osos, porque teem o \u2018freio de m\u00e3o puxado\u2019. E, ontem, repetiu que somos burros e votamos no PT porque \u2018recebemos Bolsa-Fam\u00edlia\u2019. A melhor resposta daremos nas urnas, no domingo, elegendo Haddad presidente, porque baiano e nordestino que se respeitam n\u00e3o votam no candidato do \u00f3dio e do preconceito\u201d, disparou Angelo Coronel.<\/p><div class=\"newsi-conteudo_19\" id=\"newsi-3314051769\"><a href=\"https:\/\/www.instagram.com\/prefeituraalagoinhas?igsh=YzgzdDJ1bWR3aWI4\" aria-label=\"SAVE_20251006_221555\"><img loading=\"lazy\" decoding=\"async\" src=\"https:\/\/newsinfoco.com.br\/inicio\/wp-content\/uploads\/2025\/10\/SAVE_20251006_221555-rotated.jpg\" alt=\"\"  srcset=\"https:\/\/newsinfoco.com.br\/inicio\/wp-content\/uploads\/2025\/10\/SAVE_20251006_221555-rotated.jpg 1140w, https:\/\/newsinfoco.com.br\/inicio\/wp-content\/uploads\/2025\/10\/SAVE_20251006_221555-300x52.jpg 300w, https:\/\/newsinfoco.com.br\/inicio\/wp-content\/uploads\/2025\/10\/SAVE_20251006_221555-1024x177.jpg 1024w, https:\/\/newsinfoco.com.br\/inicio\/wp-content\/uploads\/2025\/10\/SAVE_20251006_221555-768x133.jpg 768w, https:\/\/newsinfoco.com.br\/inicio\/wp-content\/uploads\/2025\/10\/SAVE_20251006_221555-600x104.jpg 600w, https:\/\/newsinfoco.com.br\/inicio\/wp-content\/uploads\/2025\/10\/SAVE_20251006_221555-696x120.jpg 696w, https:\/\/newsinfoco.com.br\/inicio\/wp-content\/uploads\/2025\/10\/SAVE_20251006_221555-1068x185.jpg 1068w\" sizes=\"(max-width: 1140px) 100vw, 1140px\" width=\"1140\" height=\"197\"   \/><\/a><\/div>\n<p style=\"text-align: justify;\">Para o senador eleito pelo PSD, o Brasil precisa \u00e9 de paz e n\u00e3o de mais viol\u00eancia. \u201cNesse momento, o que mais o Brasil precisa \u00e9 de pacifica\u00e7\u00e3o, de algu\u00e9m que traga uma mensagem de cordialidade e n\u00e3o de \u00f3dio e mais sangue. E esse candidato \u00e9 Fernando Haddad, um professor, ficha-limpa e um gestor comprovado como ministro da Educa\u00e7\u00e3o, por oito anos, e prefeito de S\u00e3o Paulo, por quatro. Todos somos brasileiros e sem a for\u00e7a de trabalho dos baianos, dos pernambucanos, dos cearenses, dos paraibanos e dos piauienses, S\u00e3o Paulo e todo o Sudeste n\u00e3o teriam o desenvolvimento que tem. Como podemos ser chamados de pregui\u00e7osos, se temos a s\u00e9tima economia do pa\u00eds entre os 27 Estados da Federa\u00e7\u00e3o? O candidato, que diz que \u00e9 o \u2018novo\u2019, repete uma maldade do in\u00edcio do s\u00e9culo passado\u201d, critica o presidente da ALBA.<\/p>\n<p style=\"text-align: justify;\">Angelo Coronel voltou a afirmar que elei\u00e7\u00e3o se ganha \u00e9 na urna. \u201cSe pesquisa fosse resultado final, eu n\u00e3o seria Senador. O candidato que dissemina o \u00f3dio e a viol\u00eancia est\u00e1 perdendo votos na periferia, entre os evang\u00e9licos e entre os eleitores mais conservadores, mas conscientes de que n\u00e3o podemos nos arriscar a perder a nossa liberdade conquistada. O deputado Pastor Sargento Isid\u00f3rio, evang\u00e9lico, mudou seu voto. O deputado Silas Malafaia, tamb\u00e9m evang\u00e9lico, j\u00e1 mudou seu voto. Expoentes do PSDB, como o ex-deputado Alberto Goldman \u2013 inimigo do PT \u2013 j\u00e1 declarou seu voto em Haddad. Eu mesmo tenho cr\u00edticas ao PT \u2013 e vou continuar tendo depois das elei\u00e7\u00f5es \u2013 mas n\u00e3o posso esquecer do meu pa\u00eds, da democracia, da minha liberdade plena. Nenhum partido \u00e9 perfeito, e nunca o ser\u00e1\u201d, pontua Angelo Coronel.<\/p>\n<p style=\"text-align: justify;\">Para ele, a gigantesca caminhada de ontem, de Ondina ao Farol, ao lado das grandes manifesta\u00e7\u00f5es realizadas durante a semana no Recife, no Rio de Janeiro e em S\u00e3o Paulo, mostra que h\u00e1 um clima de virada no ar e que Haddad ser\u00e1 eleito, domingo, o novo presidente do Brasil.<\/p>\n<p style=\"text-align: justify;\">\u201cA\u00e9cio Neves, h\u00e1 quatro anos, montou a festa da vit\u00f3ria em Bras\u00edlia e foi obrigado, assistindo \u00e0 apura\u00e7\u00e3o pela TV, a engolir a vit\u00f3ria de Dilma. O candidato do PSL disse que est\u00e1 \u2018com a m\u00e3o na faixa\u2019. Quanto mais bo\u00e7al, mais presun\u00e7oso ele for, maior ser\u00e1 a vit\u00f3ria do professor Haddad\u201d, aposta Angelo Coronel.<\/p>\n<div class='share-to-whatsapp-wrapper'><div class='share-on-whsp'>Share on: <\/div><a data-text='Em caminhada com Haddad, Angelo Coronel diz que nordestinos responder\u00e3o nas urnas \u00e0 \u201coferta de capim\u201d' data-link='https:\/\/newsinfoco.com.br\/inicio\/em-caminhada-com-haddad-angelo-coronel-diz-que-nordestinos-responderao-nas-urnas-a-oferta-de-capim\/' class='whatsapp-button whatsapp-share'>WhatsApp<\/a><div class='clear '><\/div><\/div>","protected":false},"excerpt":{"rendered":"<p>O presidente da Assembleia Legislativa da Bahia e senador eleito, Angelo Coronel, participou ontem (26), ao lado do governador Rui Costa, do senador eleito Jaques Wagner, do vice Jo\u00e3o Le\u00e3o e dos senadores Otto Alencar e Roberto Muniz, de uma caminhada com o candidato a Presid\u00eancia da Rep\u00fablica, Fernando Haddad, de Ondina at\u00e9 o Farol [&hellip;]<\/p>\n","protected":false},"author":1,"featured_media":10915,"comment_status":"open","ping_status":"open","sticky":false,"template":"","format":"standard","meta":{"om_disable_all_campaigns":false,"_exactmetrics_skip_tracking":false,"_exactmetrics_sitenote_active":false,"_exactmetrics_sitenote_note":"","_exactmetrics_sitenote_category":0,"footnotes":""},"categories":[19],"tags":[],"class_list":["post-10914","post","type-post","status-publish","format-standard","has-post-thumbnail","hentry","category-bahia"],"aioseo_notices":[],"_links":{"self":[{"href":"https:\/\/newsinfoco.com.br\/inicio\/wp-json\/wp\/v2\/posts\/10914","targetHints":{"allow":["GET"]}}],"collection":[{"href":"https:\/\/newsinfoco.com.br\/inicio\/wp-json\/wp\/v2\/posts"}],"about":[{"href":"https:\/\/newsinfoco.com.br\/inicio\/wp-json\/wp\/v2\/types\/post"}],"author":[{"embeddable":true,"href":"https:\/\/newsinfoco.com.br\/inicio\/wp-json\/wp\/v2\/users\/1"}],"replies":[{"embeddable":true,"href":"https:\/\/newsinfoco.com.br\/inicio\/wp-json\/wp\/v2\/comments?post=10914"}],"version-history":[{"count":0,"href":"https:\/\/newsinfoco.com.br\/inicio\/wp-json\/wp\/v2\/posts\/10914\/revisions"}],"wp:featuredmedia":[{"embeddable":true,"href":"https:\/\/newsinfoco.com.br\/inicio\/wp-json\/wp\/v2\/media\/10915"}],"wp:attachment":[{"href":"https:\/\/newsinfoco.com.br\/inicio\/wp-json\/wp\/v2\/media?parent=10914"}],"wp:term":[{"taxonomy":"category","embeddable":true,"href":"https:\/\/newsinfoco.com.br\/inicio\/wp-json\/wp\/v2\/categories?post=10914"},{"taxonomy":"post_tag","embeddable":true,"href":"https:\/\/newsinfoco.com.br\/inicio\/wp-json\/wp\/v2\/tags?post=10914"}],"curies":[{"name":"wp","href":"https:\/\/api.w.org\/{rel}","templated":true}]}}