{"id":10917,"date":"2018-10-27T19:27:06","date_gmt":"2018-10-27T21:27:06","guid":{"rendered":"http:\/\/newsinfoco.com.br\/?p=10917"},"modified":"2018-10-27T19:27:06","modified_gmt":"2018-10-27T21:27:06","slug":"sensacao-e-da-certeza-da-virada-afirma-lidice-da-mata","status":"publish","type":"post","link":"https:\/\/newsinfoco.com.br\/inicio\/sensacao-e-da-certeza-da-virada-afirma-lidice-da-mata\/","title":{"rendered":"\u201cSensa\u00e7\u00e3o \u00e9 da certeza da virada\u201d, afirma L\u00eddice da Mata"},"content":{"rendered":"<p style=\"text-align: justify;\">A senadora e deputada federaleleita, L\u00eddice da Mata (PSB-BA) disse, neste s\u00e1bado (27), estar certa da virada e vit\u00f3ria do candidato Fernando Haddad nesta reta final de segundo turno. A parlamentar baiana afirmou ter se emocionado com a manifesta\u00e7\u00e3o promovida pelos baianos na tarde de sexta e completou: \u201cos brasileiros se deram conta do quanto de s\u00f3rdido representa o outro candidato\u201d.<\/p>\n<p style=\"text-align: justify;\">Apesar do otimismo, L\u00eddice afirmou que ainda h\u00e1 muito a se fazer para a conquista dos votos de indecisos, revers\u00e3o dos eleitores que optariam pelas op\u00e7\u00f5es de votos brancos e nulos, absten\u00e7\u00f5es e at\u00e9 de pessoas que estavam no campo advers\u00e1rio. L\u00eddice votar\u00e1 neste domingo (28), por volta das 10h no Col\u00e9gio Estadual Lu\u00eds Viana Filho, em Brotas.<\/p><div class=\"newsi-conteudo_19\" id=\"newsi-1372932026\"><a href=\"https:\/\/www.instagram.com\/prefeituraalagoinhas?igsh=YzgzdDJ1bWR3aWI4\" aria-label=\"SAVE_20251006_221555\"><img loading=\"lazy\" decoding=\"async\" src=\"https:\/\/newsinfoco.com.br\/inicio\/wp-content\/uploads\/2025\/10\/SAVE_20251006_221555-rotated.jpg\" alt=\"\"  srcset=\"https:\/\/newsinfoco.com.br\/inicio\/wp-content\/uploads\/2025\/10\/SAVE_20251006_221555-rotated.jpg 1140w, https:\/\/newsinfoco.com.br\/inicio\/wp-content\/uploads\/2025\/10\/SAVE_20251006_221555-300x52.jpg 300w, https:\/\/newsinfoco.com.br\/inicio\/wp-content\/uploads\/2025\/10\/SAVE_20251006_221555-1024x177.jpg 1024w, https:\/\/newsinfoco.com.br\/inicio\/wp-content\/uploads\/2025\/10\/SAVE_20251006_221555-768x133.jpg 768w, https:\/\/newsinfoco.com.br\/inicio\/wp-content\/uploads\/2025\/10\/SAVE_20251006_221555-600x104.jpg 600w, https:\/\/newsinfoco.com.br\/inicio\/wp-content\/uploads\/2025\/10\/SAVE_20251006_221555-696x120.jpg 696w, https:\/\/newsinfoco.com.br\/inicio\/wp-content\/uploads\/2025\/10\/SAVE_20251006_221555-1068x185.jpg 1068w\" sizes=\"(max-width: 1140px) 100vw, 1140px\" width=\"1140\" height=\"197\"   \/><\/a><\/div>\n<div class='share-to-whatsapp-wrapper'><div class='share-on-whsp'>Share on: <\/div><a data-text='\u201cSensa\u00e7\u00e3o \u00e9 da certeza da virada\u201d, afirma L\u00eddice da Mata' data-link='https:\/\/newsinfoco.com.br\/inicio\/sensacao-e-da-certeza-da-virada-afirma-lidice-da-mata\/' class='whatsapp-button whatsapp-share'>WhatsApp<\/a><div class='clear '><\/div><\/div>","protected":false},"excerpt":{"rendered":"<p>A senadora e deputada federaleleita, L\u00eddice da Mata (PSB-BA) disse, neste s\u00e1bado (27), estar certa da virada e vit\u00f3ria do candidato Fernando Haddad nesta reta final de segundo turno. A parlamentar baiana afirmou ter se emocionado com a manifesta\u00e7\u00e3o promovida pelos baianos na tarde de sexta e completou: \u201cos brasileiros se deram conta do quanto [&hellip;]<\/p>\n","protected":false},"author":1,"featured_media":10918,"comment_status":"open","ping_status":"open","sticky":false,"template":"","format":"standard","meta":{"om_disable_all_campaigns":false,"_exactmetrics_skip_tracking":false,"_exactmetrics_sitenote_active":false,"_exactmetrics_sitenote_note":"","_exactmetrics_sitenote_category":0,"footnotes":""},"categories":[19],"tags":[],"class_list":["post-10917","post","type-post","status-publish","format-standard","has-post-thumbnail","hentry","category-bahia"],"aioseo_notices":[],"_links":{"self":[{"href":"https:\/\/newsinfoco.com.br\/inicio\/wp-json\/wp\/v2\/posts\/10917","targetHints":{"allow":["GET"]}}],"collection":[{"href":"https:\/\/newsinfoco.com.br\/inicio\/wp-json\/wp\/v2\/posts"}],"about":[{"href":"https:\/\/newsinfoco.com.br\/inicio\/wp-json\/wp\/v2\/types\/post"}],"author":[{"embeddable":true,"href":"https:\/\/newsinfoco.com.br\/inicio\/wp-json\/wp\/v2\/users\/1"}],"replies":[{"embeddable":true,"href":"https:\/\/newsinfoco.com.br\/inicio\/wp-json\/wp\/v2\/comments?post=10917"}],"version-history":[{"count":0,"href":"https:\/\/newsinfoco.com.br\/inicio\/wp-json\/wp\/v2\/posts\/10917\/revisions"}],"wp:featuredmedia":[{"embeddable":true,"href":"https:\/\/newsinfoco.com.br\/inicio\/wp-json\/wp\/v2\/media\/10918"}],"wp:attachment":[{"href":"https:\/\/newsinfoco.com.br\/inicio\/wp-json\/wp\/v2\/media?parent=10917"}],"wp:term":[{"taxonomy":"category","embeddable":true,"href":"https:\/\/newsinfoco.com.br\/inicio\/wp-json\/wp\/v2\/categories?post=10917"},{"taxonomy":"post_tag","embeddable":true,"href":"https:\/\/newsinfoco.com.br\/inicio\/wp-json\/wp\/v2\/tags?post=10917"}],"curies":[{"name":"wp","href":"https:\/\/api.w.org\/{rel}","templated":true}]}}