{"id":10927,"date":"2018-10-29T10:32:21","date_gmt":"2018-10-29T12:32:21","guid":{"rendered":"http:\/\/newsinfoco.com.br\/?p=10927"},"modified":"2018-10-29T10:32:21","modified_gmt":"2018-10-29T12:32:21","slug":"em-inhambupe-policia-militar-apreende-arma-de-fogo","status":"publish","type":"post","link":"https:\/\/newsinfoco.com.br\/inicio\/em-inhambupe-policia-militar-apreende-arma-de-fogo\/","title":{"rendered":"Em Inhambupe, policia militar apreende arma de fogo"},"content":{"rendered":"<p dir=\"auto\" style=\"text-align: justify;\">Ontem(28), em pleno domingo eleitoral, por volta das 19h00, na cidade de Inhambupe, policiais da 4\u00aa CIA prenderam em flagrante delito um criminoso que portava ilegalmente uma arma de fogo.<\/p>\n<p dir=\"auto\" style=\"text-align: justify;\">A guarni\u00e7\u00e3o da policia militar se deslocou depois de den\u00fancia an\u00f4nima indicar que a moto usada em um assalto ocorrido no Povoado da Gameleira estaria em uma casa na Rua Am\u00e9rico Cesar. Um dos individuos que supostamente participara do assalto estava sentado \u00e0 porta, evadindo quando avistou a guarni\u00e7\u00e3o. O acusado, no entanto, deixou cair da cintura um rev\u00f3lver calibre 32,\u00a0 numera\u00e7\u00e3o suprimida, com 06 muni\u00e7\u00f5es intactas.<\/p><div class=\"newsi-conteudo_19\" id=\"newsi-571813649\"><a href=\"https:\/\/www.instagram.com\/prefeituraalagoinhas?igsh=YzgzdDJ1bWR3aWI4\" aria-label=\"SAVE_20251006_221555\"><img loading=\"lazy\" decoding=\"async\" src=\"https:\/\/newsinfoco.com.br\/inicio\/wp-content\/uploads\/2025\/10\/SAVE_20251006_221555-rotated.jpg\" alt=\"\"  srcset=\"https:\/\/newsinfoco.com.br\/inicio\/wp-content\/uploads\/2025\/10\/SAVE_20251006_221555-rotated.jpg 1140w, https:\/\/newsinfoco.com.br\/inicio\/wp-content\/uploads\/2025\/10\/SAVE_20251006_221555-300x52.jpg 300w, https:\/\/newsinfoco.com.br\/inicio\/wp-content\/uploads\/2025\/10\/SAVE_20251006_221555-1024x177.jpg 1024w, https:\/\/newsinfoco.com.br\/inicio\/wp-content\/uploads\/2025\/10\/SAVE_20251006_221555-768x133.jpg 768w, https:\/\/newsinfoco.com.br\/inicio\/wp-content\/uploads\/2025\/10\/SAVE_20251006_221555-600x104.jpg 600w, https:\/\/newsinfoco.com.br\/inicio\/wp-content\/uploads\/2025\/10\/SAVE_20251006_221555-696x120.jpg 696w, https:\/\/newsinfoco.com.br\/inicio\/wp-content\/uploads\/2025\/10\/SAVE_20251006_221555-1068x185.jpg 1068w\" sizes=\"(max-width: 1140px) 100vw, 1140px\" width=\"1140\" height=\"197\"   \/><\/a><\/div>\n<p dir=\"auto\" style=\"text-align: justify;\">O indiv\u00edduo foi capturado pela pol\u00edcia, sendo tamb\u00e9m questionado acerca de uma moto Honda CG 150 que estava em sua resid\u00eancia, mas n\u00e3o apresentou documentos. Sendo assim, foi conduzido \u00e0 Delegacia de Inhambupe, local em que tomadas as medidas legais cab\u00edveis foram adotadas.<\/p>\n<h6 dir=\"auto\" style=\"text-align: right;\"><span style=\"color: #999999;\">Ascom 4BPM<\/span><\/h6>\n<p dir=\"auto\" style=\"text-align: justify;\">\n<div class='share-to-whatsapp-wrapper'><div class='share-on-whsp'>Share on: <\/div><a data-text='Em Inhambupe, policia militar apreende arma de fogo' data-link='https:\/\/newsinfoco.com.br\/inicio\/em-inhambupe-policia-militar-apreende-arma-de-fogo\/' class='whatsapp-button whatsapp-share'>WhatsApp<\/a><div class='clear '><\/div><\/div>","protected":false},"excerpt":{"rendered":"<p>Ontem(28), em pleno domingo eleitoral, por volta das 19h00, na cidade de Inhambupe, policiais da 4\u00aa CIA prenderam em flagrante delito um criminoso que portava ilegalmente uma arma de fogo. A guarni\u00e7\u00e3o da policia militar se deslocou depois de den\u00fancia an\u00f4nima indicar que a moto usada em um assalto ocorrido no Povoado da Gameleira estaria [&hellip;]<\/p>\n","protected":false},"author":1,"featured_media":10928,"comment_status":"open","ping_status":"open","sticky":false,"template":"","format":"standard","meta":{"om_disable_all_campaigns":false,"_exactmetrics_skip_tracking":false,"_exactmetrics_sitenote_active":false,"_exactmetrics_sitenote_note":"","_exactmetrics_sitenote_category":0,"footnotes":""},"categories":[38],"tags":[],"class_list":["post-10927","post","type-post","status-publish","format-standard","has-post-thumbnail","hentry","category-alagoinhas-e-regiao"],"aioseo_notices":[],"_links":{"self":[{"href":"https:\/\/newsinfoco.com.br\/inicio\/wp-json\/wp\/v2\/posts\/10927","targetHints":{"allow":["GET"]}}],"collection":[{"href":"https:\/\/newsinfoco.com.br\/inicio\/wp-json\/wp\/v2\/posts"}],"about":[{"href":"https:\/\/newsinfoco.com.br\/inicio\/wp-json\/wp\/v2\/types\/post"}],"author":[{"embeddable":true,"href":"https:\/\/newsinfoco.com.br\/inicio\/wp-json\/wp\/v2\/users\/1"}],"replies":[{"embeddable":true,"href":"https:\/\/newsinfoco.com.br\/inicio\/wp-json\/wp\/v2\/comments?post=10927"}],"version-history":[{"count":0,"href":"https:\/\/newsinfoco.com.br\/inicio\/wp-json\/wp\/v2\/posts\/10927\/revisions"}],"wp:featuredmedia":[{"embeddable":true,"href":"https:\/\/newsinfoco.com.br\/inicio\/wp-json\/wp\/v2\/media\/10928"}],"wp:attachment":[{"href":"https:\/\/newsinfoco.com.br\/inicio\/wp-json\/wp\/v2\/media?parent=10927"}],"wp:term":[{"taxonomy":"category","embeddable":true,"href":"https:\/\/newsinfoco.com.br\/inicio\/wp-json\/wp\/v2\/categories?post=10927"},{"taxonomy":"post_tag","embeddable":true,"href":"https:\/\/newsinfoco.com.br\/inicio\/wp-json\/wp\/v2\/tags?post=10927"}],"curies":[{"name":"wp","href":"https:\/\/api.w.org\/{rel}","templated":true}]}}