{"id":1093,"date":"2018-03-12T22:09:38","date_gmt":"2018-03-13T01:09:38","guid":{"rendered":"http:\/\/newsinfoco.com.br\/?p=1093"},"modified":"2018-03-12T22:09:38","modified_gmt":"2018-03-13T01:09:38","slug":"prefeitura-de-alagoinhas-realiza-atividades-no-lar-bezerra-menezes-nesta-segunda-feira-12","status":"publish","type":"post","link":"https:\/\/newsinfoco.com.br\/inicio\/prefeitura-de-alagoinhas-realiza-atividades-no-lar-bezerra-menezes-nesta-segunda-feira-12\/","title":{"rendered":"Prefeitura de Alagoinhas realiza atividades no Lar Bezerra Menezes nesta segunda-feira (12)"},"content":{"rendered":"<p style=\"text-align: justify;\"><span style=\"color: #000000;\">A Prefeitura de Alagoinhas, por interm\u00e9dio da Secretaria Municipal de Assist\u00eancia Social (SEMAS), realizou na tarde desta segunda-feira (12) em parceria com a Secretaria Municipal de Sa\u00fade (SESAU) uma s\u00e9rie de atividades para as mulheres do Lar Bezerra Menezes. A a\u00e7\u00e3o em comemora\u00e7\u00e3o ao m\u00eas da mulher contou com atendimento de sa\u00fade pela SESAU e de beleza com a equipe do Sal\u00e3o A\u00e7\u00e3o. Para homenagear as mulheres, uma apresenta\u00e7\u00e3o do violinista Ulisses Leal. 19 idosas participaram das atividades promovidas por institui\u00e7\u00f5es parceiras como, IMOC, Sal\u00e3o A\u00e7\u00e3o, Claudia Tereza Portati (cabeleireira) e Das Dores Moreira (psic\u00f3loga).<\/span><\/p>\n<p><strong>CONFIRA AS FOTOS:<\/strong><a href=\"http:\/\/newsinfoco.com.br\/wp-content\/uploads\/2018\/03\/25902905057_c125cd80bc_o.jpg\"><br \/>\n<img loading=\"lazy\" decoding=\"async\" class=\" wp-image-1094 aligncenter\" src=\"http:\/\/newsinfoco.com.br\/wp-content\/uploads\/2018\/03\/25902905057_c125cd80bc_o-300x225.jpg\" alt=\"\" width=\"389\" height=\"292\" srcset=\"https:\/\/newsinfoco.com.br\/inicio\/wp-content\/uploads\/2018\/03\/25902905057_c125cd80bc_o-300x225.jpg 300w, https:\/\/newsinfoco.com.br\/inicio\/wp-content\/uploads\/2018\/03\/25902905057_c125cd80bc_o-768x576.jpg 768w, https:\/\/newsinfoco.com.br\/inicio\/wp-content\/uploads\/2018\/03\/25902905057_c125cd80bc_o-1024x768.jpg 1024w, https:\/\/newsinfoco.com.br\/inicio\/wp-content\/uploads\/2018\/03\/25902905057_c125cd80bc_o-600x450.jpg 600w, https:\/\/newsinfoco.com.br\/inicio\/wp-content\/uploads\/2018\/03\/25902905057_c125cd80bc_o-80x60.jpg 80w, https:\/\/newsinfoco.com.br\/inicio\/wp-content\/uploads\/2018\/03\/25902905057_c125cd80bc_o-265x198.jpg 265w, https:\/\/newsinfoco.com.br\/inicio\/wp-content\/uploads\/2018\/03\/25902905057_c125cd80bc_o-696x522.jpg 696w, https:\/\/newsinfoco.com.br\/inicio\/wp-content\/uploads\/2018\/03\/25902905057_c125cd80bc_o-1068x801.jpg 1068w, https:\/\/newsinfoco.com.br\/inicio\/wp-content\/uploads\/2018\/03\/25902905057_c125cd80bc_o-560x420.jpg 560w, https:\/\/newsinfoco.com.br\/inicio\/wp-content\/uploads\/2018\/03\/25902905057_c125cd80bc_o.jpg 1280w\" sizes=\"auto, (max-width: 389px) 100vw, 389px\" \/><\/a><\/p><div class=\"newsi-conteudo_19\" id=\"newsi-1082836998\"><a href=\"https:\/\/www.instagram.com\/prefeituraalagoinhas?igsh=YzgzdDJ1bWR3aWI4\" aria-label=\"SAVE_20251006_221555\"><img loading=\"lazy\" decoding=\"async\" src=\"https:\/\/newsinfoco.com.br\/inicio\/wp-content\/uploads\/2025\/10\/SAVE_20251006_221555-rotated.jpg\" alt=\"\"  srcset=\"https:\/\/newsinfoco.com.br\/inicio\/wp-content\/uploads\/2025\/10\/SAVE_20251006_221555-rotated.jpg 1140w, https:\/\/newsinfoco.com.br\/inicio\/wp-content\/uploads\/2025\/10\/SAVE_20251006_221555-300x52.jpg 300w, https:\/\/newsinfoco.com.br\/inicio\/wp-content\/uploads\/2025\/10\/SAVE_20251006_221555-1024x177.jpg 1024w, https:\/\/newsinfoco.com.br\/inicio\/wp-content\/uploads\/2025\/10\/SAVE_20251006_221555-768x133.jpg 768w, https:\/\/newsinfoco.com.br\/inicio\/wp-content\/uploads\/2025\/10\/SAVE_20251006_221555-600x104.jpg 600w, https:\/\/newsinfoco.com.br\/inicio\/wp-content\/uploads\/2025\/10\/SAVE_20251006_221555-696x120.jpg 696w, https:\/\/newsinfoco.com.br\/inicio\/wp-content\/uploads\/2025\/10\/SAVE_20251006_221555-1068x185.jpg 1068w\" sizes=\"(max-width: 1140px) 100vw, 1140px\" width=\"1140\" height=\"197\"   \/><\/a><\/div>\n<p><a href=\"http:\/\/newsinfoco.com.br\/wp-content\/uploads\/2018\/03\/38963459260_0c3effdcd8_o.jpg\"><img loading=\"lazy\" decoding=\"async\" class=\" wp-image-1095 aligncenter\" src=\"http:\/\/newsinfoco.com.br\/wp-content\/uploads\/2018\/03\/38963459260_0c3effdcd8_o-300x225.jpg\" alt=\"\" width=\"381\" height=\"286\" srcset=\"https:\/\/newsinfoco.com.br\/inicio\/wp-content\/uploads\/2018\/03\/38963459260_0c3effdcd8_o-300x225.jpg 300w, https:\/\/newsinfoco.com.br\/inicio\/wp-content\/uploads\/2018\/03\/38963459260_0c3effdcd8_o-768x576.jpg 768w, https:\/\/newsinfoco.com.br\/inicio\/wp-content\/uploads\/2018\/03\/38963459260_0c3effdcd8_o-1024x768.jpg 1024w, https:\/\/newsinfoco.com.br\/inicio\/wp-content\/uploads\/2018\/03\/38963459260_0c3effdcd8_o-600x450.jpg 600w, https:\/\/newsinfoco.com.br\/inicio\/wp-content\/uploads\/2018\/03\/38963459260_0c3effdcd8_o-80x60.jpg 80w, https:\/\/newsinfoco.com.br\/inicio\/wp-content\/uploads\/2018\/03\/38963459260_0c3effdcd8_o-265x198.jpg 265w, https:\/\/newsinfoco.com.br\/inicio\/wp-content\/uploads\/2018\/03\/38963459260_0c3effdcd8_o-696x522.jpg 696w, https:\/\/newsinfoco.com.br\/inicio\/wp-content\/uploads\/2018\/03\/38963459260_0c3effdcd8_o-1068x801.jpg 1068w, https:\/\/newsinfoco.com.br\/inicio\/wp-content\/uploads\/2018\/03\/38963459260_0c3effdcd8_o-560x420.jpg 560w, https:\/\/newsinfoco.com.br\/inicio\/wp-content\/uploads\/2018\/03\/38963459260_0c3effdcd8_o.jpg 1280w\" sizes=\"auto, (max-width: 381px) 100vw, 381px\" \/><\/a><\/p>\n<p><a href=\"http:\/\/newsinfoco.com.br\/wp-content\/uploads\/2018\/03\/25902907937_f08dbb9604_o.jpg\"><img loading=\"lazy\" decoding=\"async\" class=\" wp-image-1096 aligncenter\" src=\"http:\/\/newsinfoco.com.br\/wp-content\/uploads\/2018\/03\/25902907937_f08dbb9604_o-225x300.jpg\" alt=\"\" width=\"376\" height=\"502\" srcset=\"https:\/\/newsinfoco.com.br\/inicio\/wp-content\/uploads\/2018\/03\/25902907937_f08dbb9604_o-225x300.jpg 225w, https:\/\/newsinfoco.com.br\/inicio\/wp-content\/uploads\/2018\/03\/25902907937_f08dbb9604_o-768x1024.jpg 768w, https:\/\/newsinfoco.com.br\/inicio\/wp-content\/uploads\/2018\/03\/25902907937_f08dbb9604_o-600x800.jpg 600w, https:\/\/newsinfoco.com.br\/inicio\/wp-content\/uploads\/2018\/03\/25902907937_f08dbb9604_o-696x928.jpg 696w, https:\/\/newsinfoco.com.br\/inicio\/wp-content\/uploads\/2018\/03\/25902907937_f08dbb9604_o-315x420.jpg 315w, https:\/\/newsinfoco.com.br\/inicio\/wp-content\/uploads\/2018\/03\/25902907937_f08dbb9604_o.jpg 960w\" sizes=\"auto, (max-width: 376px) 100vw, 376px\" \/><\/a><\/p>\n<h6 style=\"text-align: right;\"><span style=\"color: #999999;\">fonte:SECOM,Prefeitura,SEMAS,SESAU<\/span><\/h6>\n<p>&nbsp;<\/p>\n<p>&nbsp;<\/p>\n<div class='share-to-whatsapp-wrapper'><div class='share-on-whsp'>Share on: <\/div><a data-text='Prefeitura de Alagoinhas realiza atividades no Lar Bezerra Menezes nesta segunda-feira (12)' data-link='https:\/\/newsinfoco.com.br\/inicio\/prefeitura-de-alagoinhas-realiza-atividades-no-lar-bezerra-menezes-nesta-segunda-feira-12\/' class='whatsapp-button whatsapp-share'>WhatsApp<\/a><div class='clear '><\/div><\/div>","protected":false},"excerpt":{"rendered":"<p>A Prefeitura de Alagoinhas, por interm\u00e9dio da Secretaria Municipal de Assist\u00eancia Social (SEMAS), realizou na tarde desta segunda-feira (12) em parceria com a Secretaria Municipal de Sa\u00fade (SESAU) uma s\u00e9rie de atividades para as mulheres do Lar Bezerra Menezes. A a\u00e7\u00e3o em comemora\u00e7\u00e3o ao m\u00eas da mulher contou com atendimento de sa\u00fade pela SESAU e [&hellip;]<\/p>\n","protected":false},"author":1,"featured_media":1097,"comment_status":"open","ping_status":"open","sticky":false,"template":"","format":"standard","meta":{"om_disable_all_campaigns":false,"_exactmetrics_skip_tracking":false,"_exactmetrics_sitenote_active":false,"_exactmetrics_sitenote_note":"","_exactmetrics_sitenote_category":0,"footnotes":""},"categories":[38,30],"tags":[53,54,59,58],"class_list":["post-1093","post","type-post","status-publish","format-standard","has-post-thumbnail","hentry","category-alagoinhas-e-regiao","category-destaque","tag-alagoinhas","tag-prefeitura","tag-semas","tag-sesau"],"aioseo_notices":[],"_links":{"self":[{"href":"https:\/\/newsinfoco.com.br\/inicio\/wp-json\/wp\/v2\/posts\/1093","targetHints":{"allow":["GET"]}}],"collection":[{"href":"https:\/\/newsinfoco.com.br\/inicio\/wp-json\/wp\/v2\/posts"}],"about":[{"href":"https:\/\/newsinfoco.com.br\/inicio\/wp-json\/wp\/v2\/types\/post"}],"author":[{"embeddable":true,"href":"https:\/\/newsinfoco.com.br\/inicio\/wp-json\/wp\/v2\/users\/1"}],"replies":[{"embeddable":true,"href":"https:\/\/newsinfoco.com.br\/inicio\/wp-json\/wp\/v2\/comments?post=1093"}],"version-history":[{"count":0,"href":"https:\/\/newsinfoco.com.br\/inicio\/wp-json\/wp\/v2\/posts\/1093\/revisions"}],"wp:featuredmedia":[{"embeddable":true,"href":"https:\/\/newsinfoco.com.br\/inicio\/wp-json\/wp\/v2\/media\/1097"}],"wp:attachment":[{"href":"https:\/\/newsinfoco.com.br\/inicio\/wp-json\/wp\/v2\/media?parent=1093"}],"wp:term":[{"taxonomy":"category","embeddable":true,"href":"https:\/\/newsinfoco.com.br\/inicio\/wp-json\/wp\/v2\/categories?post=1093"},{"taxonomy":"post_tag","embeddable":true,"href":"https:\/\/newsinfoco.com.br\/inicio\/wp-json\/wp\/v2\/tags?post=1093"}],"curies":[{"name":"wp","href":"https:\/\/api.w.org\/{rel}","templated":true}]}}