{"id":10933,"date":"2018-10-29T11:08:31","date_gmt":"2018-10-29T13:08:31","guid":{"rendered":"http:\/\/newsinfoco.com.br\/?p=10933"},"modified":"2018-10-29T11:08:31","modified_gmt":"2018-10-29T13:08:31","slug":"paulo-guedes-diz-que-foco-da-economia-sera-o-controle-de-gastos","status":"publish","type":"post","link":"https:\/\/newsinfoco.com.br\/inicio\/paulo-guedes-diz-que-foco-da-economia-sera-o-controle-de-gastos\/","title":{"rendered":"Paulo Guedes diz que foco da economia ser\u00e1 o controle de gastos"},"content":{"rendered":"<p style=\"text-align: justify;\">O assessor econ\u00f4mico do presidente eleito presidente eleito Jair Bolsonaro (PSL), Paulo Guedes, afirmou na noite deste domingo que o foco do programa econ\u00f4mico do pr\u00f3ximo governo ser\u00e1 o controle dos gastos p\u00fablicos, com destaque para a Previd\u00eancia, para os gastos com juros e com a m\u00e1quina p\u00fablica.<\/p>\n<p style=\"text-align: justify;\">\u201cO programa econ\u00f4mico tem um diagn\u00f3stico claro. O Brasil teve 30 anos de expans\u00e3o de gastos p\u00fablicos, descontrolados\u201d, afirmou Guedes, ao chegar o hotel Windsor Barra, ap\u00f3s deixar caminhando a casa de Bolsonaro, na zona oeste do Rio. \u201cPrimeiro grande item (dos gastos p\u00fablicos) \u00e9 a Previd\u00eancia. Precisamos de uma reforma da Previd\u00eancia\u201d, disse o economista.<\/p><div class=\"newsi-conteudo_19\" id=\"newsi-3120853189\"><a href=\"https:\/\/www.instagram.com\/prefeituraalagoinhas?igsh=YzgzdDJ1bWR3aWI4\" aria-label=\"SAVE_20251006_221555\"><img loading=\"lazy\" decoding=\"async\" src=\"https:\/\/newsinfoco.com.br\/inicio\/wp-content\/uploads\/2025\/10\/SAVE_20251006_221555-rotated.jpg\" alt=\"\"  srcset=\"https:\/\/newsinfoco.com.br\/inicio\/wp-content\/uploads\/2025\/10\/SAVE_20251006_221555-rotated.jpg 1140w, https:\/\/newsinfoco.com.br\/inicio\/wp-content\/uploads\/2025\/10\/SAVE_20251006_221555-300x52.jpg 300w, https:\/\/newsinfoco.com.br\/inicio\/wp-content\/uploads\/2025\/10\/SAVE_20251006_221555-1024x177.jpg 1024w, https:\/\/newsinfoco.com.br\/inicio\/wp-content\/uploads\/2025\/10\/SAVE_20251006_221555-768x133.jpg 768w, https:\/\/newsinfoco.com.br\/inicio\/wp-content\/uploads\/2025\/10\/SAVE_20251006_221555-600x104.jpg 600w, https:\/\/newsinfoco.com.br\/inicio\/wp-content\/uploads\/2025\/10\/SAVE_20251006_221555-696x120.jpg 696w, https:\/\/newsinfoco.com.br\/inicio\/wp-content\/uploads\/2025\/10\/SAVE_20251006_221555-1068x185.jpg 1068w\" sizes=\"(max-width: 1140px) 100vw, 1140px\" width=\"1140\" height=\"197\"   \/><\/a><\/div>\n<p style=\"text-align: justify;\">Para atacar o segundo grande item dos gastos p\u00fablicos, a despesa com juros, a estrat\u00e9gia \u00e9 \u201cacelerar as privatiza\u00e7\u00f5es\u201d. J\u00e1 para atacar o terceiro maior item dos gastos p\u00fablicos, os gastos com a m\u00e1quina p\u00fablica, a estrat\u00e9gia \u00e9 fazer uma reforma do Estado. \u201cAl\u00e9m disso vamos simplificar e reduzir impostos, vamos eliminar encargos e impostos trabalhistas sobre a folha de pagamentos, para gerar em dois tr\u00eas anos 10 milh\u00f5es de empregos novos. Vamos regulamentar corretamente, fazer os marcos regulat\u00f3rios para investimentos na \u00e1rea de infraestrutura\u201d, afirmou Guedes.<\/p>\n<p style=\"text-align: justify;\">Questionado se \u00e9 poss\u00edvel zerar o d\u00e9ficit fiscal em um ano, como j\u00e1 declarou, Guedes disse: \u201cVamos tentar (zerar o d\u00e9ficit fiscal). Claro que \u00e9 fact\u00edvel\u201d. Segundo o economista, o programa econ\u00f4mico ser\u00e1 anunciado em blocos tem\u00e1ticos. \u201cN\u00e3o tem uma medida, n\u00e3o tem congelamento de pre\u00e7os, congelamento de ativos\u201d, afirmou Guedes. \u201cVamos anunciar blocos de medidas. Tem uma abertura gradual da economia, tem um ataque do d\u00e9ficit fiscal\u201d, completou.<\/p>\n<p style=\"text-align: justify;\">O assessor econ\u00f4mico defendeu ainda a altern\u00e2ncia de poder no governo federal. \u201cSomos uma democracia estabilizada. Estamos aperfei\u00e7oando nossas institui\u00e7\u00f5es\u201d, disse Guedes.<\/p>\n<h6 style=\"text-align: right;\">Estad\u00e3o<\/h6>\n<div class='share-to-whatsapp-wrapper'><div class='share-on-whsp'>Share on: <\/div><a data-text='Paulo Guedes diz que foco da economia ser\u00e1 o controle de gastos' data-link='https:\/\/newsinfoco.com.br\/inicio\/paulo-guedes-diz-que-foco-da-economia-sera-o-controle-de-gastos\/' class='whatsapp-button whatsapp-share'>WhatsApp<\/a><div class='clear '><\/div><\/div>","protected":false},"excerpt":{"rendered":"<p>O assessor econ\u00f4mico do presidente eleito presidente eleito Jair Bolsonaro (PSL), Paulo Guedes, afirmou na noite deste domingo que o foco do programa econ\u00f4mico do pr\u00f3ximo governo ser\u00e1 o controle dos gastos p\u00fablicos, com destaque para a Previd\u00eancia, para os gastos com juros e com a m\u00e1quina p\u00fablica. \u201cO programa econ\u00f4mico tem um diagn\u00f3stico claro. [&hellip;]<\/p>\n","protected":false},"author":1,"featured_media":10934,"comment_status":"open","ping_status":"open","sticky":false,"template":"","format":"standard","meta":{"om_disable_all_campaigns":false,"_exactmetrics_skip_tracking":false,"_exactmetrics_sitenote_active":false,"_exactmetrics_sitenote_note":"","_exactmetrics_sitenote_category":0,"footnotes":""},"categories":[21],"tags":[],"class_list":["post-10933","post","type-post","status-publish","format-standard","has-post-thumbnail","hentry","category-brasil"],"aioseo_notices":[],"_links":{"self":[{"href":"https:\/\/newsinfoco.com.br\/inicio\/wp-json\/wp\/v2\/posts\/10933","targetHints":{"allow":["GET"]}}],"collection":[{"href":"https:\/\/newsinfoco.com.br\/inicio\/wp-json\/wp\/v2\/posts"}],"about":[{"href":"https:\/\/newsinfoco.com.br\/inicio\/wp-json\/wp\/v2\/types\/post"}],"author":[{"embeddable":true,"href":"https:\/\/newsinfoco.com.br\/inicio\/wp-json\/wp\/v2\/users\/1"}],"replies":[{"embeddable":true,"href":"https:\/\/newsinfoco.com.br\/inicio\/wp-json\/wp\/v2\/comments?post=10933"}],"version-history":[{"count":0,"href":"https:\/\/newsinfoco.com.br\/inicio\/wp-json\/wp\/v2\/posts\/10933\/revisions"}],"wp:featuredmedia":[{"embeddable":true,"href":"https:\/\/newsinfoco.com.br\/inicio\/wp-json\/wp\/v2\/media\/10934"}],"wp:attachment":[{"href":"https:\/\/newsinfoco.com.br\/inicio\/wp-json\/wp\/v2\/media?parent=10933"}],"wp:term":[{"taxonomy":"category","embeddable":true,"href":"https:\/\/newsinfoco.com.br\/inicio\/wp-json\/wp\/v2\/categories?post=10933"},{"taxonomy":"post_tag","embeddable":true,"href":"https:\/\/newsinfoco.com.br\/inicio\/wp-json\/wp\/v2\/tags?post=10933"}],"curies":[{"name":"wp","href":"https:\/\/api.w.org\/{rel}","templated":true}]}}