{"id":10936,"date":"2018-10-29T11:13:28","date_gmt":"2018-10-29T13:13:28","guid":{"rendered":"http:\/\/newsinfoco.com.br\/?p=10936"},"modified":"2018-10-29T11:13:28","modified_gmt":"2018-10-29T13:13:28","slug":"derrotado-haddad-fala-em-liderar-oposicao","status":"publish","type":"post","link":"https:\/\/newsinfoco.com.br\/inicio\/derrotado-haddad-fala-em-liderar-oposicao\/","title":{"rendered":"Derrotado, Haddad fala em liderar oposi\u00e7\u00e3o"},"content":{"rendered":"<p style=\"text-align: justify;\">Derrotado no segundo turno por Jair Bolsonaro (PSL), mas detentor de 47 milh\u00f5es de votos em sua primeira elei\u00e7\u00e3o presidencial, o petista Fernando Haddad se colocou como l\u00edder da oposi\u00e7\u00e3o em seu discurso depois do resultado eleitoral.<\/p>\n<p style=\"text-align: justify;\">\u201cTemos uma tarefa enorme no Pa\u00eds que \u00e9, em nome da democracia, defender o pensamento e as liberdades destes 45 milh\u00f5es de brasileiros. Temos a responsabilidade de fazer uma oposi\u00e7\u00e3o colocando os interesse nacionais acima de tudo\u201d, disse Haddad, em pronunciamento feito no in\u00edcio da noite de ontem em hotel de S\u00e3o Paulo, antes da divulga\u00e7\u00e3o dos resultados finais \u2013 que o colocaram com 44,86% dos votos v\u00e1lidos.<\/p><div class=\"newsi-conteudo_19\" id=\"newsi-3023896522\"><a href=\"https:\/\/www.instagram.com\/prefeituraalagoinhas?igsh=YzgzdDJ1bWR3aWI4\" aria-label=\"SAVE_20251006_221555\"><img loading=\"lazy\" decoding=\"async\" src=\"https:\/\/newsinfoco.com.br\/inicio\/wp-content\/uploads\/2025\/10\/SAVE_20251006_221555-rotated.jpg\" alt=\"\"  srcset=\"https:\/\/newsinfoco.com.br\/inicio\/wp-content\/uploads\/2025\/10\/SAVE_20251006_221555-rotated.jpg 1140w, https:\/\/newsinfoco.com.br\/inicio\/wp-content\/uploads\/2025\/10\/SAVE_20251006_221555-300x52.jpg 300w, https:\/\/newsinfoco.com.br\/inicio\/wp-content\/uploads\/2025\/10\/SAVE_20251006_221555-1024x177.jpg 1024w, https:\/\/newsinfoco.com.br\/inicio\/wp-content\/uploads\/2025\/10\/SAVE_20251006_221555-768x133.jpg 768w, https:\/\/newsinfoco.com.br\/inicio\/wp-content\/uploads\/2025\/10\/SAVE_20251006_221555-600x104.jpg 600w, https:\/\/newsinfoco.com.br\/inicio\/wp-content\/uploads\/2025\/10\/SAVE_20251006_221555-696x120.jpg 696w, https:\/\/newsinfoco.com.br\/inicio\/wp-content\/uploads\/2025\/10\/SAVE_20251006_221555-1068x185.jpg 1068w\" sizes=\"(max-width: 1140px) 100vw, 1140px\" width=\"1140\" height=\"197\"   \/><\/a><\/div>\n<p style=\"text-align: justify;\">O candidato do PT n\u00e3o chegou a fazer uma autocr\u00edtica em rela\u00e7\u00e3o a erros do partido, mas admitiu que, para voltar a \u201csensibilizar mentes e cora\u00e7\u00f5es\u201d, vai ter de se reconectar com as bases que elegeram Luiz In\u00e1cio Lula da Silva e Dilma Rousseff e, ontem, escolheram Bolsonaro. \u201cTemos de fazer uma profiss\u00e3o de f\u00e9 de que vamos continuar nossa caminhada conversando com as pessoas, nos reconectando com as bases, com os pobres deste Pa\u00eds\u201d, afirmou.<\/p>\n<p style=\"text-align: justify;\">Na sequ\u00eancia, lembrou que dentro de quatro anos \u201cteremos novas elei\u00e7\u00f5es\u201d. \u201cDaqui a quatro anos teremos uma nova elei\u00e7\u00e3o. Temos de garantir as institui\u00e7\u00f5es. N\u00e3o vamos sair dos nossos of\u00edcios, mas n\u00e3o vamos deixar de exercer nossa cidadania\u201d, disse ele. Acompanhado da mulher, Ana Estela, dos filhos, m\u00e3e, a vice na sua chapa, Manuela D\u2019Avila, e dezenas de apoiadores, Haddad se colocou como defensor de direitos civis, trabalhistas pol\u00edticos e sociais que, segundo ele, estariam amea\u00e7ados com a vit\u00f3ria de Bolsonaro.<\/p>\n<p style=\"text-align: justify;\">\u201cN\u00f3s temos uma na\u00e7\u00e3o e precisamos defend\u00ea-la daqueles que, de forma desrespeitosa, pretendem usurpar o nosso patrim\u00f4nio, enganando a democracia n\u00e3o s\u00f3 do ponto de vista formal\u201d, afirmou.<\/p>\n<p style=\"text-align: justify;\">Ao final do discurso de aproximadamente 10 minutos, Haddad exortou seus apoiadores a se unirem na \u201cresist\u00eancia\u201d \u00e0s mudan\u00e7as prometidas pelo presidente eleito. Tamb\u00e9m emulou o Hino Nacional, ao dizer que se coloca \u00e0 disposi\u00e7\u00e3o dos eleitores no pr\u00f3ximo per\u00edodo. \u201cVer\u00e1s que um professor n\u00e3o foge \u00e0 luta nem teme quem adora a liberdade \u00e0 pr\u00f3pria morte. N\u00f3s temos um compromisso de vida com este Pa\u00eds.\u201d<\/p>\n<h6 style=\"text-align: right;\"><span style=\"color: #999999;\">Estadao<\/span><\/h6>\n<div class='share-to-whatsapp-wrapper'><div class='share-on-whsp'>Share on: <\/div><a data-text='Derrotado, Haddad fala em liderar oposi\u00e7\u00e3o' data-link='https:\/\/newsinfoco.com.br\/inicio\/derrotado-haddad-fala-em-liderar-oposicao\/' class='whatsapp-button whatsapp-share'>WhatsApp<\/a><div class='clear '><\/div><\/div>","protected":false},"excerpt":{"rendered":"<p>Derrotado no segundo turno por Jair Bolsonaro (PSL), mas detentor de 47 milh\u00f5es de votos em sua primeira elei\u00e7\u00e3o presidencial, o petista Fernando Haddad se colocou como l\u00edder da oposi\u00e7\u00e3o em seu discurso depois do resultado eleitoral. \u201cTemos uma tarefa enorme no Pa\u00eds que \u00e9, em nome da democracia, defender o pensamento e as liberdades [&hellip;]<\/p>\n","protected":false},"author":1,"featured_media":10937,"comment_status":"open","ping_status":"open","sticky":false,"template":"","format":"standard","meta":{"om_disable_all_campaigns":false,"_exactmetrics_skip_tracking":false,"_exactmetrics_sitenote_active":false,"_exactmetrics_sitenote_note":"","_exactmetrics_sitenote_category":0,"footnotes":""},"categories":[21],"tags":[],"class_list":["post-10936","post","type-post","status-publish","format-standard","has-post-thumbnail","hentry","category-brasil"],"aioseo_notices":[],"_links":{"self":[{"href":"https:\/\/newsinfoco.com.br\/inicio\/wp-json\/wp\/v2\/posts\/10936","targetHints":{"allow":["GET"]}}],"collection":[{"href":"https:\/\/newsinfoco.com.br\/inicio\/wp-json\/wp\/v2\/posts"}],"about":[{"href":"https:\/\/newsinfoco.com.br\/inicio\/wp-json\/wp\/v2\/types\/post"}],"author":[{"embeddable":true,"href":"https:\/\/newsinfoco.com.br\/inicio\/wp-json\/wp\/v2\/users\/1"}],"replies":[{"embeddable":true,"href":"https:\/\/newsinfoco.com.br\/inicio\/wp-json\/wp\/v2\/comments?post=10936"}],"version-history":[{"count":0,"href":"https:\/\/newsinfoco.com.br\/inicio\/wp-json\/wp\/v2\/posts\/10936\/revisions"}],"wp:featuredmedia":[{"embeddable":true,"href":"https:\/\/newsinfoco.com.br\/inicio\/wp-json\/wp\/v2\/media\/10937"}],"wp:attachment":[{"href":"https:\/\/newsinfoco.com.br\/inicio\/wp-json\/wp\/v2\/media?parent=10936"}],"wp:term":[{"taxonomy":"category","embeddable":true,"href":"https:\/\/newsinfoco.com.br\/inicio\/wp-json\/wp\/v2\/categories?post=10936"},{"taxonomy":"post_tag","embeddable":true,"href":"https:\/\/newsinfoco.com.br\/inicio\/wp-json\/wp\/v2\/tags?post=10936"}],"curies":[{"name":"wp","href":"https:\/\/api.w.org\/{rel}","templated":true}]}}