{"id":10942,"date":"2018-10-29T11:19:58","date_gmt":"2018-10-29T13:19:58","guid":{"rendered":"http:\/\/newsinfoco.com.br\/?p=10942"},"modified":"2018-10-29T11:19:58","modified_gmt":"2018-10-29T13:19:58","slug":"governo-bolsonaro-sera-de-centro-direita-diz-bebianno","status":"publish","type":"post","link":"https:\/\/newsinfoco.com.br\/inicio\/governo-bolsonaro-sera-de-centro-direita-diz-bebianno\/","title":{"rendered":"\u2018Governo Bolsonaro ser\u00e1 de centro-direita\u2019, diz Bebianno"},"content":{"rendered":"<p style=\"text-align: justify;\">O presidente do PSL, Gustavo Bebianno, afirmou na noite deste domingo, 28, que o futuro governo Jair Bolsonaro ser\u00e1 de centro-direita e ter\u00e1 maioria no Congresso Nacional. Segundo Bebianno, um dos principais assessores de campanha de Bolsonaro, o PT ficar\u00e1 isolado na oposi\u00e7\u00e3o.<\/p>\n<p style=\"text-align: justify;\">\u201cTeremos a maioria no Congresso, ser\u00e1 um governo de centro-direita. O PT vai ficar isolado \u00e0 esquerda, como sempre. Suas pautas s\u00e3o sempre negativas, sempre contr\u00e1rias aos interesses do Pa\u00eds. O amor do PT \u00e9 pelo partido, n\u00e3o pelo Brasil\u201d, afirmou Bebianno, ao chegar ao hotel Windsor Barra, na zona oeste do Rio.<\/p><div class=\"newsi-conteudo_19\" id=\"newsi-1868628584\"><a href=\"https:\/\/www.instagram.com\/prefeituraalagoinhas?igsh=YzgzdDJ1bWR3aWI4\" aria-label=\"SAVE_20251006_221555\"><img loading=\"lazy\" decoding=\"async\" src=\"https:\/\/newsinfoco.com.br\/inicio\/wp-content\/uploads\/2025\/10\/SAVE_20251006_221555-rotated.jpg\" alt=\"\"  srcset=\"https:\/\/newsinfoco.com.br\/inicio\/wp-content\/uploads\/2025\/10\/SAVE_20251006_221555-rotated.jpg 1140w, https:\/\/newsinfoco.com.br\/inicio\/wp-content\/uploads\/2025\/10\/SAVE_20251006_221555-300x52.jpg 300w, https:\/\/newsinfoco.com.br\/inicio\/wp-content\/uploads\/2025\/10\/SAVE_20251006_221555-1024x177.jpg 1024w, https:\/\/newsinfoco.com.br\/inicio\/wp-content\/uploads\/2025\/10\/SAVE_20251006_221555-768x133.jpg 768w, https:\/\/newsinfoco.com.br\/inicio\/wp-content\/uploads\/2025\/10\/SAVE_20251006_221555-600x104.jpg 600w, https:\/\/newsinfoco.com.br\/inicio\/wp-content\/uploads\/2025\/10\/SAVE_20251006_221555-696x120.jpg 696w, https:\/\/newsinfoco.com.br\/inicio\/wp-content\/uploads\/2025\/10\/SAVE_20251006_221555-1068x185.jpg 1068w\" sizes=\"(max-width: 1140px) 100vw, 1140px\" width=\"1140\" height=\"197\"   \/><\/a><\/div>\n<p style=\"text-align: justify;\">Bebianno comentou o telefonema do presidente dos Estados Unidos, Donald Trump, ap\u00f3s o an\u00fancio da elei\u00e7\u00e3o de Bolsonaro. \u201cFoi um telefonema de cortesia, para dar os parab\u00e9ns, desejar felicidades. \u00c9 um sinal de proximidade com nosso grande parceiro comercial\u201d, disse o presidente do PSL.<\/p>\n<p style=\"text-align: justify;\">O assessor de Bolsonaro refor\u00e7ou que a transi\u00e7\u00e3o de governo ficar\u00e1 cargo do deputado federal Onyx Lorenzoni (DEM), cotado para comandar a Casa Civil no futuro governo.<\/p>\n<p style=\"text-align: justify;\">Segundo Bebianno, al\u00e9m de Trump, Bolsonaro recebeu um telefonema do presidente Michel Temer. O candidato do PT, Fernando Haddad, n\u00e3o ligou para o presidente eleito. \u201cHaddad \u00e9 petista, n\u00e3o costuma ligar para quem ganha\u201d, disse o presidente do PSL.<\/p>\n<p style=\"text-align: justify;\">Mesmo com a vit\u00f3ria, Bebianno criticou o sistema eleitoral com base na urna eletr\u00f4nica. Para o presidente do PSL, a margem de vit\u00f3ria foi maior do que realmente registrada. \u201cA impress\u00e3o do voto permitiria que houvesse uma transpar\u00eancia maior\u201d, afirmou Bebianno, para quem mudar o sistema poder\u00e1 ser uma prioridade do futuro governo.<\/p>\n<p style=\"text-align: justify;\">Bebianno disse ainda que n\u00e3o est\u00e1 confirmado como ministro da Justi\u00e7a de Bolsonaro. Ele afirmou que h\u00e1 \u201cbons nomes\u201d sendo cogitados para o cargo, como a ex-ministra do Superior Tribunal de Justi\u00e7a (STJ) Eliana Calmon e o juiz federal S\u00e9rgio Moro.<\/p>\n<p style=\"text-align: justify;\">Segundo ele, Moro pode ser indicado tamb\u00e9m para compor o Supremo Tribunal Federal (STF) \u201cmais para frente\u201d.<\/p>\n<h6 style=\"text-align: right;\"><span style=\"color: #999999;\">Estad\u00e3o<\/span><\/h6>\n<div class='share-to-whatsapp-wrapper'><div class='share-on-whsp'>Share on: <\/div><a data-text='\u2018Governo Bolsonaro ser\u00e1 de centro-direita\u2019, diz Bebianno' data-link='https:\/\/newsinfoco.com.br\/inicio\/governo-bolsonaro-sera-de-centro-direita-diz-bebianno\/' class='whatsapp-button whatsapp-share'>WhatsApp<\/a><div class='clear '><\/div><\/div>","protected":false},"excerpt":{"rendered":"<p>O presidente do PSL, Gustavo Bebianno, afirmou na noite deste domingo, 28, que o futuro governo Jair Bolsonaro ser\u00e1 de centro-direita e ter\u00e1 maioria no Congresso Nacional. Segundo Bebianno, um dos principais assessores de campanha de Bolsonaro, o PT ficar\u00e1 isolado na oposi\u00e7\u00e3o. \u201cTeremos a maioria no Congresso, ser\u00e1 um governo de centro-direita. O PT [&hellip;]<\/p>\n","protected":false},"author":1,"featured_media":10943,"comment_status":"open","ping_status":"open","sticky":false,"template":"","format":"standard","meta":{"om_disable_all_campaigns":false,"_exactmetrics_skip_tracking":false,"_exactmetrics_sitenote_active":false,"_exactmetrics_sitenote_note":"","_exactmetrics_sitenote_category":0,"footnotes":""},"categories":[21],"tags":[],"class_list":["post-10942","post","type-post","status-publish","format-standard","has-post-thumbnail","hentry","category-brasil"],"aioseo_notices":[],"_links":{"self":[{"href":"https:\/\/newsinfoco.com.br\/inicio\/wp-json\/wp\/v2\/posts\/10942","targetHints":{"allow":["GET"]}}],"collection":[{"href":"https:\/\/newsinfoco.com.br\/inicio\/wp-json\/wp\/v2\/posts"}],"about":[{"href":"https:\/\/newsinfoco.com.br\/inicio\/wp-json\/wp\/v2\/types\/post"}],"author":[{"embeddable":true,"href":"https:\/\/newsinfoco.com.br\/inicio\/wp-json\/wp\/v2\/users\/1"}],"replies":[{"embeddable":true,"href":"https:\/\/newsinfoco.com.br\/inicio\/wp-json\/wp\/v2\/comments?post=10942"}],"version-history":[{"count":0,"href":"https:\/\/newsinfoco.com.br\/inicio\/wp-json\/wp\/v2\/posts\/10942\/revisions"}],"wp:featuredmedia":[{"embeddable":true,"href":"https:\/\/newsinfoco.com.br\/inicio\/wp-json\/wp\/v2\/media\/10943"}],"wp:attachment":[{"href":"https:\/\/newsinfoco.com.br\/inicio\/wp-json\/wp\/v2\/media?parent=10942"}],"wp:term":[{"taxonomy":"category","embeddable":true,"href":"https:\/\/newsinfoco.com.br\/inicio\/wp-json\/wp\/v2\/categories?post=10942"},{"taxonomy":"post_tag","embeddable":true,"href":"https:\/\/newsinfoco.com.br\/inicio\/wp-json\/wp\/v2\/tags?post=10942"}],"curies":[{"name":"wp","href":"https:\/\/api.w.org\/{rel}","templated":true}]}}