{"id":10945,"date":"2018-10-29T11:48:37","date_gmt":"2018-10-29T13:48:37","guid":{"rendered":"http:\/\/newsinfoco.com.br\/?p=10945"},"modified":"2018-10-29T11:48:37","modified_gmt":"2018-10-29T13:48:37","slug":"21a-expo-alagoinhas-comeca-nesta-quinta-feira-1","status":"publish","type":"post","link":"https:\/\/newsinfoco.com.br\/inicio\/21a-expo-alagoinhas-comeca-nesta-quinta-feira-1\/","title":{"rendered":"21\u00aa Expo Alagoinhas come\u00e7a nesta quinta-feira (1)"},"content":{"rendered":"<p style=\"text-align: justify;\">Com uma programa\u00e7\u00e3o diversificada e mais de 60 expositores envolvidos, preparados para apresentar os animais de ra\u00e7as selecionadas, a 21\u00aa Expo Alagoinhas deve movimentar a cidade de 1 a 4 de novembro.<\/p>\n<p style=\"text-align: justify;\">Al\u00e9m da tradicional feira e do julgamento de animais, em 2018, o evento conta tamb\u00e9m com espa\u00e7o de hortali\u00e7as, segmento da agricultura familiar, casa de farinha para visita\u00e7\u00e3o, estandes de artesanatos, torneio leiteiro e \u00e1rea de lazer infantil com montaria para as crian\u00e7as.<\/p><div class=\"newsi-conteudo_19\" id=\"newsi-372832336\"><a href=\"https:\/\/www.instagram.com\/prefeituraalagoinhas?igsh=YzgzdDJ1bWR3aWI4\" aria-label=\"SAVE_20251006_221555\"><img loading=\"lazy\" decoding=\"async\" src=\"https:\/\/newsinfoco.com.br\/inicio\/wp-content\/uploads\/2025\/10\/SAVE_20251006_221555-rotated.jpg\" alt=\"\"  srcset=\"https:\/\/newsinfoco.com.br\/inicio\/wp-content\/uploads\/2025\/10\/SAVE_20251006_221555-rotated.jpg 1140w, https:\/\/newsinfoco.com.br\/inicio\/wp-content\/uploads\/2025\/10\/SAVE_20251006_221555-300x52.jpg 300w, https:\/\/newsinfoco.com.br\/inicio\/wp-content\/uploads\/2025\/10\/SAVE_20251006_221555-1024x177.jpg 1024w, https:\/\/newsinfoco.com.br\/inicio\/wp-content\/uploads\/2025\/10\/SAVE_20251006_221555-768x133.jpg 768w, https:\/\/newsinfoco.com.br\/inicio\/wp-content\/uploads\/2025\/10\/SAVE_20251006_221555-600x104.jpg 600w, https:\/\/newsinfoco.com.br\/inicio\/wp-content\/uploads\/2025\/10\/SAVE_20251006_221555-696x120.jpg 696w, https:\/\/newsinfoco.com.br\/inicio\/wp-content\/uploads\/2025\/10\/SAVE_20251006_221555-1068x185.jpg 1068w\" sizes=\"(max-width: 1140px) 100vw, 1140px\" width=\"1140\" height=\"197\"   \/><\/a><\/div>\n<p style=\"text-align: justify;\">O evento promete ainda \u201cPocket Shows\u201d com artistas locais, espa\u00e7o gastron\u00f4mico, comercializa\u00e7\u00e3o de doces t\u00edpicos, venda de artefatos da cultura popular e minicursos oferecidos gratuitamente \u00e0 popula\u00e7\u00e3o.<\/p>\n<p style=\"text-align: justify;\">A proposta, este ano, \u00e9 atrair visitantes, possibilitar neg\u00f3cios e proporcionar um espa\u00e7o de lazer e divers\u00e3o \u00e0s fam\u00edlias.<\/p>\n<p style=\"text-align: justify;\">A recep\u00e7\u00e3o dos animais come\u00e7a nesta ter\u00e7a-feira (30) e a abertura oficial est\u00e1 marcada para as 20h do dia 1 de novembro, no Parque de Exposi\u00e7\u00f5es Miguel Fontes, onde a exposi\u00e7\u00e3o agropecu\u00e1ria \u00e9 tradicionalmente realizada.<br \/>\nEstar\u00e3o presentes representantes das ra\u00e7as Girolando, Gir Leiteiro, criadores de Campolina Marchador e empres\u00e1rios do segmento de ovinos e caprinos.<\/p>\n<p style=\"text-align: justify;\">\u201cA ideia \u00e9 fomentar neg\u00f3cios, possibilitar contatos, oportunizar a empres\u00e1rios o surgimento de novas propostas, mas tamb\u00e9m trazer, \u00e0s fam\u00edlias, uma op\u00e7\u00e3o de programa\u00e7\u00e3o cultural, que dialogue com a import\u00e2ncia do setor e permita, \u00e0 popula\u00e7\u00e3o de um modo geral, conhecer caracter\u00edsticas da nossa agricultura familiar, da hist\u00f3ria das casas de farinha, do campo e dos animais\u201d, afirma o secret\u00e1rio municipal de agricultura, Geraldo Almeida.<\/p>\n<p style=\"text-align: justify;\">No total, mais de 650 animais devem circular pelo espa\u00e7o durante os dias de evento e a previs\u00e3o \u00e9 de que passem pelo local cerca de 20 mil pessoas at\u00e9 a data de encerramento.<\/p>\n<p style=\"text-align: justify;\">Confira a programa\u00e7\u00e3o oficial da Expo Alagoinhas 2018:<\/p>\n<p style=\"text-align: justify;\"><strong>30\/10 (Ter\u00e7a-feira):<\/strong> Chegada dos animais<\/p>\n<p style=\"text-align: justify;\"><strong>31\/10 (Quarta-feira):<\/strong> 11h \u2013 Torneio leiteiro<\/p>\n<p style=\"text-align: justify;\"><strong>01\/11 (Quinta-feira): <\/strong><br \/>\n8h \u2013 Torneio leiteiro<br \/>\n10h \u2013 Palestras e minicursos<br \/>\n14h \u2013 Julgamento Campolina e Girolando<br \/>\n20h \u2013 ABERTURA OFICIAL<br \/>\n21h \u2013 Pocket show<br \/>\n2h \u2013 Encerramento<\/p>\n<p style=\"text-align: justify;\"><strong>02\/11 (Sexta-feira):<\/strong><br \/>\n8h \u2013 Admiss\u00e3o de caprinos e ovinos<br \/>\n9h \u2013 Julgamento das ra\u00e7as Campolina, Gir<br \/>\n10h \u2013 Minicursos e palestras<br \/>\n14h \u2013 Julgamento da ra\u00e7a Campolina e julgamento de caprinos e ovinos<br \/>\n18h \u2013 Pocket Show<br \/>\n20h \u2013 Leil\u00e3o do Nelore e Pampa<br \/>\n2h \u2013 Encerramento<\/p>\n<p style=\"text-align: justify;\"><strong>03\/11 (S\u00e1bado):<\/strong><br \/>\n8h \u2013 Julgamento da ra\u00e7a Campolina e julgamento de caprinos e ovinos.<br \/>\n12h \u2013 Julgamento do Gir, Gilrolando e Campolina<br \/>\n14h \u2013 Julgamento de Caprinos e ovino<br \/>\nDas 18h \u00e0s 23h \u2013 Pocket Show<br \/>\n2h \u2013 Encerramento<\/p>\n<p style=\"text-align: justify;\"><strong>04\/10 (Domingo):<\/strong><br \/>\n9h \u2013 Palestras e Minicursos<br \/>\n11h \u2013 Premia\u00e7\u00e3o dos animais vencedores<br \/>\n12h \u2013 Pocket Show<br \/>\n21h- Encerramento<\/p>\n<h6 style=\"text-align: right;\"><span style=\"color: #999999;\">Secom Alagoinhas<\/span><\/h6>\n<div class='share-to-whatsapp-wrapper'><div class='share-on-whsp'>Share on: <\/div><a data-text='21\u00aa Expo Alagoinhas come\u00e7a nesta quinta-feira (1)' data-link='https:\/\/newsinfoco.com.br\/inicio\/21a-expo-alagoinhas-comeca-nesta-quinta-feira-1\/' class='whatsapp-button whatsapp-share'>WhatsApp<\/a><div class='clear '><\/div><\/div>","protected":false},"excerpt":{"rendered":"<p>Com uma programa\u00e7\u00e3o diversificada e mais de 60 expositores envolvidos, preparados para apresentar os animais de ra\u00e7as selecionadas, a 21\u00aa Expo Alagoinhas deve movimentar a cidade de 1 a 4 de novembro. Al\u00e9m da tradicional feira e do julgamento de animais, em 2018, o evento conta tamb\u00e9m com espa\u00e7o de hortali\u00e7as, segmento da agricultura familiar, [&hellip;]<\/p>\n","protected":false},"author":1,"featured_media":10791,"comment_status":"open","ping_status":"open","sticky":false,"template":"","format":"standard","meta":{"om_disable_all_campaigns":false,"_exactmetrics_skip_tracking":false,"_exactmetrics_sitenote_active":false,"_exactmetrics_sitenote_note":"","_exactmetrics_sitenote_category":0,"footnotes":""},"categories":[38,30],"tags":[],"class_list":["post-10945","post","type-post","status-publish","format-standard","has-post-thumbnail","hentry","category-alagoinhas-e-regiao","category-destaque"],"aioseo_notices":[],"_links":{"self":[{"href":"https:\/\/newsinfoco.com.br\/inicio\/wp-json\/wp\/v2\/posts\/10945","targetHints":{"allow":["GET"]}}],"collection":[{"href":"https:\/\/newsinfoco.com.br\/inicio\/wp-json\/wp\/v2\/posts"}],"about":[{"href":"https:\/\/newsinfoco.com.br\/inicio\/wp-json\/wp\/v2\/types\/post"}],"author":[{"embeddable":true,"href":"https:\/\/newsinfoco.com.br\/inicio\/wp-json\/wp\/v2\/users\/1"}],"replies":[{"embeddable":true,"href":"https:\/\/newsinfoco.com.br\/inicio\/wp-json\/wp\/v2\/comments?post=10945"}],"version-history":[{"count":0,"href":"https:\/\/newsinfoco.com.br\/inicio\/wp-json\/wp\/v2\/posts\/10945\/revisions"}],"wp:featuredmedia":[{"embeddable":true,"href":"https:\/\/newsinfoco.com.br\/inicio\/wp-json\/wp\/v2\/media\/10791"}],"wp:attachment":[{"href":"https:\/\/newsinfoco.com.br\/inicio\/wp-json\/wp\/v2\/media?parent=10945"}],"wp:term":[{"taxonomy":"category","embeddable":true,"href":"https:\/\/newsinfoco.com.br\/inicio\/wp-json\/wp\/v2\/categories?post=10945"},{"taxonomy":"post_tag","embeddable":true,"href":"https:\/\/newsinfoco.com.br\/inicio\/wp-json\/wp\/v2\/tags?post=10945"}],"curies":[{"name":"wp","href":"https:\/\/api.w.org\/{rel}","templated":true}]}}