{"id":10951,"date":"2018-10-29T18:22:21","date_gmt":"2018-10-29T20:22:21","guid":{"rendered":"http:\/\/newsinfoco.com.br\/?p=10951"},"modified":"2018-10-29T18:22:21","modified_gmt":"2018-10-29T20:22:21","slug":"alagoinhas-cras-promovem-atividades-e-servicos-para-todas-as-idadesconfira-a-agenda-desta-semana","status":"publish","type":"post","link":"https:\/\/newsinfoco.com.br\/inicio\/alagoinhas-cras-promovem-atividades-e-servicos-para-todas-as-idadesconfira-a-agenda-desta-semana\/","title":{"rendered":"Alagoinhas: CRAS promovem atividades e servi\u00e7os para todas as idades;confira a agenda desta semana"},"content":{"rendered":"<p style=\"text-align: justify;\">A Secretaria de Assist\u00eancia Social (SEMAS) divulga as atividades que ser\u00e3o realizadas durante a semana nos Centros de Refer\u00eancia e Assist\u00eancia Social (CRAS):<\/p>\n<p style=\"text-align: justify;\"><strong>CRAS Riacho da Guia<\/strong><\/p><div class=\"newsi-conteudo_19\" id=\"newsi-525797576\"><a href=\"https:\/\/www.instagram.com\/prefeituraalagoinhas?igsh=YzgzdDJ1bWR3aWI4\" aria-label=\"SAVE_20251006_221555\"><img loading=\"lazy\" decoding=\"async\" src=\"https:\/\/newsinfoco.com.br\/inicio\/wp-content\/uploads\/2025\/10\/SAVE_20251006_221555-rotated.jpg\" alt=\"\"  srcset=\"https:\/\/newsinfoco.com.br\/inicio\/wp-content\/uploads\/2025\/10\/SAVE_20251006_221555-rotated.jpg 1140w, https:\/\/newsinfoco.com.br\/inicio\/wp-content\/uploads\/2025\/10\/SAVE_20251006_221555-300x52.jpg 300w, https:\/\/newsinfoco.com.br\/inicio\/wp-content\/uploads\/2025\/10\/SAVE_20251006_221555-1024x177.jpg 1024w, https:\/\/newsinfoco.com.br\/inicio\/wp-content\/uploads\/2025\/10\/SAVE_20251006_221555-768x133.jpg 768w, https:\/\/newsinfoco.com.br\/inicio\/wp-content\/uploads\/2025\/10\/SAVE_20251006_221555-600x104.jpg 600w, https:\/\/newsinfoco.com.br\/inicio\/wp-content\/uploads\/2025\/10\/SAVE_20251006_221555-696x120.jpg 696w, https:\/\/newsinfoco.com.br\/inicio\/wp-content\/uploads\/2025\/10\/SAVE_20251006_221555-1068x185.jpg 1068w\" sizes=\"(max-width: 1140px) 100vw, 1140px\" width=\"1140\" height=\"197\"   \/><\/a><\/div>\n<p style=\"text-align: justify;\">29\/10 \u2013 Manh\u00e3 \u2013 SCFV \u2013 Grupo de Crian\u00e7as \u2013 Din\u00e2mica com fantoches relacionando o cuidado com a pessoa idosa.<\/p>\n<p style=\"text-align: justify;\">Tarde \u2013 SCFV \u2013 Oficina Violinos M\u00e1gicos e Canto Coral.<\/p>\n<p style=\"text-align: justify;\">Oficina de Gin\u00e1stica.<\/p>\n<p style=\"text-align: justify;\">30\/10 \u2013 Tarde \u2013 \u00a0SCFV \u2013 Grupo de Crian\u00e7as.<\/p>\n<p style=\"text-align: justify;\">Manh\u00e3: Grupo PAIF \u2013 Descumprimento de Condicionalidades do PBF.<\/p>\n<p style=\"text-align: justify;\">Oficina de Capoeira (Quizambu e Concei\u00e7\u00e3o)<\/p>\n<p style=\"text-align: justify;\">31\/10 \u2013 Manh\u00e3 e Tarde<\/p>\n<p style=\"text-align: justify;\">SCFV \u2013 Grupo de Mulheres \u2013 Dia de Beleza.<\/p>\n<p style=\"text-align: justify;\">Oficina de Futebol.<\/p>\n<p style=\"text-align: justify;\">01\/11 \u2013 Manh\u00e3 e Tarde<\/p>\n<p style=\"text-align: justify;\">SCFV \u2013 Grupo de Adolescentes \u2013 Introdu\u00e7\u00e3o do eixo tem\u00e1tico mensal: Em busca da dignidade da popula\u00e7\u00e3o negra.<\/p>\n<p style=\"text-align: justify;\">Oficina de Dan\u00e7a Infantil e Idosos.<\/p>\n<p style=\"text-align: justify;\">Oficina de Dan\u00e7a Adultos (comunidade Concei\u00e7\u00e3o).<\/p>\n<p style=\"text-align: justify;\">02\/10 \u2013 Feriado Nacional.<\/p>\n<p style=\"text-align: justify;\"><strong>CRAS Pra\u00e7a do C\u00e9u<\/strong><\/p>\n<p style=\"text-align: justify;\">29\/10 Manh\u00e3:<\/p>\n<p style=\"text-align: justify;\">Visita Domiciliar<\/p>\n<p style=\"text-align: justify;\">Oficina de Violinos M\u00e1gicos<\/p>\n<p style=\"text-align: justify;\">Tarde: Visita Domiciliar<\/p>\n<p style=\"text-align: justify;\">Oficina de Dan\u00e7a Idosas<\/p>\n<p style=\"text-align: justify;\">Grupo de Mulheres: Cidadania e o Direito da Pessoa Idosa com o Conselho do Idoso<\/p>\n<p style=\"text-align: justify;\">30\/10<\/p>\n<p style=\"text-align: justify;\">Manh\u00e3: Sala de espera: Acolhida com os T\u00e9cnicos<\/p>\n<p style=\"text-align: justify;\">Tarde: Grupo de Mulheres: Cidadania e o Direito da Pessoa Idosa com o Conselho do Idoso<\/p>\n<p style=\"text-align: justify;\">Oficina de Flauta Doce<\/p>\n<p style=\"text-align: justify;\">31\/10 Manha: Oficina de Capoeira<\/p>\n<p style=\"text-align: justify;\">Tarde: Oficina de Violinos M\u00e1gicos<\/p>\n<p style=\"text-align: justify;\">Oficina de Dan\u00e7a com as \u00a0Crian\u00e7as<\/p>\n<p style=\"text-align: justify;\">Oficina de Gin\u00e1stica<\/p>\n<p style=\"text-align: justify;\">Reuni\u00e3o para planejamento<\/p>\n<p style=\"text-align: justify;\">01\/11 Manha e Tarde: Grupo de Adolescente e Idosas:<\/p>\n<p style=\"text-align: justify;\">Document\u00e1rio : A historia de Zumbi dos Palmares introduzindo o eixo do m\u00eas. Em busca da Dignidade para popula\u00e7\u00e3o negra.<\/p>\n<p style=\"text-align: justify;\">02\/11 Feriado Nacional.<\/p>\n<p style=\"text-align: justify;\"><strong>Cras de Nova Bras\u00edlia.<\/strong><\/p>\n<p style=\"text-align: justify;\">29\/10- Manh\u00e3:<\/p>\n<p style=\"text-align: justify;\">Atendimentos socioassistenciais;<\/p>\n<p style=\"text-align: justify;\">Servi\u00e7o de Conviv\u00eancia e Fortalecimento de V\u00ednculos (SCFV) com o grupo de adolescentes.<\/p>\n<p style=\"text-align: justify;\">Atividade: Pintura em Tela<\/p>\n<p style=\"text-align: justify;\">Manh\u00e3 e pela tarde:<\/p>\n<p style=\"text-align: justify;\">Oficina de Capoeira na Baixa da Candeia;<\/p>\n<p style=\"text-align: justify;\">Tarde \u2013 Oficina de Gin\u00e1stica CRAS de Nova Bras\u00edlia;<\/p>\n<p style=\"text-align: justify;\">SCFV para os adolescentes.<\/p>\n<p style=\"text-align: justify;\">Atividade: Pintura em Tela.<\/p>\n<p style=\"text-align: justify;\">Atendimento Socioassistencial<\/p>\n<p style=\"text-align: justify;\">30\/10 \u2013 Manh\u00e3:<\/p>\n<p style=\"text-align: justify;\">Oficina de Violinos no CRAS;<\/p>\n<p style=\"text-align: justify;\">Visita domiciliar<\/p>\n<p style=\"text-align: justify;\">Atendimento Socioassistencial<\/p>\n<p style=\"text-align: justify;\">Tarde:<\/p>\n<p style=\"text-align: justify;\">Oficina de Violinos;<\/p>\n<p style=\"text-align: justify;\">Encontro com o Grupo de Idosas\/os \u2013 SCFV.<\/p>\n<p style=\"text-align: justify;\">Atividade: Roda de Conversa sobre valoriza\u00e7\u00e3o e reconhecimento da popula\u00e7\u00e3o negra na terceira idade.<\/p>\n<p style=\"text-align: justify;\">Oficina de Futebol- manh\u00e3 e tarde na Comunidade da Baixa da Candeia.<\/p>\n<p style=\"text-align: justify;\">Manh\u00e3 e tarde<\/p>\n<p style=\"text-align: justify;\">Servi\u00e7o de Prote\u00e7\u00e3o Social \u00e0 Domic\u00edlio- visitas domiciliares \u00e0s Pessoas com Defici\u00eancia e visitas da rede,<\/p>\n<p style=\"text-align: justify;\">31\/10 \u2013 Quarta-feira<\/p>\n<p style=\"text-align: justify;\">Manh\u00e3:<\/p>\n<p style=\"text-align: justify;\">Oficina de Dan\u00e7a e Atendimento Socioassistencial.<\/p>\n<p style=\"text-align: justify;\">Tarde:<\/p>\n<p style=\"text-align: justify;\">Oficina de Dan\u00e7a;<\/p>\n<p style=\"text-align: justify;\">Atendimento Socioassistencial;<\/p>\n<p style=\"text-align: justify;\">Oficina de Gin\u00e1stica na Baixa da Candeia.<\/p>\n<p style=\"text-align: justify;\">01\/11<\/p>\n<p style=\"text-align: justify;\">Manh\u00e3:<\/p>\n<p style=\"text-align: justify;\">Atendimento Socioassistencial e Of\u00edcina de capoeira.<\/p>\n<p style=\"text-align: justify;\">Tarde:<\/p>\n<p style=\"text-align: justify;\">Atendimento Socioassistencial e Grupo de Mulheres\/ SCFV.<\/p>\n<p style=\"text-align: justify;\">Atividade: Oficina de Papoetagem.<\/p>\n<p style=\"text-align: justify;\">CRAS BOA UNI\u00c3O<\/p>\n<p style=\"text-align: justify;\">Dia 29\/10<\/p>\n<p style=\"text-align: justify;\">Manh\u00e3 e tarde<\/p>\n<p style=\"text-align: justify;\">*Oficina de Futebol do SCFV para Adolescentes<\/p>\n<p style=\"text-align: justify;\">Manh\u00e3<\/p>\n<p style=\"text-align: justify;\">Oficina de gin\u00e1stica do SCFV intergeracional<\/p>\n<p style=\"text-align: justify;\">Tarde<\/p>\n<p style=\"text-align: justify;\">*SCFV \u2013 Grupo Intergeracional \u2013 Din\u00e2mica grupal sobre a import\u00e2ncia do respeito \u00e0 diferen\u00e7a.<\/p>\n<p style=\"text-align: justify;\">Dia 30\/10<\/p>\n<p style=\"text-align: justify;\">Manh\u00e3 e tarde<\/p>\n<p style=\"text-align: justify;\">Oficina de Dan\u00e7a do SCFV para Crian\u00e7as nos per\u00edodos Matutino e Vespertino;<\/p>\n<p style=\"text-align: justify;\">Tarde<\/p>\n<p style=\"text-align: justify;\">Oficina de Dan\u00e7a do SCFV para Mulheres<\/p>\n<p style=\"text-align: justify;\">Dia 31\/10<\/p>\n<p style=\"text-align: justify;\">Manh\u00e3<\/p>\n<p style=\"text-align: justify;\">Oficina de Violinos \u2013 SCFV na Comunidade do Oiteiro e no Cras<\/p>\n<p style=\"text-align: justify;\">Tarde<\/p>\n<p style=\"text-align: justify;\">Oficina de Dan\u00e7a do SCFV no\u00a0 Cras<\/p>\n<p style=\"text-align: justify;\">Manh\u00e3 e tarde<\/p>\n<p style=\"text-align: justify;\">Oficina de Flauta Doce do SCFV<\/p>\n<p style=\"text-align: justify;\">Dia 01\/11<\/p>\n<p style=\"text-align: justify;\">Manh\u00e3 e tarde<\/p>\n<p style=\"text-align: justify;\">*SCFV \u2013 Grupo de Adolescentes; Roda de Conversa: Refletindo sobre a valoriza\u00e7\u00e3o da Comunidade Quilombola.<\/p>\n<p style=\"text-align: justify;\">Dia 02\/11\/2018: FERIADO NACIONAL.<\/p>\n<h6 style=\"text-align: right;\"><span style=\"color: #999999;\">Secom Alagoinhas<\/span><\/h6>\n<div class='share-to-whatsapp-wrapper'><div class='share-on-whsp'>Share on: <\/div><a data-text='Alagoinhas: CRAS promovem atividades e servi\u00e7os para todas as idades;confira a agenda desta semana' data-link='https:\/\/newsinfoco.com.br\/inicio\/alagoinhas-cras-promovem-atividades-e-servicos-para-todas-as-idadesconfira-a-agenda-desta-semana\/' class='whatsapp-button whatsapp-share'>WhatsApp<\/a><div class='clear '><\/div><\/div>","protected":false},"excerpt":{"rendered":"<p>A Secretaria de Assist\u00eancia Social (SEMAS) divulga as atividades que ser\u00e3o realizadas durante a semana nos Centros de Refer\u00eancia e Assist\u00eancia Social (CRAS): CRAS Riacho da Guia 29\/10 \u2013 Manh\u00e3 \u2013 SCFV \u2013 Grupo de Crian\u00e7as \u2013 Din\u00e2mica com fantoches relacionando o cuidado com a pessoa idosa. Tarde \u2013 SCFV \u2013 Oficina Violinos M\u00e1gicos e [&hellip;]<\/p>\n","protected":false},"author":1,"featured_media":10952,"comment_status":"open","ping_status":"open","sticky":false,"template":"","format":"standard","meta":{"om_disable_all_campaigns":false,"_exactmetrics_skip_tracking":false,"_exactmetrics_sitenote_active":false,"_exactmetrics_sitenote_note":"","_exactmetrics_sitenote_category":0,"footnotes":""},"categories":[38,30],"tags":[],"class_list":["post-10951","post","type-post","status-publish","format-standard","has-post-thumbnail","hentry","category-alagoinhas-e-regiao","category-destaque"],"aioseo_notices":[],"_links":{"self":[{"href":"https:\/\/newsinfoco.com.br\/inicio\/wp-json\/wp\/v2\/posts\/10951","targetHints":{"allow":["GET"]}}],"collection":[{"href":"https:\/\/newsinfoco.com.br\/inicio\/wp-json\/wp\/v2\/posts"}],"about":[{"href":"https:\/\/newsinfoco.com.br\/inicio\/wp-json\/wp\/v2\/types\/post"}],"author":[{"embeddable":true,"href":"https:\/\/newsinfoco.com.br\/inicio\/wp-json\/wp\/v2\/users\/1"}],"replies":[{"embeddable":true,"href":"https:\/\/newsinfoco.com.br\/inicio\/wp-json\/wp\/v2\/comments?post=10951"}],"version-history":[{"count":0,"href":"https:\/\/newsinfoco.com.br\/inicio\/wp-json\/wp\/v2\/posts\/10951\/revisions"}],"wp:featuredmedia":[{"embeddable":true,"href":"https:\/\/newsinfoco.com.br\/inicio\/wp-json\/wp\/v2\/media\/10952"}],"wp:attachment":[{"href":"https:\/\/newsinfoco.com.br\/inicio\/wp-json\/wp\/v2\/media?parent=10951"}],"wp:term":[{"taxonomy":"category","embeddable":true,"href":"https:\/\/newsinfoco.com.br\/inicio\/wp-json\/wp\/v2\/categories?post=10951"},{"taxonomy":"post_tag","embeddable":true,"href":"https:\/\/newsinfoco.com.br\/inicio\/wp-json\/wp\/v2\/tags?post=10951"}],"curies":[{"name":"wp","href":"https:\/\/api.w.org\/{rel}","templated":true}]}}