{"id":10957,"date":"2018-10-29T18:36:05","date_gmt":"2018-10-29T20:36:05","guid":{"rendered":"http:\/\/newsinfoco.com.br\/?p=10957"},"modified":"2018-10-29T18:36:05","modified_gmt":"2018-10-29T20:36:05","slug":"programacao-da-expo-2018-e-lancada-oficialmente-em-alagoinhas","status":"publish","type":"post","link":"https:\/\/newsinfoco.com.br\/inicio\/programacao-da-expo-2018-e-lancada-oficialmente-em-alagoinhas\/","title":{"rendered":"Programa\u00e7\u00e3o da Expo 2018 \u00e9 lan\u00e7ada oficialmente em Alagoinhas"},"content":{"rendered":"<p style=\"text-align: justify;\">A 21\u00ba edi\u00e7\u00e3o da Expo Alagoinhas ser\u00e1 realizada de 1 a 4 de novembro, no Parque de Exposi\u00e7\u00f5es Miguel Fontes e vai contar com a exposi\u00e7\u00e3o de mais de 650 animais entre as ra\u00e7as girolando,\u00a0 nelore, campolina, mangalarga, caprinos e ovinos. A programa\u00e7\u00e3o foi apresentada pelo secret\u00e1rio de Agricultura(SEMAG), Geraldo Almeida, ao prefeito Joaquim Neto, imprensa local, empres\u00e1rios, expositores, vereadores, secret\u00e1rios e convidados, durante um <em>coffe<\/em> <em>break<\/em> nesta segunda-feira (29), realizado no Hotel Absolar.<\/p>\n<p style=\"text-align: justify;\">Os destaques da programa\u00e7\u00e3o do evento este ano v\u00e3o para a Feira de Agricultura Familiar, exposi\u00e7\u00e3o e julgamentos de animais de elite, cursos de fabrica\u00e7\u00e3o caseira de latic\u00ednios, palestras sobre cria\u00e7\u00e3o de peixes, feira de artesanato e \u00e1rea de alimenta\u00e7\u00e3o com restaurante de grande porte.A expo 2018 tamb\u00e9m vai oferecer uma programa\u00e7\u00e3o dedicada \u00e0s crian\u00e7as. Al\u00e9m da exposi\u00e7\u00e3o de animais, as crian\u00e7as poder\u00e3o brincar no parquinho e passear de p\u00f4neis e boi de passeio no mini-s\u00edtio com casa de farinha e tapiocaria.<\/p><div class=\"newsi-conteudo_19\" id=\"newsi-1082391792\"><a href=\"https:\/\/www.instagram.com\/prefeituraalagoinhas?igsh=YzgzdDJ1bWR3aWI4\" aria-label=\"SAVE_20251006_221555\"><img loading=\"lazy\" decoding=\"async\" src=\"https:\/\/newsinfoco.com.br\/inicio\/wp-content\/uploads\/2025\/10\/SAVE_20251006_221555-rotated.jpg\" alt=\"\"  srcset=\"https:\/\/newsinfoco.com.br\/inicio\/wp-content\/uploads\/2025\/10\/SAVE_20251006_221555-rotated.jpg 1140w, https:\/\/newsinfoco.com.br\/inicio\/wp-content\/uploads\/2025\/10\/SAVE_20251006_221555-300x52.jpg 300w, https:\/\/newsinfoco.com.br\/inicio\/wp-content\/uploads\/2025\/10\/SAVE_20251006_221555-1024x177.jpg 1024w, https:\/\/newsinfoco.com.br\/inicio\/wp-content\/uploads\/2025\/10\/SAVE_20251006_221555-768x133.jpg 768w, https:\/\/newsinfoco.com.br\/inicio\/wp-content\/uploads\/2025\/10\/SAVE_20251006_221555-600x104.jpg 600w, https:\/\/newsinfoco.com.br\/inicio\/wp-content\/uploads\/2025\/10\/SAVE_20251006_221555-696x120.jpg 696w, https:\/\/newsinfoco.com.br\/inicio\/wp-content\/uploads\/2025\/10\/SAVE_20251006_221555-1068x185.jpg 1068w\" sizes=\"(max-width: 1140px) 100vw, 1140px\" width=\"1140\" height=\"197\"   \/><\/a><\/div>\n<p style=\"text-align: justify;\">O crescimento de 30% no n\u00famero de expositores em rela\u00e7\u00e3o ao ano passado (de 68 para 89) foi citado pelo secret\u00e1rio Geraldo Almeida como um importante indicador da nova din\u00e2mica que a prefeitura\u00a0 vem empreendendo no evento e na utiliza\u00e7\u00e3o do Parque Miguel Fontes.\u201dAno passado tivemos a melhor m\u00e9dia de leil\u00e3o de todos os tempos e de l\u00e1 para c\u00e1, o parque deixou de ser um \u201celefante Branco\u201d porque foi revitalizado e tem sido movimentado o ano todo com diversos eventos, a\u00a0 exemplo da 1\u00ba Feira Agropecu\u00e1ria, Hally 4\u00d74 e corridas de cavalo, o que tem contribu\u00eddo para atrair cada vez mais participantes \u201c, declarou o secret\u00e1rio.<\/p>\n<p style=\"text-align: justify;\">Nas palavras de Geraldo Almeida, refor\u00e7adas pelas declara\u00e7\u00f5es do presidente do \u00a0N\u00facleo Campolina da Bahia,\u00a0Nilton dos Anjos, do representante da Associa\u00e7\u00e3o\u00a0Brasileira dos Criadores de\u00a0Gir Leiteiro, Fernando Rocha, trata-se de um importante sinal de retomada do crescimento no setor em Alagoinhas e regi\u00e3o.<\/p>\n<p style=\"text-align: justify;\">\u201cA Feira \u00e9 um momento de troca de experi\u00eancias, onde a gente colhe informa\u00e7\u00f5es e novidades. \u00c9 uma oportunidade de toda a classe estar junta, em busca do desenvolvimento da agropecu\u00e1ria, da Agricultura Familiar e isso nos traz muita motiva\u00e7\u00e3o para continuarmos empenhados no desenvolvimento dos setores\u201d, afirmou o prefeito Joaquim Neto.<\/p>\n<p style=\"text-align: justify;\">A Exposi\u00e7\u00e3o pretende movimentar R$ 2,5 milh\u00f5es em neg\u00f3cios. Durante os quatro dias, estima-se que um p\u00fablico de 20 mil pessoas compare\u00e7a para prestigiar o evento.<\/p>\n<h6 style=\"text-align: right;\"><span style=\"color: #999999;\">Secom Alagoinhas<\/span><\/h6>\n<div class='share-to-whatsapp-wrapper'><div class='share-on-whsp'>Share on: <\/div><a data-text='Programa\u00e7\u00e3o da Expo 2018 \u00e9 lan\u00e7ada oficialmente em Alagoinhas' data-link='https:\/\/newsinfoco.com.br\/inicio\/programacao-da-expo-2018-e-lancada-oficialmente-em-alagoinhas\/' class='whatsapp-button whatsapp-share'>WhatsApp<\/a><div class='clear '><\/div><\/div>","protected":false},"excerpt":{"rendered":"<p>A 21\u00ba edi\u00e7\u00e3o da Expo Alagoinhas ser\u00e1 realizada de 1 a 4 de novembro, no Parque de Exposi\u00e7\u00f5es Miguel Fontes e vai contar com a exposi\u00e7\u00e3o de mais de 650 animais entre as ra\u00e7as girolando,\u00a0 nelore, campolina, mangalarga, caprinos e ovinos. A programa\u00e7\u00e3o foi apresentada pelo secret\u00e1rio de Agricultura(SEMAG), Geraldo Almeida, ao prefeito Joaquim Neto, [&hellip;]<\/p>\n","protected":false},"author":1,"featured_media":10958,"comment_status":"open","ping_status":"open","sticky":false,"template":"","format":"standard","meta":{"om_disable_all_campaigns":false,"_exactmetrics_skip_tracking":false,"_exactmetrics_sitenote_active":false,"_exactmetrics_sitenote_note":"","_exactmetrics_sitenote_category":0,"footnotes":""},"categories":[38,30],"tags":[],"class_list":["post-10957","post","type-post","status-publish","format-standard","has-post-thumbnail","hentry","category-alagoinhas-e-regiao","category-destaque"],"aioseo_notices":[],"_links":{"self":[{"href":"https:\/\/newsinfoco.com.br\/inicio\/wp-json\/wp\/v2\/posts\/10957","targetHints":{"allow":["GET"]}}],"collection":[{"href":"https:\/\/newsinfoco.com.br\/inicio\/wp-json\/wp\/v2\/posts"}],"about":[{"href":"https:\/\/newsinfoco.com.br\/inicio\/wp-json\/wp\/v2\/types\/post"}],"author":[{"embeddable":true,"href":"https:\/\/newsinfoco.com.br\/inicio\/wp-json\/wp\/v2\/users\/1"}],"replies":[{"embeddable":true,"href":"https:\/\/newsinfoco.com.br\/inicio\/wp-json\/wp\/v2\/comments?post=10957"}],"version-history":[{"count":0,"href":"https:\/\/newsinfoco.com.br\/inicio\/wp-json\/wp\/v2\/posts\/10957\/revisions"}],"wp:featuredmedia":[{"embeddable":true,"href":"https:\/\/newsinfoco.com.br\/inicio\/wp-json\/wp\/v2\/media\/10958"}],"wp:attachment":[{"href":"https:\/\/newsinfoco.com.br\/inicio\/wp-json\/wp\/v2\/media?parent=10957"}],"wp:term":[{"taxonomy":"category","embeddable":true,"href":"https:\/\/newsinfoco.com.br\/inicio\/wp-json\/wp\/v2\/categories?post=10957"},{"taxonomy":"post_tag","embeddable":true,"href":"https:\/\/newsinfoco.com.br\/inicio\/wp-json\/wp\/v2\/tags?post=10957"}],"curies":[{"name":"wp","href":"https:\/\/api.w.org\/{rel}","templated":true}]}}