{"id":10960,"date":"2018-10-29T19:06:28","date_gmt":"2018-10-29T21:06:28","guid":{"rendered":"http:\/\/newsinfoco.com.br\/?p=10960"},"modified":"2018-10-29T19:06:28","modified_gmt":"2018-10-29T21:06:28","slug":"acusado-de-balear-quatro-pessoas-na-barra-no-domingo-pm-diz-que-tiros-foram-acidentais","status":"publish","type":"post","link":"https:\/\/newsinfoco.com.br\/inicio\/acusado-de-balear-quatro-pessoas-na-barra-no-domingo-pm-diz-que-tiros-foram-acidentais\/","title":{"rendered":"Acusado de balear quatro pessoas na Barra no domingo, PM diz que tiros foram acidentais"},"content":{"rendered":"<div class=\"text-descricao\">\n<p style=\"text-align: justify;\">O policial militar Manoel Landulfo, preso ap\u00f3s balear quatro pessoas na noite deste domingo (28) na Barra, alegou que os disparos foram acidentais. A defesa do policial contou ao Correio que o suspeito n\u00e3o teve a inten\u00e7\u00e3o de fazer atirar. \u201cEle disse que tentaram pegar a arma dele durante uma briga e, na confus\u00e3o, ela disparou\u201d, afirmou a Associa\u00e7\u00e3o de Policiais e Bombeiros e de seus Familiares (Aspra-BA) que assessora o policial.<\/p>\n<p style=\"text-align: justify;\">A briga aconteceu durante as comemora\u00e7\u00f5es pela vit\u00f3ria de Jair Bolsonaro \u00e0 Presid\u00eancia da Rep\u00fablica, na Barra. De acordo com a reportagem, Lindinalva de Jesus Souza, 40 anos, e Daniel Duarte Weber, 25, chegaram ao Hospital Geral do Estado (HGE) depois de serem socorridos por uma viatura da 11\u00aa Companhia Independente da Pol\u00edcia Militar (CIPM\/Barra), por volta das 23h30. Outras duas v\u00edtimas ainda n\u00e3o identificadas foram socorridas para o Hospital Portugu\u00eas.<\/p><div class=\"newsi-conteudo_19\" id=\"newsi-3308228754\"><a href=\"https:\/\/www.instagram.com\/prefeituraalagoinhas?igsh=YzgzdDJ1bWR3aWI4\" aria-label=\"SAVE_20251006_221555\"><img loading=\"lazy\" decoding=\"async\" src=\"https:\/\/newsinfoco.com.br\/inicio\/wp-content\/uploads\/2025\/10\/SAVE_20251006_221555-rotated.jpg\" alt=\"\"  srcset=\"https:\/\/newsinfoco.com.br\/inicio\/wp-content\/uploads\/2025\/10\/SAVE_20251006_221555-rotated.jpg 1140w, https:\/\/newsinfoco.com.br\/inicio\/wp-content\/uploads\/2025\/10\/SAVE_20251006_221555-300x52.jpg 300w, https:\/\/newsinfoco.com.br\/inicio\/wp-content\/uploads\/2025\/10\/SAVE_20251006_221555-1024x177.jpg 1024w, https:\/\/newsinfoco.com.br\/inicio\/wp-content\/uploads\/2025\/10\/SAVE_20251006_221555-768x133.jpg 768w, https:\/\/newsinfoco.com.br\/inicio\/wp-content\/uploads\/2025\/10\/SAVE_20251006_221555-600x104.jpg 600w, https:\/\/newsinfoco.com.br\/inicio\/wp-content\/uploads\/2025\/10\/SAVE_20251006_221555-696x120.jpg 696w, https:\/\/newsinfoco.com.br\/inicio\/wp-content\/uploads\/2025\/10\/SAVE_20251006_221555-1068x185.jpg 1068w\" sizes=\"(max-width: 1140px) 100vw, 1140px\" width=\"1140\" height=\"197\"   \/><\/a><\/div>\n<p style=\"text-align: justify;\">Uma das v\u00edtimas dos disparos, Daniel Duarte disse que estava na companhia de um amigo que teria come\u00e7ado a discutir com o soldado Manoel. Quando a v\u00edtima decidiu intervir na discuss\u00e3o dos dois e acalmar os \u00e2nimos, foi baleado no t\u00f3rax.<\/p>\n<p style=\"text-align: justify;\">O policial est\u00e1 detido no Complexo Penitenci\u00e1rio da Mata Escura, em uma \u00e1rea espec\u00edfica para os militares, uma vez que o Batalh\u00e3o de Choque de Lauro de Freitas, onde os policiais militares ficam custodiados, est\u00e1 passando por reforma. Na tarde desta segunda-feira (29), ele ser\u00e1 levado at\u00e9 a unidade do Dendezeiros da Pol\u00edcia Militar, na Cidade Baixa, para passar por audi\u00eancia.<\/p>\n<p style=\"text-align: justify;\">De acordo com o Batalh\u00e3o de Choque da PM, que conduziu o suspeito, o policial sacou a arma durante a briga e fez alguns disparos, atingindo quatro pessoas.<\/p>\n<p style=\"text-align: justify;\">Segundo com informa\u00e7\u00f5es registradas no boletim de ocorr\u00eancia do Posto da Pol\u00edcia Civil da unidade de sa\u00fade, Lindinalva, que \u00e9 ambulante e v\u00edtima do ocorrido, contou aos policiais civis que um desconhecido, aparentemente b\u00eabado, gritou se identificado com PM, depois de come\u00e7ar uma briga.<\/p>\n<p style=\"text-align: justify;\">Ainda segundo ela, o soldado sacou uma arma da cintura e come\u00e7ou a atirar, a acertando na perna direita. Manoel est\u00e1 respondendo por tentativa de homic\u00eddio.<\/p>\n<\/div>\n<div class='share-to-whatsapp-wrapper'><div class='share-on-whsp'>Share on: <\/div><a data-text='Acusado de balear quatro pessoas na Barra no domingo, PM diz que tiros foram acidentais' data-link='https:\/\/newsinfoco.com.br\/inicio\/acusado-de-balear-quatro-pessoas-na-barra-no-domingo-pm-diz-que-tiros-foram-acidentais\/' class='whatsapp-button whatsapp-share'>WhatsApp<\/a><div class='clear '><\/div><\/div>","protected":false},"excerpt":{"rendered":"<p>O policial militar Manoel Landulfo, preso ap\u00f3s balear quatro pessoas na noite deste domingo (28) na Barra, alegou que os disparos foram acidentais. A defesa do policial contou ao Correio que o suspeito n\u00e3o teve a inten\u00e7\u00e3o de fazer atirar. \u201cEle disse que tentaram pegar a arma dele durante uma briga e, na confus\u00e3o, ela [&hellip;]<\/p>\n","protected":false},"author":1,"featured_media":10961,"comment_status":"open","ping_status":"open","sticky":false,"template":"","format":"standard","meta":{"om_disable_all_campaigns":false,"_exactmetrics_skip_tracking":false,"_exactmetrics_sitenote_active":false,"_exactmetrics_sitenote_note":"","_exactmetrics_sitenote_category":0,"footnotes":""},"categories":[19],"tags":[],"class_list":["post-10960","post","type-post","status-publish","format-standard","has-post-thumbnail","hentry","category-bahia"],"aioseo_notices":[],"_links":{"self":[{"href":"https:\/\/newsinfoco.com.br\/inicio\/wp-json\/wp\/v2\/posts\/10960","targetHints":{"allow":["GET"]}}],"collection":[{"href":"https:\/\/newsinfoco.com.br\/inicio\/wp-json\/wp\/v2\/posts"}],"about":[{"href":"https:\/\/newsinfoco.com.br\/inicio\/wp-json\/wp\/v2\/types\/post"}],"author":[{"embeddable":true,"href":"https:\/\/newsinfoco.com.br\/inicio\/wp-json\/wp\/v2\/users\/1"}],"replies":[{"embeddable":true,"href":"https:\/\/newsinfoco.com.br\/inicio\/wp-json\/wp\/v2\/comments?post=10960"}],"version-history":[{"count":0,"href":"https:\/\/newsinfoco.com.br\/inicio\/wp-json\/wp\/v2\/posts\/10960\/revisions"}],"wp:featuredmedia":[{"embeddable":true,"href":"https:\/\/newsinfoco.com.br\/inicio\/wp-json\/wp\/v2\/media\/10961"}],"wp:attachment":[{"href":"https:\/\/newsinfoco.com.br\/inicio\/wp-json\/wp\/v2\/media?parent=10960"}],"wp:term":[{"taxonomy":"category","embeddable":true,"href":"https:\/\/newsinfoco.com.br\/inicio\/wp-json\/wp\/v2\/categories?post=10960"},{"taxonomy":"post_tag","embeddable":true,"href":"https:\/\/newsinfoco.com.br\/inicio\/wp-json\/wp\/v2\/tags?post=10960"}],"curies":[{"name":"wp","href":"https:\/\/api.w.org\/{rel}","templated":true}]}}