{"id":10982,"date":"2018-10-30T17:38:22","date_gmt":"2018-10-30T19:38:22","guid":{"rendered":"http:\/\/newsinfoco.com.br\/?p=10982"},"modified":"2018-10-30T17:38:55","modified_gmt":"2018-10-30T19:38:55","slug":"haddad-pede-coragem-a-petistas-e-fala-em-fazer-propostas-diz-presidente-da-cut","status":"publish","type":"post","link":"https:\/\/newsinfoco.com.br\/inicio\/haddad-pede-coragem-a-petistas-e-fala-em-fazer-propostas-diz-presidente-da-cut\/","title":{"rendered":"Haddad pede coragem a petistas e fala em fazer propostas, diz presidente da CUT"},"content":{"rendered":"<p style=\"text-align: justify;\">Durante reuni\u00e3o ampliada da Executiva Nacional do PT, nesta ter\u00e7a-feira, 30, o candidato derrotado \u00e0 Presid\u00eancia Fernando Haddad pediu coragem aos aliados, de acordo com o presidente da Central \u00danica dos Trabalhadores (CUT), Vagner Freitas. Haddad teria afirmado ainda que podem contar com ele na oposi\u00e7\u00e3o ao governo de Jair Bolsonaro e na elabora\u00e7\u00e3o de propostas para o Pa\u00eds. O petista deixou a reuni\u00e3o sem falar com a imprensa.<\/p>\n<p style=\"text-align: justify;\">\u201cEle falou de coragem, que n\u00e3o podemos aceitar a viol\u00eancia, n\u00e3o podemos aceitar que o nosso povo fique intimidado. Temos que dizer que o povo tem com quem lutar, contar com Haddad, com os partidos de esquerda e com os movimentos democr\u00e1ticos, para que n\u00e3o haja retrocessos\u201d, relatou Freitas.<\/p><div class=\"newsi-conteudo_19\" id=\"newsi-3727047646\"><a href=\"https:\/\/www.instagram.com\/prefeituraalagoinhas?igsh=YzgzdDJ1bWR3aWI4\" aria-label=\"SAVE_20251006_221555\"><img loading=\"lazy\" decoding=\"async\" src=\"https:\/\/newsinfoco.com.br\/inicio\/wp-content\/uploads\/2025\/10\/SAVE_20251006_221555-rotated.jpg\" alt=\"\"  srcset=\"https:\/\/newsinfoco.com.br\/inicio\/wp-content\/uploads\/2025\/10\/SAVE_20251006_221555-rotated.jpg 1140w, https:\/\/newsinfoco.com.br\/inicio\/wp-content\/uploads\/2025\/10\/SAVE_20251006_221555-300x52.jpg 300w, https:\/\/newsinfoco.com.br\/inicio\/wp-content\/uploads\/2025\/10\/SAVE_20251006_221555-1024x177.jpg 1024w, https:\/\/newsinfoco.com.br\/inicio\/wp-content\/uploads\/2025\/10\/SAVE_20251006_221555-768x133.jpg 768w, https:\/\/newsinfoco.com.br\/inicio\/wp-content\/uploads\/2025\/10\/SAVE_20251006_221555-600x104.jpg 600w, https:\/\/newsinfoco.com.br\/inicio\/wp-content\/uploads\/2025\/10\/SAVE_20251006_221555-696x120.jpg 696w, https:\/\/newsinfoco.com.br\/inicio\/wp-content\/uploads\/2025\/10\/SAVE_20251006_221555-1068x185.jpg 1068w\" sizes=\"(max-width: 1140px) 100vw, 1140px\" width=\"1140\" height=\"197\"   \/><\/a><\/div>\n<p style=\"text-align: justify;\">Segundo assessores, Haddad fez uma r\u00e1pida exposi\u00e7\u00e3o no encontro, no qual agradeceu aos colegas de partido pelo empenho na elei\u00e7\u00e3o. De l\u00e1, o petista seguiria para casa. Ainda segundo auxiliares, Haddad deve passar os pr\u00f3ximos dias com a esposa Ana Estela, que est\u00e1 em f\u00e9rias, e n\u00e3o dever\u00e1 visitar o ex-presidente Luiz In\u00e1cio Lula da Silva em Curitiba nesta semana.<\/p>\n<p style=\"text-align: justify;\">Al\u00e9m do ex-prefeito paulistano, participam a presidente nacional da legenda, Gleisi Hoffmann; os ex-ministros Jos\u00e9 S\u00e9rgio Gabrielli e Celso Amorim; o secret\u00e1rio-geral do partido, Rom\u00eanio Pereira; o tesoureiro da sigla, Emidio de Souza; o l\u00edder na C\u00e2mara, Paulo Pimenta e o advogado Luiz Eduardo Greenhalgh, entre outros. Em\u00eddio e Greenhalgh estiveram reunidos ontem, em Curitiba, com Lula.<\/p>\n<p style=\"text-align: justify;\">Neste momento, o PT discute a atua\u00e7\u00e3o de movimentos sociais como o Movimento dos Trabalhadores Rurais Sem-Terra (MST) e o Movimento dos Trabalhadores Sem Teto (MTST) durante o governo Bolsonaro. O partido sugere \u201cprote\u00e7\u00e3o f\u00edsica e retaguarda jur\u00eddica\u201d para esses movimentos. At\u00e9 o momento, representantes da legenda n\u00e3o esclareceram em detalhes como se daria este apoio.<\/p>\n<h6 style=\"text-align: right;\"><span style=\"color: #808080;\">Estad\u00e3o<\/span><\/h6>\n<div class='share-to-whatsapp-wrapper'><div class='share-on-whsp'>Share on: <\/div><a data-text='Haddad pede coragem a petistas e fala em fazer propostas, diz presidente da CUT' data-link='https:\/\/newsinfoco.com.br\/inicio\/haddad-pede-coragem-a-petistas-e-fala-em-fazer-propostas-diz-presidente-da-cut\/' class='whatsapp-button whatsapp-share'>WhatsApp<\/a><div class='clear '><\/div><\/div>","protected":false},"excerpt":{"rendered":"<p>Durante reuni\u00e3o ampliada da Executiva Nacional do PT, nesta ter\u00e7a-feira, 30, o candidato derrotado \u00e0 Presid\u00eancia Fernando Haddad pediu coragem aos aliados, de acordo com o presidente da Central \u00danica dos Trabalhadores (CUT), Vagner Freitas. Haddad teria afirmado ainda que podem contar com ele na oposi\u00e7\u00e3o ao governo de Jair Bolsonaro e na elabora\u00e7\u00e3o de [&hellip;]<\/p>\n","protected":false},"author":1,"featured_media":10937,"comment_status":"open","ping_status":"open","sticky":false,"template":"","format":"standard","meta":{"om_disable_all_campaigns":false,"_exactmetrics_skip_tracking":false,"_exactmetrics_sitenote_active":false,"_exactmetrics_sitenote_note":"","_exactmetrics_sitenote_category":0,"footnotes":""},"categories":[21],"tags":[],"class_list":["post-10982","post","type-post","status-publish","format-standard","has-post-thumbnail","hentry","category-brasil"],"aioseo_notices":[],"_links":{"self":[{"href":"https:\/\/newsinfoco.com.br\/inicio\/wp-json\/wp\/v2\/posts\/10982","targetHints":{"allow":["GET"]}}],"collection":[{"href":"https:\/\/newsinfoco.com.br\/inicio\/wp-json\/wp\/v2\/posts"}],"about":[{"href":"https:\/\/newsinfoco.com.br\/inicio\/wp-json\/wp\/v2\/types\/post"}],"author":[{"embeddable":true,"href":"https:\/\/newsinfoco.com.br\/inicio\/wp-json\/wp\/v2\/users\/1"}],"replies":[{"embeddable":true,"href":"https:\/\/newsinfoco.com.br\/inicio\/wp-json\/wp\/v2\/comments?post=10982"}],"version-history":[{"count":0,"href":"https:\/\/newsinfoco.com.br\/inicio\/wp-json\/wp\/v2\/posts\/10982\/revisions"}],"wp:featuredmedia":[{"embeddable":true,"href":"https:\/\/newsinfoco.com.br\/inicio\/wp-json\/wp\/v2\/media\/10937"}],"wp:attachment":[{"href":"https:\/\/newsinfoco.com.br\/inicio\/wp-json\/wp\/v2\/media?parent=10982"}],"wp:term":[{"taxonomy":"category","embeddable":true,"href":"https:\/\/newsinfoco.com.br\/inicio\/wp-json\/wp\/v2\/categories?post=10982"},{"taxonomy":"post_tag","embeddable":true,"href":"https:\/\/newsinfoco.com.br\/inicio\/wp-json\/wp\/v2\/tags?post=10982"}],"curies":[{"name":"wp","href":"https:\/\/api.w.org\/{rel}","templated":true}]}}