{"id":1099,"date":"2018-03-12T22:17:46","date_gmt":"2018-03-13T01:17:46","guid":{"rendered":"http:\/\/newsinfoco.com.br\/?p=1099"},"modified":"2018-03-12T22:17:46","modified_gmt":"2018-03-13T01:17:46","slug":"alagoinhasintegracao-aabb-comunidade-promove-abertura-do-programa-oficial-2018-nesta-quarta-feira-14","status":"publish","type":"post","link":"https:\/\/newsinfoco.com.br\/inicio\/alagoinhasintegracao-aabb-comunidade-promove-abertura-do-programa-oficial-2018-nesta-quarta-feira-14\/","title":{"rendered":"Alagoinhas:Integra\u00e7\u00e3o AABB Comunidade promove abertura do Programa Oficial 2018 nesta quarta-feira (14)"},"content":{"rendered":"<p style=\"text-align: justify;\"><span style=\"color: #000000;\">O Programa AABB Comunidade realiza, nesta quarta-feira (14), uma solenidade para apresentar o in\u00edcio de a\u00e7\u00f5es programadas para 2018.<\/span><\/p>\n<p style=\"text-align: justify;\"><span style=\"color: #000000;\">A AABB Comunidade Alagoinhas assiste atualmente a 120 crian\u00e7as em situa\u00e7\u00e3o de vulnerabilidade social da rede p\u00fablica de ensino e promove atividades l\u00fadicas em 8 modalidades oferecidas: artes c\u00eanicas, artes pl\u00e1sticas, dan\u00e7a, pr\u00e1ticas musicais, capoeira, canto e coral, futebol de campo e futsal.<\/span><\/p><div class=\"newsi-conteudo_19\" id=\"newsi-2119384280\"><a href=\"https:\/\/www.instagram.com\/prefeituraalagoinhas?igsh=YzgzdDJ1bWR3aWI4\" aria-label=\"SAVE_20251006_221555\"><img loading=\"lazy\" decoding=\"async\" src=\"https:\/\/newsinfoco.com.br\/inicio\/wp-content\/uploads\/2025\/10\/SAVE_20251006_221555-rotated.jpg\" alt=\"\"  srcset=\"https:\/\/newsinfoco.com.br\/inicio\/wp-content\/uploads\/2025\/10\/SAVE_20251006_221555-rotated.jpg 1140w, https:\/\/newsinfoco.com.br\/inicio\/wp-content\/uploads\/2025\/10\/SAVE_20251006_221555-300x52.jpg 300w, https:\/\/newsinfoco.com.br\/inicio\/wp-content\/uploads\/2025\/10\/SAVE_20251006_221555-1024x177.jpg 1024w, https:\/\/newsinfoco.com.br\/inicio\/wp-content\/uploads\/2025\/10\/SAVE_20251006_221555-768x133.jpg 768w, https:\/\/newsinfoco.com.br\/inicio\/wp-content\/uploads\/2025\/10\/SAVE_20251006_221555-600x104.jpg 600w, https:\/\/newsinfoco.com.br\/inicio\/wp-content\/uploads\/2025\/10\/SAVE_20251006_221555-696x120.jpg 696w, https:\/\/newsinfoco.com.br\/inicio\/wp-content\/uploads\/2025\/10\/SAVE_20251006_221555-1068x185.jpg 1068w\" sizes=\"(max-width: 1140px) 100vw, 1140px\" width=\"1140\" height=\"197\"   \/><\/a><\/div>\n<p style=\"text-align: justify;\"><span style=\"color: #000000;\">O evento, que come\u00e7a \u00e0s 9h, na pr\u00f3pria sede, deve marcar o in\u00edcio dos trabalhos da Associa\u00e7\u00e3o e vai reunir educadores, pais, educandos, funcion\u00e1rios e colaboradores para apresentar as propostas do exerc\u00edcio 2018.<\/span><\/p>\n<p style=\"text-align: justify;\"><span style=\"color: #000000;\">Al\u00e9m da tradicional apresenta\u00e7\u00e3o, a iniciativa marca os 20 anos da AABB Comunidade em Alagoinhas. A Prefeitura Municipal tem conv\u00eanio com o trabalho social realizado pela associa\u00e7\u00e3o e apoia as a\u00e7\u00f5es desenvolvidas.<\/span><\/p>\n<p style=\"text-align: justify;\"><span style=\"color: #000000;\">Segundo os organizadores da solenidade, toda a comunidade est\u00e1 convidada para o evento.<\/span><\/p>\n<p style=\"text-align: right;\">\n<h6 style=\"text-align: right;\" align=\"right\"><span style=\"color: #999999;\">fonte:SECOM,Prefeitura<\/span><\/h6>\n<div class='share-to-whatsapp-wrapper'><div class='share-on-whsp'>Share on: <\/div><a data-text='Alagoinhas:Integra\u00e7\u00e3o AABB Comunidade promove abertura do Programa Oficial 2018 nesta quarta-feira (14)' data-link='https:\/\/newsinfoco.com.br\/inicio\/alagoinhasintegracao-aabb-comunidade-promove-abertura-do-programa-oficial-2018-nesta-quarta-feira-14\/' class='whatsapp-button whatsapp-share'>WhatsApp<\/a><div class='clear '><\/div><\/div>","protected":false},"excerpt":{"rendered":"<p>O Programa AABB Comunidade realiza, nesta quarta-feira (14), uma solenidade para apresentar o in\u00edcio de a\u00e7\u00f5es programadas para 2018. A AABB Comunidade Alagoinhas assiste atualmente a 120 crian\u00e7as em situa\u00e7\u00e3o de vulnerabilidade social da rede p\u00fablica de ensino e promove atividades l\u00fadicas em 8 modalidades oferecidas: artes c\u00eanicas, artes pl\u00e1sticas, dan\u00e7a, pr\u00e1ticas musicais, capoeira, canto [&hellip;]<\/p>\n","protected":false},"author":1,"featured_media":166,"comment_status":"open","ping_status":"open","sticky":false,"template":"","format":"standard","meta":{"om_disable_all_campaigns":false,"_exactmetrics_skip_tracking":false,"_exactmetrics_sitenote_active":false,"_exactmetrics_sitenote_note":"","_exactmetrics_sitenote_category":0,"footnotes":""},"categories":[38,30],"tags":[53,54,56],"class_list":["post-1099","post","type-post","status-publish","format-standard","has-post-thumbnail","hentry","category-alagoinhas-e-regiao","category-destaque","tag-alagoinhas","tag-prefeitura","tag-secom"],"aioseo_notices":[],"_links":{"self":[{"href":"https:\/\/newsinfoco.com.br\/inicio\/wp-json\/wp\/v2\/posts\/1099","targetHints":{"allow":["GET"]}}],"collection":[{"href":"https:\/\/newsinfoco.com.br\/inicio\/wp-json\/wp\/v2\/posts"}],"about":[{"href":"https:\/\/newsinfoco.com.br\/inicio\/wp-json\/wp\/v2\/types\/post"}],"author":[{"embeddable":true,"href":"https:\/\/newsinfoco.com.br\/inicio\/wp-json\/wp\/v2\/users\/1"}],"replies":[{"embeddable":true,"href":"https:\/\/newsinfoco.com.br\/inicio\/wp-json\/wp\/v2\/comments?post=1099"}],"version-history":[{"count":0,"href":"https:\/\/newsinfoco.com.br\/inicio\/wp-json\/wp\/v2\/posts\/1099\/revisions"}],"wp:featuredmedia":[{"embeddable":true,"href":"https:\/\/newsinfoco.com.br\/inicio\/wp-json\/wp\/v2\/media\/166"}],"wp:attachment":[{"href":"https:\/\/newsinfoco.com.br\/inicio\/wp-json\/wp\/v2\/media?parent=1099"}],"wp:term":[{"taxonomy":"category","embeddable":true,"href":"https:\/\/newsinfoco.com.br\/inicio\/wp-json\/wp\/v2\/categories?post=1099"},{"taxonomy":"post_tag","embeddable":true,"href":"https:\/\/newsinfoco.com.br\/inicio\/wp-json\/wp\/v2\/tags?post=1099"}],"curies":[{"name":"wp","href":"https:\/\/api.w.org\/{rel}","templated":true}]}}