{"id":10991,"date":"2018-10-31T10:59:27","date_gmt":"2018-10-31T12:59:27","guid":{"rendered":"http:\/\/newsinfoco.com.br\/?p=10991"},"modified":"2018-10-31T10:59:27","modified_gmt":"2018-10-31T12:59:27","slug":"prefeitura-de-alagoinhas-implanta-sistema-de-videomonitoramento-de-veiculos","status":"publish","type":"post","link":"https:\/\/newsinfoco.com.br\/inicio\/prefeitura-de-alagoinhas-implanta-sistema-de-videomonitoramento-de-veiculos\/","title":{"rendered":"Prefeitura de Alagoinhas implanta sistema de videomonitoramento de ve\u00edculos"},"content":{"rendered":"<p style=\"text-align: justify;\">Com o objetivo de garantir mais seguran\u00e7a aos motoristas e pedestres, a prefeitura municipal de Alagoinhas dar\u00e1 in\u00edcio, a partir do dia 05 de Dezembro, ao videomonitoramento do tr\u00e1fego em tempo real nas vias da cidade. Executado pela Secretaria Municipal de Tr\u00e2nsito e Transportes (SMTT), o monitoramento ser\u00e1 realizado via Centro de Controle e Opera\u00e7\u00f5es de Monitoramento (CCOM), j\u00e1 instalado na sede da autarquia.<\/p>\n<p style=\"text-align: justify;\">O CCOM possui um painel de cinco telas, por meio do qual \u00e9 observada toda a movimenta\u00e7\u00e3o do tr\u00e2nsito. O sistema de videomonitoramento \u00e9 composto por 5 c\u00e2meras fixas de longo alcance instaladas na Pra\u00e7a Kennedy, Pra\u00e7a da Bandeira e nas Ruas Carlos Gomes, Conselheiro Moura e Marechal Bittencourt.<\/p><div class=\"newsi-conteudo_19\" id=\"newsi-4043324051\"><a href=\"https:\/\/www.instagram.com\/prefeituraalagoinhas?igsh=YzgzdDJ1bWR3aWI4\" aria-label=\"SAVE_20251006_221555\"><img loading=\"lazy\" decoding=\"async\" src=\"https:\/\/newsinfoco.com.br\/inicio\/wp-content\/uploads\/2025\/10\/SAVE_20251006_221555-rotated.jpg\" alt=\"\"  srcset=\"https:\/\/newsinfoco.com.br\/inicio\/wp-content\/uploads\/2025\/10\/SAVE_20251006_221555-rotated.jpg 1140w, https:\/\/newsinfoco.com.br\/inicio\/wp-content\/uploads\/2025\/10\/SAVE_20251006_221555-300x52.jpg 300w, https:\/\/newsinfoco.com.br\/inicio\/wp-content\/uploads\/2025\/10\/SAVE_20251006_221555-1024x177.jpg 1024w, https:\/\/newsinfoco.com.br\/inicio\/wp-content\/uploads\/2025\/10\/SAVE_20251006_221555-768x133.jpg 768w, https:\/\/newsinfoco.com.br\/inicio\/wp-content\/uploads\/2025\/10\/SAVE_20251006_221555-600x104.jpg 600w, https:\/\/newsinfoco.com.br\/inicio\/wp-content\/uploads\/2025\/10\/SAVE_20251006_221555-696x120.jpg 696w, https:\/\/newsinfoco.com.br\/inicio\/wp-content\/uploads\/2025\/10\/SAVE_20251006_221555-1068x185.jpg 1068w\" sizes=\"(max-width: 1140px) 100vw, 1140px\" width=\"1140\" height=\"197\"   \/><\/a><\/div>\n<p style=\"text-align: justify;\">Para o superintendente de Transporte e Tr\u00e2nsito, Raimundo Nonato, o sistema de videomonitoramento vai trazer um grande ganho em disciplinamento, fluidez e mobilidade no tr\u00e2nsito. O sistema permitir\u00e1 que as equipes de agentes nas ruas tenham maior informa\u00e7\u00e3o e efici\u00eancia no atendimento de ocorr\u00eancias de colis\u00f5es, congestionamento e outras abordagens di\u00e1rias. \u201cCom a capacidade de alcance desses equipamentos, ser\u00e1 poss\u00edvel uma maior observa\u00e7\u00e3o e visibilidade das infra\u00e7\u00f5es cometidas pelos condutores\u201d, destaca o superintendente.\u201dO sistema j\u00e1 existe nas maiores cidades do pa\u00eds, e a partir de agora, Alagoinhas far\u00e1 parte de um grupo seleto de moderniza\u00e7\u00e3o do tr\u00e2nsito\u201d, completa.<\/p>\n<p style=\"text-align: justify;\">Com o funcionamento regular do sistema, motoristas que forem flagrados cometendo infra\u00e7\u00f5es de tr\u00e2nsito ser\u00e3o autuados pelos agentes de tr\u00e2nsito que monitoram o equipamento. A fiscaliza\u00e7\u00e3o por meio de videomonitoramento obedece \u00e0 Resolu\u00e7\u00e3o 471, de 18 de dezembro de 2013, do Conselho Nacional de Tr\u00e2nsito (Contran), alterada pela Resolu\u00e7\u00e3o 532, de 17 de junho de 2015, que regula a fiscaliza\u00e7\u00e3o por c\u00e2meras de monitoramento em vias urbanas.<\/p>\n<p style=\"text-align: justify;\">As autua\u00e7\u00f5es ser\u00e3o aplicadas sobre condutores de carros e motos que cometerem infra\u00e7\u00f5es previstas no C\u00f3digo de Tr\u00e2nsito Brasileiro (CTB), como a forma\u00e7\u00e3o de fila dupla de ve\u00edculos, uso indevido de faixas exclusivas de transportes, atalhos por cima de canteiros, falta de capacete, avan\u00e7o de sinal vermelho, falta de cinto de seguran\u00e7a, uso indevido de telefone celular, estacionamento e convers\u00f5es proibidos.<\/p>\n<p style=\"text-align: justify;\">Em seus primeiros 30 dias, o sistema deve atuar de forma educativa, sem puni\u00e7\u00e3o aos infratores. Ao fim deste per\u00edodo, quem descumprir as normas de tr\u00e2nsito, ser\u00e1 autuado de acordo com a legisla\u00e7\u00e3o.<\/p>\n<h6 style=\"text-align: right;\"><span style=\"color: #999999;\">Secom Alagoinhas<\/span><\/h6>\n<div class='share-to-whatsapp-wrapper'><div class='share-on-whsp'>Share on: <\/div><a data-text='Prefeitura de Alagoinhas implanta sistema de videomonitoramento de ve\u00edculos' data-link='https:\/\/newsinfoco.com.br\/inicio\/prefeitura-de-alagoinhas-implanta-sistema-de-videomonitoramento-de-veiculos\/' class='whatsapp-button whatsapp-share'>WhatsApp<\/a><div class='clear '><\/div><\/div>","protected":false},"excerpt":{"rendered":"<p>Com o objetivo de garantir mais seguran\u00e7a aos motoristas e pedestres, a prefeitura municipal de Alagoinhas dar\u00e1 in\u00edcio, a partir do dia 05 de Dezembro, ao videomonitoramento do tr\u00e1fego em tempo real nas vias da cidade. Executado pela Secretaria Municipal de Tr\u00e2nsito e Transportes (SMTT), o monitoramento ser\u00e1 realizado via Centro de Controle e Opera\u00e7\u00f5es [&hellip;]<\/p>\n","protected":false},"author":1,"featured_media":10992,"comment_status":"open","ping_status":"open","sticky":false,"template":"","format":"standard","meta":{"om_disable_all_campaigns":false,"_exactmetrics_skip_tracking":false,"_exactmetrics_sitenote_active":false,"_exactmetrics_sitenote_note":"","_exactmetrics_sitenote_category":0,"footnotes":""},"categories":[38,30],"tags":[],"class_list":["post-10991","post","type-post","status-publish","format-standard","has-post-thumbnail","hentry","category-alagoinhas-e-regiao","category-destaque"],"aioseo_notices":[],"_links":{"self":[{"href":"https:\/\/newsinfoco.com.br\/inicio\/wp-json\/wp\/v2\/posts\/10991","targetHints":{"allow":["GET"]}}],"collection":[{"href":"https:\/\/newsinfoco.com.br\/inicio\/wp-json\/wp\/v2\/posts"}],"about":[{"href":"https:\/\/newsinfoco.com.br\/inicio\/wp-json\/wp\/v2\/types\/post"}],"author":[{"embeddable":true,"href":"https:\/\/newsinfoco.com.br\/inicio\/wp-json\/wp\/v2\/users\/1"}],"replies":[{"embeddable":true,"href":"https:\/\/newsinfoco.com.br\/inicio\/wp-json\/wp\/v2\/comments?post=10991"}],"version-history":[{"count":0,"href":"https:\/\/newsinfoco.com.br\/inicio\/wp-json\/wp\/v2\/posts\/10991\/revisions"}],"wp:featuredmedia":[{"embeddable":true,"href":"https:\/\/newsinfoco.com.br\/inicio\/wp-json\/wp\/v2\/media\/10992"}],"wp:attachment":[{"href":"https:\/\/newsinfoco.com.br\/inicio\/wp-json\/wp\/v2\/media?parent=10991"}],"wp:term":[{"taxonomy":"category","embeddable":true,"href":"https:\/\/newsinfoco.com.br\/inicio\/wp-json\/wp\/v2\/categories?post=10991"},{"taxonomy":"post_tag","embeddable":true,"href":"https:\/\/newsinfoco.com.br\/inicio\/wp-json\/wp\/v2\/tags?post=10991"}],"curies":[{"name":"wp","href":"https:\/\/api.w.org\/{rel}","templated":true}]}}