{"id":10994,"date":"2018-10-31T11:03:31","date_gmt":"2018-10-31T13:03:31","guid":{"rendered":"http:\/\/newsinfoco.com.br\/?p=10994"},"modified":"2018-10-31T11:03:31","modified_gmt":"2018-10-31T13:03:31","slug":"expo-alagoinhas-promete-incremento-na-venda-de-animais-este-ano","status":"publish","type":"post","link":"https:\/\/newsinfoco.com.br\/inicio\/expo-alagoinhas-promete-incremento-na-venda-de-animais-este-ano\/","title":{"rendered":"Expo Alagoinhas promete incremento na venda de animais este ano"},"content":{"rendered":"<p style=\"text-align: justify;\">Com uma previs\u00e3o de 55% em incremento de vendas de animais, a 21\u00aa Expo Alagoinhas promete movimentar o ambiente de neg\u00f3cios na regi\u00e3o. Desde a \u00faltima semana, o Parque de Exposi\u00e7\u00f5es Miguel Fontes, onde ser\u00e1 realizado o evento, recebe os animais que devem participar de leil\u00f5es, torneios e julgamento de ra\u00e7as.<\/p>\n<p style=\"text-align: justify;\">No \u00faltimo s\u00e1bado (27), chegaram as primeiras matrizes de gado Girolando, do estado de Minas Gerais, que participar\u00e3o de disputas v\u00e1lidas para o ranking nacional.<\/p><div class=\"newsi-conteudo_19\" id=\"newsi-6110016\"><a href=\"https:\/\/www.instagram.com\/prefeituraalagoinhas?igsh=YzgzdDJ1bWR3aWI4\" aria-label=\"SAVE_20251006_221555\"><img loading=\"lazy\" decoding=\"async\" src=\"https:\/\/newsinfoco.com.br\/inicio\/wp-content\/uploads\/2025\/10\/SAVE_20251006_221555-rotated.jpg\" alt=\"\"  srcset=\"https:\/\/newsinfoco.com.br\/inicio\/wp-content\/uploads\/2025\/10\/SAVE_20251006_221555-rotated.jpg 1140w, https:\/\/newsinfoco.com.br\/inicio\/wp-content\/uploads\/2025\/10\/SAVE_20251006_221555-300x52.jpg 300w, https:\/\/newsinfoco.com.br\/inicio\/wp-content\/uploads\/2025\/10\/SAVE_20251006_221555-1024x177.jpg 1024w, https:\/\/newsinfoco.com.br\/inicio\/wp-content\/uploads\/2025\/10\/SAVE_20251006_221555-768x133.jpg 768w, https:\/\/newsinfoco.com.br\/inicio\/wp-content\/uploads\/2025\/10\/SAVE_20251006_221555-600x104.jpg 600w, https:\/\/newsinfoco.com.br\/inicio\/wp-content\/uploads\/2025\/10\/SAVE_20251006_221555-696x120.jpg 696w, https:\/\/newsinfoco.com.br\/inicio\/wp-content\/uploads\/2025\/10\/SAVE_20251006_221555-1068x185.jpg 1068w\" sizes=\"(max-width: 1140px) 100vw, 1140px\" width=\"1140\" height=\"197\"   \/><\/a><\/div>\n<p style=\"text-align: justify;\">Segundos os organizadores Fernando Rocha, da ra\u00e7a Girolando, Rubens, do Gir Leiteiro, Gustavo Tourinho, criador de Nelore, e Nilton dos Anjos, de cavalos Campolina, h\u00e1 um clima otimista entre os criadores de animais.<\/p>\n<p style=\"text-align: justify;\">Para o secret\u00e1rio municipal de agricultura, Geraldo Almeida, o est\u00edmulo aos criadores e empres\u00e1rios do agroneg\u00f3cio tamb\u00e9m faz parte da evolu\u00e7\u00e3o do evento, com pleitos de melhorias trazidas ao espa\u00e7o onde \u00e9 tradicionalmente realizada a feira. \u201cDesde o ano passado o parque tem passado por melhorias que j\u00e1 o coloca como um dos mais bem aparelhados do estado. \u00c9 um dos poucos parques de exposi\u00e7\u00f5es que t\u00eam capacidade para a realiza\u00e7\u00e3o de leil\u00f5es simult\u00e2neos e que permite tamb\u00e9m a realiza\u00e7\u00e3o de dois julgamentos concomitantemente, por dispor de dois redond\u00e9is. Os equipamentos extras foram constru\u00eddos pela atual gest\u00e3o\u201d, afirmou.<\/p>\n<p style=\"text-align: justify;\">A previs\u00e3o \u00e9 de que 650 animais passem pelo local durante os dias de evento e a Secretaria de Agricultura (SEMAG) informou que as inscri\u00e7\u00f5es para a exposi\u00e7\u00e3o agropecu\u00e1ria est\u00e3o encerradas.<\/p>\n<p style=\"text-align: justify;\">O gado Girolando deve ocupar 151 argolas e o Gir leiteiro, 50. Nos currais, estar\u00e3o 145 cabe\u00e7as de Nelore e algumas matrizes de Girolando. No campo dos equ\u00eddeos, est\u00e3o reservadas 110 baias para cavalos da ra\u00e7a Campolina e 19 para o Manga Larga Marchador, que estreia a participa\u00e7\u00e3o na Expo Alagoinhas este ano. Tamb\u00e9m estar\u00e3o na feira representantes de gado Senepol.<\/p>\n<p style=\"text-align: justify;\">Em leil\u00f5es, a estimativa da Secretaria de Agricultura \u00e9 de que os neg\u00f3cios das ra\u00e7as Girolando e Gir Leiteiro registrem uma evolu\u00e7\u00e3o de 50%, com mais de R$ 600 mil movimentados. Para os cavalos Campolina, a SEMAG prev\u00ea um aumento de 30% em negocia\u00e7\u00f5es, com um montante de R$ 500 mil em vendas, sem contar a ra\u00e7a Pampa e o gado Nelore.<\/p>\n<p style=\"text-align: justify;\">O n\u00famero de expositores inscritos tamb\u00e9m cresceu este ano, com um aumento de 30% no n\u00famero de participantes. Em 2017, foram 68 representantes registrados e, este ano, a organiza\u00e7\u00e3o confirmou 89 expositores.<\/p>\n<p style=\"text-align: justify;\">A expectativa de vendas dentro do parque, para os 4 dias de evento, est\u00e1 em torno de R$2,5 milh\u00f5es de reais, incluindo os leil\u00f5es.<\/p>\n<h6 style=\"text-align: right;\"><span style=\"color: #999999;\">Secom Alagoinhas<\/span><\/h6>\n<div class='share-to-whatsapp-wrapper'><div class='share-on-whsp'>Share on: <\/div><a data-text='Expo Alagoinhas promete incremento na venda de animais este ano' data-link='https:\/\/newsinfoco.com.br\/inicio\/expo-alagoinhas-promete-incremento-na-venda-de-animais-este-ano\/' class='whatsapp-button whatsapp-share'>WhatsApp<\/a><div class='clear '><\/div><\/div>","protected":false},"excerpt":{"rendered":"<p>Com uma previs\u00e3o de 55% em incremento de vendas de animais, a 21\u00aa Expo Alagoinhas promete movimentar o ambiente de neg\u00f3cios na regi\u00e3o. Desde a \u00faltima semana, o Parque de Exposi\u00e7\u00f5es Miguel Fontes, onde ser\u00e1 realizado o evento, recebe os animais que devem participar de leil\u00f5es, torneios e julgamento de ra\u00e7as. No \u00faltimo s\u00e1bado (27), [&hellip;]<\/p>\n","protected":false},"author":1,"featured_media":10995,"comment_status":"open","ping_status":"open","sticky":false,"template":"","format":"standard","meta":{"om_disable_all_campaigns":false,"_exactmetrics_skip_tracking":false,"_exactmetrics_sitenote_active":false,"_exactmetrics_sitenote_note":"","_exactmetrics_sitenote_category":0,"footnotes":""},"categories":[38,30],"tags":[],"class_list":["post-10994","post","type-post","status-publish","format-standard","has-post-thumbnail","hentry","category-alagoinhas-e-regiao","category-destaque"],"aioseo_notices":[],"_links":{"self":[{"href":"https:\/\/newsinfoco.com.br\/inicio\/wp-json\/wp\/v2\/posts\/10994","targetHints":{"allow":["GET"]}}],"collection":[{"href":"https:\/\/newsinfoco.com.br\/inicio\/wp-json\/wp\/v2\/posts"}],"about":[{"href":"https:\/\/newsinfoco.com.br\/inicio\/wp-json\/wp\/v2\/types\/post"}],"author":[{"embeddable":true,"href":"https:\/\/newsinfoco.com.br\/inicio\/wp-json\/wp\/v2\/users\/1"}],"replies":[{"embeddable":true,"href":"https:\/\/newsinfoco.com.br\/inicio\/wp-json\/wp\/v2\/comments?post=10994"}],"version-history":[{"count":0,"href":"https:\/\/newsinfoco.com.br\/inicio\/wp-json\/wp\/v2\/posts\/10994\/revisions"}],"wp:featuredmedia":[{"embeddable":true,"href":"https:\/\/newsinfoco.com.br\/inicio\/wp-json\/wp\/v2\/media\/10995"}],"wp:attachment":[{"href":"https:\/\/newsinfoco.com.br\/inicio\/wp-json\/wp\/v2\/media?parent=10994"}],"wp:term":[{"taxonomy":"category","embeddable":true,"href":"https:\/\/newsinfoco.com.br\/inicio\/wp-json\/wp\/v2\/categories?post=10994"},{"taxonomy":"post_tag","embeddable":true,"href":"https:\/\/newsinfoco.com.br\/inicio\/wp-json\/wp\/v2\/tags?post=10994"}],"curies":[{"name":"wp","href":"https:\/\/api.w.org\/{rel}","templated":true}]}}