{"id":11000,"date":"2018-10-31T12:55:49","date_gmt":"2018-10-31T14:55:49","guid":{"rendered":"http:\/\/newsinfoco.com.br\/?p=11000"},"modified":"2018-10-31T12:55:49","modified_gmt":"2018-10-31T14:55:49","slug":"nova-oposicao-da-alba-realiza-primeiro-encontro-para-discutir-legislatura-de-2019","status":"publish","type":"post","link":"https:\/\/newsinfoco.com.br\/inicio\/nova-oposicao-da-alba-realiza-primeiro-encontro-para-discutir-legislatura-de-2019\/","title":{"rendered":"Nova Oposi\u00e7\u00e3o da Alba realiza primeiro encontro para discutir legislatura de 2019"},"content":{"rendered":"<p style=\"text-align: justify;\">Deputados estaduais eleitos e reeleitos que integram o grupo de Oposi\u00e7\u00e3o na Bahia se reuniram ontem (30), na sala da Lideran\u00e7a da Minoria, na Assembleia Legislativa da Bahia para discutirem os direcionamentos da Bancada a partir do pr\u00f3ximo ano.<\/p>\n<p style=\"text-align: justify;\">No primeiro encontro, ap\u00f3s o resultado eleitoral, deputados novos e veteranos aproveitaram para afinar as ideias e come\u00e7arem a definir as estrat\u00e9gias de oposi\u00e7\u00e3o ao governo Rui Costa (PT), al\u00e9m de tratarem das arruma\u00e7\u00f5es internas.<\/p><div class=\"newsi-conteudo_19\" id=\"newsi-3206940910\"><a href=\"https:\/\/www.instagram.com\/prefeituraalagoinhas?igsh=YzgzdDJ1bWR3aWI4\" aria-label=\"SAVE_20251006_221555\"><img loading=\"lazy\" decoding=\"async\" src=\"https:\/\/newsinfoco.com.br\/inicio\/wp-content\/uploads\/2025\/10\/SAVE_20251006_221555-rotated.jpg\" alt=\"\"  srcset=\"https:\/\/newsinfoco.com.br\/inicio\/wp-content\/uploads\/2025\/10\/SAVE_20251006_221555-rotated.jpg 1140w, https:\/\/newsinfoco.com.br\/inicio\/wp-content\/uploads\/2025\/10\/SAVE_20251006_221555-300x52.jpg 300w, https:\/\/newsinfoco.com.br\/inicio\/wp-content\/uploads\/2025\/10\/SAVE_20251006_221555-1024x177.jpg 1024w, https:\/\/newsinfoco.com.br\/inicio\/wp-content\/uploads\/2025\/10\/SAVE_20251006_221555-768x133.jpg 768w, https:\/\/newsinfoco.com.br\/inicio\/wp-content\/uploads\/2025\/10\/SAVE_20251006_221555-600x104.jpg 600w, https:\/\/newsinfoco.com.br\/inicio\/wp-content\/uploads\/2025\/10\/SAVE_20251006_221555-696x120.jpg 696w, https:\/\/newsinfoco.com.br\/inicio\/wp-content\/uploads\/2025\/10\/SAVE_20251006_221555-1068x185.jpg 1068w\" sizes=\"(max-width: 1140px) 100vw, 1140px\" width=\"1140\" height=\"197\"   \/><\/a><\/div>\n<p style=\"text-align: justify;\">\u201cVamos fazer da unidade o nosso farol na formaliza\u00e7\u00e3o dos blocos, na indica\u00e7\u00e3o da Mesa Diretora e na condu\u00e7\u00e3o da Oposi\u00e7\u00e3o como um todo\u201d, enfatizou o deputado Targino Machado (DEM) ao destacar que a reuni\u00e3o tamb\u00e9m foi importante para o entrosamento dos deputados eleitos e reeleitos.<\/p>\n<p style=\"text-align: justify;\">Eleito pela primeira vez para o Legislativo Baiano, o atual presidente da C\u00e2mara de Vereadores de Salvador, L\u00e9o Prates (DEM), afirmou que o encontro foi muito positivo para que sejam definidos os pr\u00f3ximos passos. \u201cEstaremos aqui no pr\u00f3ximo ano fazendo uma Oposi\u00e7\u00e3o respons\u00e1vel, sendo a favor daquilo que seja bom para os baianos e obstruindo aquilo que for ruim, cumprindo o nosso papel de fiscalizadores do Poder Executivo\u201d, disse.<\/p>\n<p style=\"text-align: justify;\">Dezoito deputados devem compor o Bloco de Oposi\u00e7\u00e3o na Casa a partir do pr\u00f3ximo ano. Participaram da reuni\u00e3o os deputados do DEM, do PSDB, do PSC, do PSL, do PRB e do PATRIOTA.<\/p>\n<div class='share-to-whatsapp-wrapper'><div class='share-on-whsp'>Share on: <\/div><a data-text='Nova Oposi\u00e7\u00e3o da Alba realiza primeiro encontro para discutir legislatura de 2019' data-link='https:\/\/newsinfoco.com.br\/inicio\/nova-oposicao-da-alba-realiza-primeiro-encontro-para-discutir-legislatura-de-2019\/' class='whatsapp-button whatsapp-share'>WhatsApp<\/a><div class='clear '><\/div><\/div>","protected":false},"excerpt":{"rendered":"<p>Deputados estaduais eleitos e reeleitos que integram o grupo de Oposi\u00e7\u00e3o na Bahia se reuniram ontem (30), na sala da Lideran\u00e7a da Minoria, na Assembleia Legislativa da Bahia para discutirem os direcionamentos da Bancada a partir do pr\u00f3ximo ano. No primeiro encontro, ap\u00f3s o resultado eleitoral, deputados novos e veteranos aproveitaram para afinar as ideias [&hellip;]<\/p>\n","protected":false},"author":1,"featured_media":11001,"comment_status":"open","ping_status":"open","sticky":false,"template":"","format":"standard","meta":{"om_disable_all_campaigns":false,"_exactmetrics_skip_tracking":false,"_exactmetrics_sitenote_active":false,"_exactmetrics_sitenote_note":"","_exactmetrics_sitenote_category":0,"footnotes":""},"categories":[19],"tags":[],"class_list":["post-11000","post","type-post","status-publish","format-standard","has-post-thumbnail","hentry","category-bahia"],"aioseo_notices":[],"_links":{"self":[{"href":"https:\/\/newsinfoco.com.br\/inicio\/wp-json\/wp\/v2\/posts\/11000","targetHints":{"allow":["GET"]}}],"collection":[{"href":"https:\/\/newsinfoco.com.br\/inicio\/wp-json\/wp\/v2\/posts"}],"about":[{"href":"https:\/\/newsinfoco.com.br\/inicio\/wp-json\/wp\/v2\/types\/post"}],"author":[{"embeddable":true,"href":"https:\/\/newsinfoco.com.br\/inicio\/wp-json\/wp\/v2\/users\/1"}],"replies":[{"embeddable":true,"href":"https:\/\/newsinfoco.com.br\/inicio\/wp-json\/wp\/v2\/comments?post=11000"}],"version-history":[{"count":0,"href":"https:\/\/newsinfoco.com.br\/inicio\/wp-json\/wp\/v2\/posts\/11000\/revisions"}],"wp:featuredmedia":[{"embeddable":true,"href":"https:\/\/newsinfoco.com.br\/inicio\/wp-json\/wp\/v2\/media\/11001"}],"wp:attachment":[{"href":"https:\/\/newsinfoco.com.br\/inicio\/wp-json\/wp\/v2\/media?parent=11000"}],"wp:term":[{"taxonomy":"category","embeddable":true,"href":"https:\/\/newsinfoco.com.br\/inicio\/wp-json\/wp\/v2\/categories?post=11000"},{"taxonomy":"post_tag","embeddable":true,"href":"https:\/\/newsinfoco.com.br\/inicio\/wp-json\/wp\/v2\/tags?post=11000"}],"curies":[{"name":"wp","href":"https:\/\/api.w.org\/{rel}","templated":true}]}}