{"id":1101,"date":"2018-03-12T22:31:36","date_gmt":"2018-03-13T01:31:36","guid":{"rendered":"http:\/\/newsinfoco.com.br\/?p=1101"},"modified":"2018-03-12T22:31:36","modified_gmt":"2018-03-13T01:31:36","slug":"prefeitura-de-alagoinhas-realiza-faxinaco-para-combate-a-endemias-a-partir-desta-terca-feira-12","status":"publish","type":"post","link":"https:\/\/newsinfoco.com.br\/inicio\/prefeitura-de-alagoinhas-realiza-faxinaco-para-combate-a-endemias-a-partir-desta-terca-feira-12\/","title":{"rendered":"Prefeitura de Alagoinhas realiza Faxina\u00e7o para combate \u00e0 endemias a partir desta ter\u00e7a-feira (12)"},"content":{"rendered":"<p style=\"text-align: justify;\"><span style=\"color: #000000;\">A Secretaria Municipal de Sa\u00fade, por meio da Vigil\u00e2ncia em Sa\u00fade, em parceria com a Comiss\u00e3o interinstitucional de mobiliza\u00e7\u00e3o, preven\u00e7\u00e3o e controle da dengue, febre chikungunya e zika v\u00edrus, realiza nos dias 12, 13 e 14 de mar\u00e7o o Faxina\u00e7o. Esta a\u00e7\u00e3o tem o objetivo de orientar a sociedade de que as endemias relacionadas ao Aedes aegypti \u00e9 um problema de responsabilidade coletiva.\u00a0 Por tanto \u00e9 preciso unir for\u00e7as e buscar estrat\u00e9gias para engajar a popula\u00e7\u00e3o na luta permanente contra o mosquito transmissor.<\/span><\/p>\n<p style=\"text-align: justify;\"><span style=\"color: #000000;\">A prefeitura far\u00e1 o mutir\u00e3o retirando todo o material que pode acumular \u00e1gua, sendo realizadas as orienta\u00e7\u00f5es necess\u00e1rias e, mesmo assim, essas a\u00e7\u00f5es n\u00e3o viram rotina em todas as casas. Nessa perspectiva, conforme informa\u00e7\u00f5es da secretaria, \u00e9 recomendado que os moradores observassem os objetos que possam acumular \u00e1gua nos quintais e os retirem, colocando-os nas ruas, nelas o maquin\u00e1rio far\u00e1 seu trajeto. O \u00f3rg\u00e3o ainda salienta que os im\u00f3veis residenciais s\u00e3o respons\u00e1veis pela maioria dos criadouros do mosquito.<\/span><\/p><div class=\"newsi-conteudo_19\" id=\"newsi-2911303174\"><a href=\"https:\/\/www.instagram.com\/prefeituraalagoinhas?igsh=YzgzdDJ1bWR3aWI4\" aria-label=\"SAVE_20251006_221555\"><img loading=\"lazy\" decoding=\"async\" src=\"https:\/\/newsinfoco.com.br\/inicio\/wp-content\/uploads\/2025\/10\/SAVE_20251006_221555-rotated.jpg\" alt=\"\"  srcset=\"https:\/\/newsinfoco.com.br\/inicio\/wp-content\/uploads\/2025\/10\/SAVE_20251006_221555-rotated.jpg 1140w, https:\/\/newsinfoco.com.br\/inicio\/wp-content\/uploads\/2025\/10\/SAVE_20251006_221555-300x52.jpg 300w, https:\/\/newsinfoco.com.br\/inicio\/wp-content\/uploads\/2025\/10\/SAVE_20251006_221555-1024x177.jpg 1024w, https:\/\/newsinfoco.com.br\/inicio\/wp-content\/uploads\/2025\/10\/SAVE_20251006_221555-768x133.jpg 768w, https:\/\/newsinfoco.com.br\/inicio\/wp-content\/uploads\/2025\/10\/SAVE_20251006_221555-600x104.jpg 600w, https:\/\/newsinfoco.com.br\/inicio\/wp-content\/uploads\/2025\/10\/SAVE_20251006_221555-696x120.jpg 696w, https:\/\/newsinfoco.com.br\/inicio\/wp-content\/uploads\/2025\/10\/SAVE_20251006_221555-1068x185.jpg 1068w\" sizes=\"(max-width: 1140px) 100vw, 1140px\" width=\"1140\" height=\"197\"   \/><\/a><\/div>\n<p style=\"text-align: justify;\"><span style=\"color: #000000;\">O primeiro dia de Faxina\u00e7o acontece nesta ter\u00e7a-feira (13) \u00e0s 8h com concentra\u00e7\u00e3o na Pra\u00e7a Hugo Dantas Luna, no Barreiro de Cima. Os agentes de endemias e agentes comunit\u00e1rios visitaram o local distribuindo sacos e passaram mensagens educativas aos moradores, preparando a popula\u00e7\u00e3o para a a\u00e7\u00e3o posterior. No segundo dia as equipes devem se concentrar no Cruzeirinho Santo Ant\u00f4nio, tamb\u00e9m \u00e0s 8h.<\/span><\/p>\n<p style=\"text-align: justify;\">\n<p style=\"text-align: justify;\"><span style=\"color: #000000;\"><strong>CONFIRA ROTEIRO DO FAXINA\u00c7O:<\/strong><\/span><\/p>\n<table>\n<tbody>\n<tr>\n<td width=\"566\"><span style=\"color: #000000;\">RUA ANTONIO VALVERDE<\/span><\/td>\n<\/tr>\n<tr>\n<td width=\"566\"><span style=\"color: #000000;\">PRA\u00c7A HUGO DANTAS LUNA<\/span><\/td>\n<\/tr>\n<tr>\n<td width=\"566\"><span style=\"color: #000000;\">RUA FRANCISCO CERQUEIRA<\/span><\/td>\n<\/tr>\n<tr>\n<td width=\"566\"><span style=\"color: #000000;\">RUA SERRINHA<\/span><\/td>\n<\/tr>\n<tr>\n<td width=\"566\"><span style=\"color: #000000;\">RUA S\u00c3O SEBASTI\u00c3O<\/span><\/td>\n<\/tr>\n<tr>\n<td width=\"566\"><span style=\"color: #000000;\">RUA M\u00c3E HELENA<\/span><\/td>\n<\/tr>\n<tr>\n<td width=\"566\"><span style=\"color: #000000;\">RUA DO EUCALIPTO<\/span><\/td>\n<\/tr>\n<tr>\n<td width=\"566\"><span style=\"color: #000000;\">RUA 21 DE SETEMBRO<\/span><\/td>\n<\/tr>\n<tr>\n<td width=\"566\"><span style=\"color: #000000;\">RUA AURELIO CARVALHO DA SILVA<\/span><\/td>\n<\/tr>\n<tr>\n<td width=\"566\"><span style=\"color: #000000;\">RUA SANTO ANTONIO<\/span><\/td>\n<\/tr>\n<tr>\n<td width=\"566\"><span style=\"color: #000000;\">RUA DOM AVELAR BRAND\u00c3O VILELA<\/span><\/td>\n<\/tr>\n<\/tbody>\n<\/table>\n<p style=\"text-align: justify;\">\n<table style=\"height: 225px;\" width=\"673\">\n<tbody>\n<tr>\n<td width=\"566\"><span style=\"color: #000000;\">RUA SANTO ANTONIO<\/span><\/td>\n<\/tr>\n<tr>\n<td width=\"566\"><span style=\"color: #000000;\">RUA SANTA MARIA<\/span><\/td>\n<\/tr>\n<tr>\n<td width=\"566\"><span style=\"color: #000000;\">RUA S\u00c3O GABRIEL<\/span><\/td>\n<\/tr>\n<tr>\n<td width=\"566\"><span style=\"color: #000000;\">TRAVESSA SANTA CRISTINA<\/span><\/td>\n<\/tr>\n<tr>\n<td width=\"566\"><span style=\"color: #000000;\">RUA M\u00c3E CIRILA<\/span><\/td>\n<\/tr>\n<tr>\n<td width=\"566\"><span style=\"color: #000000;\">RUA MANOEL VITORINO<\/span><\/td>\n<\/tr>\n<tr>\n<td width=\"566\"><span style=\"color: #000000;\">RUA SANTO ANTONIO<\/span><\/td>\n<\/tr>\n<\/tbody>\n<\/table>\n<p>&nbsp;<\/p>\n<p style=\"text-align: right;\">fonte:SECOM,Prefeitura<\/p>\n<div class='share-to-whatsapp-wrapper'><div class='share-on-whsp'>Share on: <\/div><a data-text='Prefeitura de Alagoinhas realiza Faxina\u00e7o para combate \u00e0 endemias a partir desta ter\u00e7a-feira (12)' data-link='https:\/\/newsinfoco.com.br\/inicio\/prefeitura-de-alagoinhas-realiza-faxinaco-para-combate-a-endemias-a-partir-desta-terca-feira-12\/' class='whatsapp-button whatsapp-share'>WhatsApp<\/a><div class='clear '><\/div><\/div>","protected":false},"excerpt":{"rendered":"<p>A Secretaria Municipal de Sa\u00fade, por meio da Vigil\u00e2ncia em Sa\u00fade, em parceria com a Comiss\u00e3o interinstitucional de mobiliza\u00e7\u00e3o, preven\u00e7\u00e3o e controle da dengue, febre chikungunya e zika v\u00edrus, realiza nos dias 12, 13 e 14 de mar\u00e7o o Faxina\u00e7o. Esta a\u00e7\u00e3o tem o objetivo de orientar a sociedade de que as endemias relacionadas ao [&hellip;]<\/p>\n","protected":false},"author":1,"featured_media":294,"comment_status":"open","ping_status":"open","sticky":false,"template":"","format":"standard","meta":{"om_disable_all_campaigns":false,"_exactmetrics_skip_tracking":false,"_exactmetrics_sitenote_active":false,"_exactmetrics_sitenote_note":"","_exactmetrics_sitenote_category":0,"footnotes":""},"categories":[38,30],"tags":[53,54,56],"class_list":["post-1101","post","type-post","status-publish","format-standard","has-post-thumbnail","hentry","category-alagoinhas-e-regiao","category-destaque","tag-alagoinhas","tag-prefeitura","tag-secom"],"aioseo_notices":[],"_links":{"self":[{"href":"https:\/\/newsinfoco.com.br\/inicio\/wp-json\/wp\/v2\/posts\/1101","targetHints":{"allow":["GET"]}}],"collection":[{"href":"https:\/\/newsinfoco.com.br\/inicio\/wp-json\/wp\/v2\/posts"}],"about":[{"href":"https:\/\/newsinfoco.com.br\/inicio\/wp-json\/wp\/v2\/types\/post"}],"author":[{"embeddable":true,"href":"https:\/\/newsinfoco.com.br\/inicio\/wp-json\/wp\/v2\/users\/1"}],"replies":[{"embeddable":true,"href":"https:\/\/newsinfoco.com.br\/inicio\/wp-json\/wp\/v2\/comments?post=1101"}],"version-history":[{"count":0,"href":"https:\/\/newsinfoco.com.br\/inicio\/wp-json\/wp\/v2\/posts\/1101\/revisions"}],"wp:featuredmedia":[{"embeddable":true,"href":"https:\/\/newsinfoco.com.br\/inicio\/wp-json\/wp\/v2\/media\/294"}],"wp:attachment":[{"href":"https:\/\/newsinfoco.com.br\/inicio\/wp-json\/wp\/v2\/media?parent=1101"}],"wp:term":[{"taxonomy":"category","embeddable":true,"href":"https:\/\/newsinfoco.com.br\/inicio\/wp-json\/wp\/v2\/categories?post=1101"},{"taxonomy":"post_tag","embeddable":true,"href":"https:\/\/newsinfoco.com.br\/inicio\/wp-json\/wp\/v2\/tags?post=1101"}],"curies":[{"name":"wp","href":"https:\/\/api.w.org\/{rel}","templated":true}]}}