{"id":11010,"date":"2018-10-31T13:36:32","date_gmt":"2018-10-31T15:36:32","guid":{"rendered":"http:\/\/newsinfoco.com.br\/?p=11010"},"modified":"2018-10-31T13:36:32","modified_gmt":"2018-10-31T15:36:32","slug":"ministerio-do-novo-governo-devera-ter-ate-16-pastas","status":"publish","type":"post","link":"https:\/\/newsinfoco.com.br\/inicio\/ministerio-do-novo-governo-devera-ter-ate-16-pastas\/","title":{"rendered":"Minist\u00e9rio do novo governo dever\u00e1 ter at\u00e9 16 pastas"},"content":{"rendered":"<p style=\"text-align: justify;\">O governo do presidente eleito, Jair Bolsonaro (PSL), come\u00e7ou a tomar forma nesta ter\u00e7a-feira, 30, no Rio, em reuni\u00e3o na casa do empres\u00e1rio Paulo Marinho.<\/p>\n<p style=\"text-align: justify;\">Integrantes do grupo de transi\u00e7\u00e3o decidiram que os minist\u00e9rios ser\u00e3o no m\u00e1ximo 16, pela fus\u00e3o ou extin\u00e7\u00e3o de pastas. Haver\u00e1 um superminist\u00e9rio da Economia, juntando Fazenda, Planejamento e Ind\u00fastria, Com\u00e9rcio Exterior e Servi\u00e7os. Agricultura e Meio Ambiente tamb\u00e9m ser\u00e3o fundidos.<\/p><div class=\"newsi-conteudo_19\" id=\"newsi-2636318084\"><a href=\"https:\/\/www.instagram.com\/prefeituraalagoinhas?igsh=YzgzdDJ1bWR3aWI4\" aria-label=\"SAVE_20251006_221555\"><img loading=\"lazy\" decoding=\"async\" src=\"https:\/\/newsinfoco.com.br\/inicio\/wp-content\/uploads\/2025\/10\/SAVE_20251006_221555-rotated.jpg\" alt=\"\"  srcset=\"https:\/\/newsinfoco.com.br\/inicio\/wp-content\/uploads\/2025\/10\/SAVE_20251006_221555-rotated.jpg 1140w, https:\/\/newsinfoco.com.br\/inicio\/wp-content\/uploads\/2025\/10\/SAVE_20251006_221555-300x52.jpg 300w, https:\/\/newsinfoco.com.br\/inicio\/wp-content\/uploads\/2025\/10\/SAVE_20251006_221555-1024x177.jpg 1024w, https:\/\/newsinfoco.com.br\/inicio\/wp-content\/uploads\/2025\/10\/SAVE_20251006_221555-768x133.jpg 768w, https:\/\/newsinfoco.com.br\/inicio\/wp-content\/uploads\/2025\/10\/SAVE_20251006_221555-600x104.jpg 600w, https:\/\/newsinfoco.com.br\/inicio\/wp-content\/uploads\/2025\/10\/SAVE_20251006_221555-696x120.jpg 696w, https:\/\/newsinfoco.com.br\/inicio\/wp-content\/uploads\/2025\/10\/SAVE_20251006_221555-1068x185.jpg 1068w\" sizes=\"(max-width: 1140px) 100vw, 1140px\" width=\"1140\" height=\"197\"   \/><\/a><\/div>\n<p style=\"text-align: justify;\">As propostas j\u00e1 estavam no desenho original do programa apresentado na campanha, mas foram repensadas na semana passada, ap\u00f3s Bolsonaro ter recebido cr\u00edticas. O coordenador do governo de transi\u00e7\u00e3o, deputado Onyx Lorenzoni (DEM-RS), afirmou que os minist\u00e9rios ser\u00e3o \u201c15 ou 16\u201d. Onyx n\u00e3o deu nomes de novos ministros e apenas refor\u00e7ou que o ministro da Economia ser\u00e1 Paulo Guedes, o general Augusto Heleno ficar\u00e1 no Minist\u00e9rio da Defesa e ele, na Casa Civil.<\/p>\n<p style=\"text-align: justify;\">A previs\u00e3o \u00e9 de que Bolsonaro anuncie mais nomes na segunda-feira, 5. \u201cO presidente j\u00e1 tem uma lista de nomes (de ministros) e est\u00e1 fazendo a defini\u00e7\u00e3o final. Acredito que nos pr\u00f3ximos dias, Bolsonaro deva liberar mais alguns nomes. Na segunda-feira, o presidente, depois de tomar decis\u00e3o, vai nos permitir divulgar toda a estrutura\u201d, afirmou Lorenzoni \u00e0 tarde, na porta da casa do empres\u00e1rio Paulo Marinho, no Jardim Bot\u00e2nico, zona sul do Rio, onde Bolsonaro chegou por volta de 10h30 para a reuni\u00e3o.<\/p>\n<p style=\"text-align: justify;\">Ao deixar o local, o futuro ministro-chefe da Casa Civil negou que Bolsonaro tenha voltado atr\u00e1s na decis\u00e3o sobre fus\u00f5es de minist\u00e9rios. Lorenzoni confirmou que vai nesta quarta-feira, 31, a Bras\u00edlia para a reuni\u00e3o com o atual chefe da Casa Civil, Eliseu Padilha. O encontro dar\u00e1 in\u00edcio ao processo de transi\u00e7\u00e3o do governo. Lorenzoni informou ainda que Bolsonaro dever\u00e1 ir a Bras\u00edlia na ter\u00e7a-feira, 6. Ele afirmou que este ser\u00e1 um governo \u201cde absoluta uni\u00e3o\u201d e que ir\u00e1 trabalhar em sintonia.<\/p>\n<p style=\"text-align: justify;\">O ex-presidente do PSL, Gustavo Bebianno, disse que h\u00e1 \u201cum nome muito forte para Educa\u00e7\u00e3o\u201d, mas que ainda est\u00e1 sendo estudado quem ir\u00e1 para a pasta da Sa\u00fade. \u201cNingu\u00e9m est\u00e1 com pressa para indicar nada. O governo s\u00f3 come\u00e7a em 1.\u00ba de janeiro. Agora preocupa\u00e7\u00e3o \u00e9 montar equipe de mais linha de frente, digamos assim, e depois \u00e9 come\u00e7ar o trabalho\u201d, afirmou.<\/p>\n<p style=\"text-align: justify;\">Outra ideia discutida na reuni\u00e3o, segundo o vice-presidente eleito, Hamilton Mour\u00e3o (PRTB), foi unificar Educa\u00e7\u00e3o com Esporte e Cultura. Mour\u00e3o disse que, no entanto, pastas tradicionais dever\u00e3o permanecer com atua\u00e7\u00e3o isolada, como \u00e9 o caso de Sa\u00fade, Trabalho e Minas e Energia.<\/p>\n<h6 style=\"text-align: right;\"><span style=\"color: #999999;\">Estad\u00e3o<\/span><\/h6>\n<div class='share-to-whatsapp-wrapper'><div class='share-on-whsp'>Share on: <\/div><a data-text='Minist\u00e9rio do novo governo dever\u00e1 ter at\u00e9 16 pastas' data-link='https:\/\/newsinfoco.com.br\/inicio\/ministerio-do-novo-governo-devera-ter-ate-16-pastas\/' class='whatsapp-button whatsapp-share'>WhatsApp<\/a><div class='clear '><\/div><\/div>","protected":false},"excerpt":{"rendered":"<p>O governo do presidente eleito, Jair Bolsonaro (PSL), come\u00e7ou a tomar forma nesta ter\u00e7a-feira, 30, no Rio, em reuni\u00e3o na casa do empres\u00e1rio Paulo Marinho. Integrantes do grupo de transi\u00e7\u00e3o decidiram que os minist\u00e9rios ser\u00e3o no m\u00e1ximo 16, pela fus\u00e3o ou extin\u00e7\u00e3o de pastas. Haver\u00e1 um superminist\u00e9rio da Economia, juntando Fazenda, Planejamento e Ind\u00fastria, Com\u00e9rcio [&hellip;]<\/p>\n","protected":false},"author":1,"featured_media":11011,"comment_status":"open","ping_status":"open","sticky":false,"template":"","format":"standard","meta":{"om_disable_all_campaigns":false,"_exactmetrics_skip_tracking":false,"_exactmetrics_sitenote_active":false,"_exactmetrics_sitenote_note":"","_exactmetrics_sitenote_category":0,"footnotes":""},"categories":[21],"tags":[],"class_list":["post-11010","post","type-post","status-publish","format-standard","has-post-thumbnail","hentry","category-brasil"],"aioseo_notices":[],"_links":{"self":[{"href":"https:\/\/newsinfoco.com.br\/inicio\/wp-json\/wp\/v2\/posts\/11010","targetHints":{"allow":["GET"]}}],"collection":[{"href":"https:\/\/newsinfoco.com.br\/inicio\/wp-json\/wp\/v2\/posts"}],"about":[{"href":"https:\/\/newsinfoco.com.br\/inicio\/wp-json\/wp\/v2\/types\/post"}],"author":[{"embeddable":true,"href":"https:\/\/newsinfoco.com.br\/inicio\/wp-json\/wp\/v2\/users\/1"}],"replies":[{"embeddable":true,"href":"https:\/\/newsinfoco.com.br\/inicio\/wp-json\/wp\/v2\/comments?post=11010"}],"version-history":[{"count":0,"href":"https:\/\/newsinfoco.com.br\/inicio\/wp-json\/wp\/v2\/posts\/11010\/revisions"}],"wp:featuredmedia":[{"embeddable":true,"href":"https:\/\/newsinfoco.com.br\/inicio\/wp-json\/wp\/v2\/media\/11011"}],"wp:attachment":[{"href":"https:\/\/newsinfoco.com.br\/inicio\/wp-json\/wp\/v2\/media?parent=11010"}],"wp:term":[{"taxonomy":"category","embeddable":true,"href":"https:\/\/newsinfoco.com.br\/inicio\/wp-json\/wp\/v2\/categories?post=11010"},{"taxonomy":"post_tag","embeddable":true,"href":"https:\/\/newsinfoco.com.br\/inicio\/wp-json\/wp\/v2\/tags?post=11010"}],"curies":[{"name":"wp","href":"https:\/\/api.w.org\/{rel}","templated":true}]}}