{"id":11013,"date":"2018-10-31T13:39:45","date_gmt":"2018-10-31T15:39:45","guid":{"rendered":"http:\/\/newsinfoco.com.br\/?p=11013"},"modified":"2018-10-31T13:39:45","modified_gmt":"2018-10-31T15:39:45","slug":"moro-se-reune-com-bolsonaro-amanha-no-rio","status":"publish","type":"post","link":"https:\/\/newsinfoco.com.br\/inicio\/moro-se-reune-com-bolsonaro-amanha-no-rio\/","title":{"rendered":"Moro se re\u00fane com Bolsonaro amanh\u00e3 no Rio"},"content":{"rendered":"<p style=\"text-align: justify;\">O juiz federal S\u00e9rgio Moro, da Opera\u00e7\u00e3o Lava Jato, vai se reunir com o presidente eleito Jair Bolsonaro (PSL) nesta quinta-feira, 1, no Rio.<\/p>\n<p style=\"text-align: justify;\">O magistrado ser\u00e1 recebido pelo presidente eleito para definir se aceita ir para o Minist\u00e9rio da Justi\u00e7a e depois assumir uma cadeira no Supremo Tribunal Federal (STF). O grupo mais pr\u00f3ximo de Bolsonaro anunciou nesta ter\u00e7a-feira, 30, o formato do Minist\u00e9rio do futuro governo.<\/p><div class=\"newsi-conteudo_19\" id=\"newsi-1225635629\"><a href=\"https:\/\/www.instagram.com\/prefeituraalagoinhas?igsh=YzgzdDJ1bWR3aWI4\" aria-label=\"SAVE_20251006_221555\"><img loading=\"lazy\" decoding=\"async\" src=\"https:\/\/newsinfoco.com.br\/inicio\/wp-content\/uploads\/2025\/10\/SAVE_20251006_221555-rotated.jpg\" alt=\"\"  srcset=\"https:\/\/newsinfoco.com.br\/inicio\/wp-content\/uploads\/2025\/10\/SAVE_20251006_221555-rotated.jpg 1140w, https:\/\/newsinfoco.com.br\/inicio\/wp-content\/uploads\/2025\/10\/SAVE_20251006_221555-300x52.jpg 300w, https:\/\/newsinfoco.com.br\/inicio\/wp-content\/uploads\/2025\/10\/SAVE_20251006_221555-1024x177.jpg 1024w, https:\/\/newsinfoco.com.br\/inicio\/wp-content\/uploads\/2025\/10\/SAVE_20251006_221555-768x133.jpg 768w, https:\/\/newsinfoco.com.br\/inicio\/wp-content\/uploads\/2025\/10\/SAVE_20251006_221555-600x104.jpg 600w, https:\/\/newsinfoco.com.br\/inicio\/wp-content\/uploads\/2025\/10\/SAVE_20251006_221555-696x120.jpg 696w, https:\/\/newsinfoco.com.br\/inicio\/wp-content\/uploads\/2025\/10\/SAVE_20251006_221555-1068x185.jpg 1068w\" sizes=\"(max-width: 1140px) 100vw, 1140px\" width=\"1140\" height=\"197\"   \/><\/a><\/div>\n<p style=\"text-align: justify;\">Citado pelo pr\u00f3prio presidente eleito como um \u201cgrande s\u00edmbolo\u201d da luta contra a corrup\u00e7\u00e3o e poss\u00edvel titular da pasta da Justi\u00e7a \u2013 o juiz S\u00e9rgio Moro admitiu que poder\u00e1 aceitar o convite caso ele seja feito. \u201cTudo depende de conversar para ver se h\u00e1 converg\u00eancias importantes e diverg\u00eancias irrelevantes\u201d, disse Moro ao Estado.<\/p>\n<p style=\"text-align: justify;\">O juiz federal foi cotado pelo presidente eleito tamb\u00e9m para uma vaga no Supremo Tribunal Federal \u2013 durante o mandato de Bolsonaro ser\u00e3o abertas duas vagas na Corte por aposentadoria compuls\u00f3ria, a do ministro decano Celso de Mello, em novembro de 2020, e a de Marco Aur\u00e9lio Mello, em julho de 2021.<\/p>\n<p style=\"text-align: justify;\">Em nota divulgada nesta ter\u00e7a, Moro disse que ficou \u201chonrado\u201d com a lembran\u00e7a de seu nome para os dois postos. \u201cSobre a men\u00e7\u00e3o p\u00fablica pelo sr. presidente eleito ao meu nome para compor o Supremo Tribunal Federal quando houver vaga ou para ser indicado para Ministro da Justi\u00e7a em sua gest\u00e3o, apenas tenho a dizer publicamente que fico honrado com a lembran\u00e7a. Caso efetivado oportunamente o convite, ser\u00e1 objeto de ponderada discuss\u00e3o e reflex\u00e3o.\u201d<\/p>\n<p style=\"text-align: justify;\">No governo Michel Temer, o Minist\u00e9rio da Justi\u00e7a foi desidratado e deixou de ter controle sobre a Pol\u00edcia Federal, que passou a ser vinculada \u00e0 pasta extraordin\u00e1ria da Seguran\u00e7a P\u00fablica, criada em fevereiro.<\/p>\n<p style=\"text-align: justify;\">No desenho da nova Esplanada sob o governo Bolsonaro, a previs\u00e3o \u00e9 de que os dois minist\u00e9rios sejam fundidos. O vice-presidente eleito, general Hamilton Mour\u00e3o, disse que \u201ctudo indica\u201d que a pastas ser\u00e3o juntadas, porque isso faz parte \u201cdo processo de enxugamento\u201d do primeiro escal\u00e3o do governo.<\/p>\n<p style=\"text-align: justify;\">Mour\u00e3o participou nesta ter\u00e7a, no Rio, da primeira reuni\u00e3o entre Bolsonaro e a equipe de assessores mais pr\u00f3ximos, quando foi discutido o novo organograma da Esplanada dos Minist\u00e9rios. Questionado sobre Moro, o vice eleito disse que o titular da Justi\u00e7a \u201ccertamente ser\u00e1 algu\u00e9m que tenha estatura moral perante o Pa\u00eds\u201d.<\/p>\n<h6 style=\"text-align: right;\"><span style=\"color: #999999;\">Estad\u00e3o<\/span><\/h6>\n<div class='share-to-whatsapp-wrapper'><div class='share-on-whsp'>Share on: <\/div><a data-text='Moro se re\u00fane com Bolsonaro amanh\u00e3 no Rio' data-link='https:\/\/newsinfoco.com.br\/inicio\/moro-se-reune-com-bolsonaro-amanha-no-rio\/' class='whatsapp-button whatsapp-share'>WhatsApp<\/a><div class='clear '><\/div><\/div>","protected":false},"excerpt":{"rendered":"<p>O juiz federal S\u00e9rgio Moro, da Opera\u00e7\u00e3o Lava Jato, vai se reunir com o presidente eleito Jair Bolsonaro (PSL) nesta quinta-feira, 1, no Rio. O magistrado ser\u00e1 recebido pelo presidente eleito para definir se aceita ir para o Minist\u00e9rio da Justi\u00e7a e depois assumir uma cadeira no Supremo Tribunal Federal (STF). O grupo mais pr\u00f3ximo [&hellip;]<\/p>\n","protected":false},"author":1,"featured_media":1727,"comment_status":"open","ping_status":"open","sticky":false,"template":"","format":"standard","meta":{"om_disable_all_campaigns":false,"_exactmetrics_skip_tracking":false,"_exactmetrics_sitenote_active":false,"_exactmetrics_sitenote_note":"","_exactmetrics_sitenote_category":0,"footnotes":""},"categories":[21],"tags":[],"class_list":["post-11013","post","type-post","status-publish","format-standard","has-post-thumbnail","hentry","category-brasil"],"aioseo_notices":[],"_links":{"self":[{"href":"https:\/\/newsinfoco.com.br\/inicio\/wp-json\/wp\/v2\/posts\/11013","targetHints":{"allow":["GET"]}}],"collection":[{"href":"https:\/\/newsinfoco.com.br\/inicio\/wp-json\/wp\/v2\/posts"}],"about":[{"href":"https:\/\/newsinfoco.com.br\/inicio\/wp-json\/wp\/v2\/types\/post"}],"author":[{"embeddable":true,"href":"https:\/\/newsinfoco.com.br\/inicio\/wp-json\/wp\/v2\/users\/1"}],"replies":[{"embeddable":true,"href":"https:\/\/newsinfoco.com.br\/inicio\/wp-json\/wp\/v2\/comments?post=11013"}],"version-history":[{"count":0,"href":"https:\/\/newsinfoco.com.br\/inicio\/wp-json\/wp\/v2\/posts\/11013\/revisions"}],"wp:featuredmedia":[{"embeddable":true,"href":"https:\/\/newsinfoco.com.br\/inicio\/wp-json\/wp\/v2\/media\/1727"}],"wp:attachment":[{"href":"https:\/\/newsinfoco.com.br\/inicio\/wp-json\/wp\/v2\/media?parent=11013"}],"wp:term":[{"taxonomy":"category","embeddable":true,"href":"https:\/\/newsinfoco.com.br\/inicio\/wp-json\/wp\/v2\/categories?post=11013"},{"taxonomy":"post_tag","embeddable":true,"href":"https:\/\/newsinfoco.com.br\/inicio\/wp-json\/wp\/v2\/tags?post=11013"}],"curies":[{"name":"wp","href":"https:\/\/api.w.org\/{rel}","templated":true}]}}