{"id":11015,"date":"2018-10-31T13:42:16","date_gmt":"2018-10-31T15:42:16","guid":{"rendered":"http:\/\/newsinfoco.com.br\/?p=11015"},"modified":"2018-10-31T13:42:16","modified_gmt":"2018-10-31T15:42:16","slug":"bolsonaro-confirma-astronauta-marcos-pontes-para-ministerio-da-ciencia-e-tecnologia","status":"publish","type":"post","link":"https:\/\/newsinfoco.com.br\/inicio\/bolsonaro-confirma-astronauta-marcos-pontes-para-ministerio-da-ciencia-e-tecnologia\/","title":{"rendered":"Bolsonaro confirma astronauta Marcos Pontes para Minist\u00e9rio da Ci\u00eancia e Tecnologia"},"content":{"rendered":"<p style=\"text-align: justify;\">O presidente eleito Jair Bolsonaro (PSL) confirmou na manh\u00e3 desta quarta-feira, 31, o nome do tenente-coronel Marcos Pontes, do mesmo partido, para o Minist\u00e9rio da Ci\u00eancia e Tecnologia.<\/p>\n<p style=\"text-align: justify;\">Nesta elei\u00e7\u00e3o, ele concorreu como segundo suplente do senador eleito Major Ol\u00edmpio (PSL-SP). \u201cComunico que o Tenente-Coronel e Astronauta Marcos Pontes, engenheiro formado no ITA, ser\u00e1 indicado para o Minist\u00e9rio da Ci\u00eancia e Tecnologia. \u00c9 o quarto Ministro confirmado!\u201d, escreveu.<\/p><div class=\"newsi-conteudo_19\" id=\"newsi-1065960364\"><a href=\"https:\/\/www.instagram.com\/prefeituraalagoinhas?igsh=YzgzdDJ1bWR3aWI4\" aria-label=\"SAVE_20251006_221555\"><img loading=\"lazy\" decoding=\"async\" src=\"https:\/\/newsinfoco.com.br\/inicio\/wp-content\/uploads\/2025\/10\/SAVE_20251006_221555-rotated.jpg\" alt=\"\"  srcset=\"https:\/\/newsinfoco.com.br\/inicio\/wp-content\/uploads\/2025\/10\/SAVE_20251006_221555-rotated.jpg 1140w, https:\/\/newsinfoco.com.br\/inicio\/wp-content\/uploads\/2025\/10\/SAVE_20251006_221555-300x52.jpg 300w, https:\/\/newsinfoco.com.br\/inicio\/wp-content\/uploads\/2025\/10\/SAVE_20251006_221555-1024x177.jpg 1024w, https:\/\/newsinfoco.com.br\/inicio\/wp-content\/uploads\/2025\/10\/SAVE_20251006_221555-768x133.jpg 768w, https:\/\/newsinfoco.com.br\/inicio\/wp-content\/uploads\/2025\/10\/SAVE_20251006_221555-600x104.jpg 600w, https:\/\/newsinfoco.com.br\/inicio\/wp-content\/uploads\/2025\/10\/SAVE_20251006_221555-696x120.jpg 696w, https:\/\/newsinfoco.com.br\/inicio\/wp-content\/uploads\/2025\/10\/SAVE_20251006_221555-1068x185.jpg 1068w\" sizes=\"(max-width: 1140px) 100vw, 1140px\" width=\"1140\" height=\"197\"   \/><\/a><\/div>\n<p style=\"text-align: justify;\">Durante a corrida presidencial, Pontes atuou na campanha de Bolsonaro neste ano. Na ter\u00e7a-feira, o astronauta declarou ao telejornal Bom Dia, RN, da Inter TV, afiliada da Rede Globo, que havia aceitado o convite. \u201cFui convidado e j\u00e1 aceitei, convite est\u00e1 aceito\u201d, disse. \u201cAssumo o minist\u00e9rio, fico os quatro anos e depois, eventualmente, posso entrar no Senado para continuar o trabalho dentro do Congresso\u201d, afirmou na entrevista.<\/p>\n<p style=\"text-align: justify;\">Marcos Pontes nasceu em Bauru, no interior de S\u00e3o Paulo, e formou-se em engenharia no Instituto Tecnol\u00f3gico da Aeron\u00e1utica (ITA). Ele ganhou notoriedade em mar\u00e7o de 2006, quando se tornou o primeiro e \u00fanico astronauta brasileiro a viajar para o espa\u00e7o. O futuro ministro tentou a sorte na pol\u00edtica em 2014, quando disputou uma vaga como deputado federal por S\u00e3o Paulo. Na ocasi\u00e3o, recebeu pouco mais de 43 mil votos e n\u00e3o foi eleito.<\/p>\n<p style=\"text-align: justify;\">Em v\u00eddeo nas redes sociais divulgado esta semana, Pontes afirmou que \u201ch\u00e1 muitas coisas a fazer\u201d e que sua prioridade ser\u00e1 a educa\u00e7\u00e3o. \u201cEduca\u00e7\u00e3o para formar cidad\u00e3os qualificados. Ci\u00eancia, para desenvolver ideias e solu\u00e7\u00f5es espec\u00edficas para o Brasil. Tecnologia, para transformar ideias em inova\u00e7\u00f5es, que v\u00e3o se transformar em novos produtos, que v\u00e3o se transformar em novas empresas, que v\u00e3o criar novos empregos. Esse ciclo virtuoso \u00e9 o que a gente quer criar no Brasil. Estou muito feliz\u201d, disse, afirmando estar orgulhoso de sua cidade ter um ministro no governo.<\/p>\n<p style=\"text-align: justify;\">Bolsonaro tamb\u00e9m j\u00e1 anunciou os nomes do deputado Onyx Lorenzoni (DEM-RS) para assumir a Casa Civil, do economista Paulo Guedes para o Minist\u00e9rio da Economia, pasta que englobar\u00e1 os minist\u00e9rios da Fazenda, do Planejamento e da Ind\u00fastria e Com\u00e9rcio Exterior, e tamb\u00e9m do general Augusto Heleno para chefiar o Minist\u00e9rio da Defesa.<\/p>\n<h6 style=\"text-align: right;\"><span style=\"color: #999999;\">Estad\u00e3o<\/span><\/h6>\n<div class='share-to-whatsapp-wrapper'><div class='share-on-whsp'>Share on: <\/div><a data-text='Bolsonaro confirma astronauta Marcos Pontes para Minist\u00e9rio da Ci\u00eancia e Tecnologia' data-link='https:\/\/newsinfoco.com.br\/inicio\/bolsonaro-confirma-astronauta-marcos-pontes-para-ministerio-da-ciencia-e-tecnologia\/' class='whatsapp-button whatsapp-share'>WhatsApp<\/a><div class='clear '><\/div><\/div>","protected":false},"excerpt":{"rendered":"<p>O presidente eleito Jair Bolsonaro (PSL) confirmou na manh\u00e3 desta quarta-feira, 31, o nome do tenente-coronel Marcos Pontes, do mesmo partido, para o Minist\u00e9rio da Ci\u00eancia e Tecnologia. Nesta elei\u00e7\u00e3o, ele concorreu como segundo suplente do senador eleito Major Ol\u00edmpio (PSL-SP). \u201cComunico que o Tenente-Coronel e Astronauta Marcos Pontes, engenheiro formado no ITA, ser\u00e1 indicado [&hellip;]<\/p>\n","protected":false},"author":1,"featured_media":11016,"comment_status":"open","ping_status":"open","sticky":false,"template":"","format":"standard","meta":{"om_disable_all_campaigns":false,"_exactmetrics_skip_tracking":false,"_exactmetrics_sitenote_active":false,"_exactmetrics_sitenote_note":"","_exactmetrics_sitenote_category":0,"footnotes":""},"categories":[21],"tags":[],"class_list":["post-11015","post","type-post","status-publish","format-standard","has-post-thumbnail","hentry","category-brasil"],"aioseo_notices":[],"_links":{"self":[{"href":"https:\/\/newsinfoco.com.br\/inicio\/wp-json\/wp\/v2\/posts\/11015","targetHints":{"allow":["GET"]}}],"collection":[{"href":"https:\/\/newsinfoco.com.br\/inicio\/wp-json\/wp\/v2\/posts"}],"about":[{"href":"https:\/\/newsinfoco.com.br\/inicio\/wp-json\/wp\/v2\/types\/post"}],"author":[{"embeddable":true,"href":"https:\/\/newsinfoco.com.br\/inicio\/wp-json\/wp\/v2\/users\/1"}],"replies":[{"embeddable":true,"href":"https:\/\/newsinfoco.com.br\/inicio\/wp-json\/wp\/v2\/comments?post=11015"}],"version-history":[{"count":0,"href":"https:\/\/newsinfoco.com.br\/inicio\/wp-json\/wp\/v2\/posts\/11015\/revisions"}],"wp:featuredmedia":[{"embeddable":true,"href":"https:\/\/newsinfoco.com.br\/inicio\/wp-json\/wp\/v2\/media\/11016"}],"wp:attachment":[{"href":"https:\/\/newsinfoco.com.br\/inicio\/wp-json\/wp\/v2\/media?parent=11015"}],"wp:term":[{"taxonomy":"category","embeddable":true,"href":"https:\/\/newsinfoco.com.br\/inicio\/wp-json\/wp\/v2\/categories?post=11015"},{"taxonomy":"post_tag","embeddable":true,"href":"https:\/\/newsinfoco.com.br\/inicio\/wp-json\/wp\/v2\/tags?post=11015"}],"curies":[{"name":"wp","href":"https:\/\/api.w.org\/{rel}","templated":true}]}}