{"id":11018,"date":"2018-10-31T13:47:56","date_gmt":"2018-10-31T15:47:56","guid":{"rendered":"http:\/\/newsinfoco.com.br\/?p=11018"},"modified":"2018-10-31T13:47:56","modified_gmt":"2018-10-31T15:47:56","slug":"ao-anunciar-superministerio-guedes-diz-que-quer-acabar-com-lobby-da-industria","status":"publish","type":"post","link":"https:\/\/newsinfoco.com.br\/inicio\/ao-anunciar-superministerio-guedes-diz-que-quer-acabar-com-lobby-da-industria\/","title":{"rendered":"Ao anunciar \u2018superminist\u00e9rio\u2019, Guedes diz que quer acabar com lobby da ind\u00fastria"},"content":{"rendered":"<p style=\"text-align: justify;\">Prestes a se tornar o \u201csuperministro\u201d da Economia, Paulo Guedes, coordenador do programa econ\u00f4mico do presidente eleito, Jair Bolsonaro, disse na ter\u00e7a-feira, 30, que a incorpora\u00e7\u00e3o do Minist\u00e9rio da Ind\u00fastria (Mdic) ao da Fazenda ser\u00e1 usada para desmontar o sistema de lobby e protecionismo que atrapalha o desenvolvimento da ind\u00fastria nacional.<\/p>\n<p style=\"text-align: justify;\">\u201cVamos salvar a ind\u00fastria brasileira, apesar dos industriais brasileiros\u201d, afirmou o economista, ap\u00f3s reuni\u00e3o da c\u00fapula do futuro governo Bolsonaro, no Rio. Com o aval do presidente eleito, Guedes anunciou na ter\u00e7a-feira a cria\u00e7\u00e3o do superminist\u00e9rio da Economia, que reunir\u00e1 as atuais pastas da Fazenda, do Planejamento e o Mdic.<\/p><div class=\"newsi-conteudo_19\" id=\"newsi-3642517673\"><a href=\"https:\/\/www.instagram.com\/prefeituraalagoinhas?igsh=YzgzdDJ1bWR3aWI4\" aria-label=\"SAVE_20251006_221555\"><img loading=\"lazy\" decoding=\"async\" src=\"https:\/\/newsinfoco.com.br\/inicio\/wp-content\/uploads\/2025\/10\/SAVE_20251006_221555-rotated.jpg\" alt=\"\"  srcset=\"https:\/\/newsinfoco.com.br\/inicio\/wp-content\/uploads\/2025\/10\/SAVE_20251006_221555-rotated.jpg 1140w, https:\/\/newsinfoco.com.br\/inicio\/wp-content\/uploads\/2025\/10\/SAVE_20251006_221555-300x52.jpg 300w, https:\/\/newsinfoco.com.br\/inicio\/wp-content\/uploads\/2025\/10\/SAVE_20251006_221555-1024x177.jpg 1024w, https:\/\/newsinfoco.com.br\/inicio\/wp-content\/uploads\/2025\/10\/SAVE_20251006_221555-768x133.jpg 768w, https:\/\/newsinfoco.com.br\/inicio\/wp-content\/uploads\/2025\/10\/SAVE_20251006_221555-600x104.jpg 600w, https:\/\/newsinfoco.com.br\/inicio\/wp-content\/uploads\/2025\/10\/SAVE_20251006_221555-696x120.jpg 696w, https:\/\/newsinfoco.com.br\/inicio\/wp-content\/uploads\/2025\/10\/SAVE_20251006_221555-1068x185.jpg 1068w\" sizes=\"(max-width: 1140px) 100vw, 1140px\" width=\"1140\" height=\"197\"   \/><\/a><\/div>\n<p style=\"text-align: justify;\">Ao fazer o an\u00fancio, Guedes comparou o Mdic a uma \u201ctrincheira da Primeira Guerra Mundial\u201d na defesa do protecionismo. \u201cO Brasil est\u00e1 em um processo de desindustrializa\u00e7\u00e3o acelerada h\u00e1 mais de 30 anos. Eles (Midc) est\u00e3o l\u00e1 com arame farpado, lama, buraco, defendendo protecionismo, subs\u00eddio, coisas que prejudicam a ind\u00fastria, em vez de lutar por redu\u00e7\u00e3o de impostos, simplifica\u00e7\u00e3o e uma integra\u00e7\u00e3o competitiva \u00e0 ind\u00fastria internacional.\u201d<\/p>\n<p style=\"text-align: justify;\">O economista frisou que a proposta de criar o \u201csuperminist\u00e9rio\u201d e de fundir em uma s\u00f3 pasta os Minist\u00e9rios da Agricultura e do Meio Ambiente j\u00e1 estavam no programa original, apresentado na campanha. Ele minimizou as declara\u00e7\u00f5es feitas pelo pr\u00f3prio Bolsonaro uma semana antes do segundo turno, depois de encontro com empres\u00e1rios da ind\u00fastria: \u201cSe esse \u00e9 o interesse deles, para o bem do Brasil, vamos atend\u00ea-los. Vamos manter o Mdic sem problema nenhum\u201d, disse o ent\u00e3o candidato, no dia 24, em transmiss\u00e3o feita pelo Facebook.<\/p>\n<p style=\"text-align: justify;\">As tr\u00eas pastas da \u00e1rea econ\u00f4mica, hoje separadas, j\u00e1 foram unificadas, durante o governo Fernando Collor de Melo, de 1990 at\u00e9 1992. Z\u00e9lia Cardoso de Melo ocupou o cargo de ministra. Tr\u00eas dias ap\u00f3s o afastamento de Collor, no fim de 1992, a fus\u00e3o foi desfeita e os minist\u00e9rios voltaram a funcionar separadamente.<\/p>\n<h6 style=\"text-align: right;\"><span style=\"color: #999999;\">Estad\u00e3o<\/span><\/h6>\n<div class='share-to-whatsapp-wrapper'><div class='share-on-whsp'>Share on: <\/div><a data-text='Ao anunciar \u2018superminist\u00e9rio\u2019, Guedes diz que quer acabar com lobby da ind\u00fastria' data-link='https:\/\/newsinfoco.com.br\/inicio\/ao-anunciar-superministerio-guedes-diz-que-quer-acabar-com-lobby-da-industria\/' class='whatsapp-button whatsapp-share'>WhatsApp<\/a><div class='clear '><\/div><\/div>","protected":false},"excerpt":{"rendered":"<p>Prestes a se tornar o \u201csuperministro\u201d da Economia, Paulo Guedes, coordenador do programa econ\u00f4mico do presidente eleito, Jair Bolsonaro, disse na ter\u00e7a-feira, 30, que a incorpora\u00e7\u00e3o do Minist\u00e9rio da Ind\u00fastria (Mdic) ao da Fazenda ser\u00e1 usada para desmontar o sistema de lobby e protecionismo que atrapalha o desenvolvimento da ind\u00fastria nacional. \u201cVamos salvar a ind\u00fastria [&hellip;]<\/p>\n","protected":false},"author":1,"featured_media":10934,"comment_status":"open","ping_status":"open","sticky":false,"template":"","format":"standard","meta":{"om_disable_all_campaigns":false,"_exactmetrics_skip_tracking":false,"_exactmetrics_sitenote_active":false,"_exactmetrics_sitenote_note":"","_exactmetrics_sitenote_category":0,"footnotes":""},"categories":[21],"tags":[],"class_list":["post-11018","post","type-post","status-publish","format-standard","has-post-thumbnail","hentry","category-brasil"],"aioseo_notices":[],"_links":{"self":[{"href":"https:\/\/newsinfoco.com.br\/inicio\/wp-json\/wp\/v2\/posts\/11018","targetHints":{"allow":["GET"]}}],"collection":[{"href":"https:\/\/newsinfoco.com.br\/inicio\/wp-json\/wp\/v2\/posts"}],"about":[{"href":"https:\/\/newsinfoco.com.br\/inicio\/wp-json\/wp\/v2\/types\/post"}],"author":[{"embeddable":true,"href":"https:\/\/newsinfoco.com.br\/inicio\/wp-json\/wp\/v2\/users\/1"}],"replies":[{"embeddable":true,"href":"https:\/\/newsinfoco.com.br\/inicio\/wp-json\/wp\/v2\/comments?post=11018"}],"version-history":[{"count":0,"href":"https:\/\/newsinfoco.com.br\/inicio\/wp-json\/wp\/v2\/posts\/11018\/revisions"}],"wp:featuredmedia":[{"embeddable":true,"href":"https:\/\/newsinfoco.com.br\/inicio\/wp-json\/wp\/v2\/media\/10934"}],"wp:attachment":[{"href":"https:\/\/newsinfoco.com.br\/inicio\/wp-json\/wp\/v2\/media?parent=11018"}],"wp:term":[{"taxonomy":"category","embeddable":true,"href":"https:\/\/newsinfoco.com.br\/inicio\/wp-json\/wp\/v2\/categories?post=11018"},{"taxonomy":"post_tag","embeddable":true,"href":"https:\/\/newsinfoco.com.br\/inicio\/wp-json\/wp\/v2\/tags?post=11018"}],"curies":[{"name":"wp","href":"https:\/\/api.w.org\/{rel}","templated":true}]}}