{"id":11024,"date":"2018-10-31T19:41:45","date_gmt":"2018-10-31T21:41:45","guid":{"rendered":"http:\/\/newsinfoco.com.br\/?p=11024"},"modified":"2018-10-31T19:43:19","modified_gmt":"2018-10-31T21:43:19","slug":"enfrentando-crise-financeira-prefeito-de-inhambupe-decreta-contingenciamento-de-gastos-na-prefeitura","status":"publish","type":"post","link":"https:\/\/newsinfoco.com.br\/inicio\/enfrentando-crise-financeira-prefeito-de-inhambupe-decreta-contingenciamento-de-gastos-na-prefeitura\/","title":{"rendered":"Enfrentando crise financeira, prefeito de Inhambupe decreta contingenciamento de gastos na prefeitura"},"content":{"rendered":"<p style=\"text-align: justify;\">Um decreto de contingenciamento de gastos foi publicado pelo prefeito de Inhambupe, Fortunato Costa (PPS) ontem(30).<\/p>\n<p style=\"text-align: justify;\">O decreto prev\u00ea o corte de despesas que n\u00e3o s\u00e3o consideradas priorit\u00e1rios at\u00e9 o dia 31 de dezembro de 2018.<\/p><div class=\"newsi-conteudo_19\" id=\"newsi-2299455538\"><a href=\"https:\/\/www.instagram.com\/prefeituraalagoinhas?igsh=YzgzdDJ1bWR3aWI4\" aria-label=\"SAVE_20251006_221555\"><img loading=\"lazy\" decoding=\"async\" src=\"https:\/\/newsinfoco.com.br\/inicio\/wp-content\/uploads\/2025\/10\/SAVE_20251006_221555-rotated.jpg\" alt=\"\"  srcset=\"https:\/\/newsinfoco.com.br\/inicio\/wp-content\/uploads\/2025\/10\/SAVE_20251006_221555-rotated.jpg 1140w, https:\/\/newsinfoco.com.br\/inicio\/wp-content\/uploads\/2025\/10\/SAVE_20251006_221555-300x52.jpg 300w, https:\/\/newsinfoco.com.br\/inicio\/wp-content\/uploads\/2025\/10\/SAVE_20251006_221555-1024x177.jpg 1024w, https:\/\/newsinfoco.com.br\/inicio\/wp-content\/uploads\/2025\/10\/SAVE_20251006_221555-768x133.jpg 768w, https:\/\/newsinfoco.com.br\/inicio\/wp-content\/uploads\/2025\/10\/SAVE_20251006_221555-600x104.jpg 600w, https:\/\/newsinfoco.com.br\/inicio\/wp-content\/uploads\/2025\/10\/SAVE_20251006_221555-696x120.jpg 696w, https:\/\/newsinfoco.com.br\/inicio\/wp-content\/uploads\/2025\/10\/SAVE_20251006_221555-1068x185.jpg 1068w\" sizes=\"(max-width: 1140px) 100vw, 1140px\" width=\"1140\" height=\"197\"   \/><\/a><\/div>\n<p style=\"text-align: justify;\">O decreto prev\u00ea a suspens\u00e3o da realiza\u00e7\u00e3o de novas despesas, exceto de car\u00e1ter obrigat\u00f3rio para cumprimento de normas constitucionais em casos especiais e analisados pelo gestor, novos afastamentos ou ced\u00eancias de servidores com \u00f4nus para o munic\u00edpio, concess\u00f5es de di\u00e1rias e ajuda de custo, concess\u00f5es de novas gratifica\u00e7\u00f5es, licen\u00e7as, horas extras, contratos pessoais, contratos de despesas, salvo as autorizadas pelo prefeito.<\/p>\n<p style=\"text-align: justify;\">O decreto tamb\u00e9m suspende realiza\u00e7\u00e3o de eventos em qualquer secretaria, salvos os j\u00e1 empenhados, al\u00e9m de atingir as metas de redu\u00e7\u00f5es no consumo de \u00e1gua, energia el\u00e9trica e combust\u00edvel.<\/p>\n<p style=\"text-align: justify;\">Em agosto, mat\u00e9ria publicada pelo site News Infoco j\u00e1 indicava que a gest\u00e3o Nena teria problemas para pagar os sal\u00e1rios de dezembro e o 13\u00ba de professores municipais, podendo inclusive parcela-los devido a crise financeira por qual passa o municipio.<a href=\"http:\/\/newsinfoco.com.br\/2018\/08\/26\/enfrentando-dificuldades-financeiras-prefeitura-de-inhambupe-podera-parcelar-salarios-de-dezembro-e-13o-de-professores-municipais\/\">( veja aqui )\u00a0<\/a><\/p>\n<p style=\"text-align: right;\"><span style=\"color: #999999;\">Por Caio Pimenta com informa\u00e7\u00f5es de Ronaldo Leite News para o News Infoco<\/span><\/p>\n<p style=\"text-align: justify;\">\n<div class='share-to-whatsapp-wrapper'><div class='share-on-whsp'>Share on: <\/div><a data-text='Enfrentando crise financeira, prefeito de Inhambupe decreta contingenciamento de gastos na prefeitura' data-link='https:\/\/newsinfoco.com.br\/inicio\/enfrentando-crise-financeira-prefeito-de-inhambupe-decreta-contingenciamento-de-gastos-na-prefeitura\/' class='whatsapp-button whatsapp-share'>WhatsApp<\/a><div class='clear '><\/div><\/div>","protected":false},"excerpt":{"rendered":"<p>Um decreto de contingenciamento de gastos foi publicado pelo prefeito de Inhambupe, Fortunato Costa (PPS) ontem(30). O decreto prev\u00ea o corte de despesas que n\u00e3o s\u00e3o consideradas priorit\u00e1rios at\u00e9 o dia 31 de dezembro de 2018. O decreto prev\u00ea a suspens\u00e3o da realiza\u00e7\u00e3o de novas despesas, exceto de car\u00e1ter obrigat\u00f3rio para cumprimento de normas constitucionais [&hellip;]<\/p>\n","protected":false},"author":1,"featured_media":3807,"comment_status":"open","ping_status":"open","sticky":false,"template":"","format":"standard","meta":{"om_disable_all_campaigns":false,"_exactmetrics_skip_tracking":false,"_exactmetrics_sitenote_active":false,"_exactmetrics_sitenote_note":"","_exactmetrics_sitenote_category":0,"footnotes":""},"categories":[38,30],"tags":[],"class_list":["post-11024","post","type-post","status-publish","format-standard","has-post-thumbnail","hentry","category-alagoinhas-e-regiao","category-destaque"],"aioseo_notices":[],"_links":{"self":[{"href":"https:\/\/newsinfoco.com.br\/inicio\/wp-json\/wp\/v2\/posts\/11024","targetHints":{"allow":["GET"]}}],"collection":[{"href":"https:\/\/newsinfoco.com.br\/inicio\/wp-json\/wp\/v2\/posts"}],"about":[{"href":"https:\/\/newsinfoco.com.br\/inicio\/wp-json\/wp\/v2\/types\/post"}],"author":[{"embeddable":true,"href":"https:\/\/newsinfoco.com.br\/inicio\/wp-json\/wp\/v2\/users\/1"}],"replies":[{"embeddable":true,"href":"https:\/\/newsinfoco.com.br\/inicio\/wp-json\/wp\/v2\/comments?post=11024"}],"version-history":[{"count":0,"href":"https:\/\/newsinfoco.com.br\/inicio\/wp-json\/wp\/v2\/posts\/11024\/revisions"}],"wp:featuredmedia":[{"embeddable":true,"href":"https:\/\/newsinfoco.com.br\/inicio\/wp-json\/wp\/v2\/media\/3807"}],"wp:attachment":[{"href":"https:\/\/newsinfoco.com.br\/inicio\/wp-json\/wp\/v2\/media?parent=11024"}],"wp:term":[{"taxonomy":"category","embeddable":true,"href":"https:\/\/newsinfoco.com.br\/inicio\/wp-json\/wp\/v2\/categories?post=11024"},{"taxonomy":"post_tag","embeddable":true,"href":"https:\/\/newsinfoco.com.br\/inicio\/wp-json\/wp\/v2\/tags?post=11024"}],"curies":[{"name":"wp","href":"https:\/\/api.w.org\/{rel}","templated":true}]}}