{"id":1103,"date":"2018-03-12T22:50:28","date_gmt":"2018-03-13T01:50:28","guid":{"rendered":"http:\/\/newsinfoco.com.br\/?p=1103"},"modified":"2018-03-12T22:50:28","modified_gmt":"2018-03-13T01:50:28","slug":"atletico-de-alagoinhas-colocara-3-mil-ingressos-a-venda-para-o-jogo-contra-o-colo-colo-no-proximo-sabado17","status":"publish","type":"post","link":"https:\/\/newsinfoco.com.br\/inicio\/atletico-de-alagoinhas-colocara-3-mil-ingressos-a-venda-para-o-jogo-contra-o-colo-colo-no-proximo-sabado17\/","title":{"rendered":"Atl\u00e9tico de Alagoinhas colocar\u00e1 3 mil ingressos \u00e0 venda para o jogo contra o Colo Colo no pr\u00f3ximo s\u00e1bado(17)"},"content":{"rendered":"<p style=\"text-align: justify;\">A diretoria do Atl\u00e9tico de Alagoinhas solicitou junto a Federa\u00e7\u00e3o Baiana de Futebol uma carga de 3 mil ingressos para o jogo do pr\u00f3ximo s\u00e1bado(17), \u00e0s 18 horas, no Carneir\u00e3o, contra o Colo Colo de Ilh\u00e9us. A partida \u00e9 valida pela segunda divis\u00e3o do campeonato baiano.<\/p>\n<p style=\"text-align: justify;\">O valor do ingresso j\u00e1 foi definido. A inteira custar\u00e1 20 reais e a meia 10 reais. Uma boa noticia para o p\u00fablico feminino \u00e9 que as mulheres ter\u00e3o entrada gratuita.<\/p><div class=\"newsi-conteudo_19\" id=\"newsi-1317357288\"><a href=\"https:\/\/www.instagram.com\/prefeituraalagoinhas?igsh=YzgzdDJ1bWR3aWI4\" aria-label=\"SAVE_20251006_221555\"><img loading=\"lazy\" decoding=\"async\" src=\"https:\/\/newsinfoco.com.br\/inicio\/wp-content\/uploads\/2025\/10\/SAVE_20251006_221555-rotated.jpg\" alt=\"\"  srcset=\"https:\/\/newsinfoco.com.br\/inicio\/wp-content\/uploads\/2025\/10\/SAVE_20251006_221555-rotated.jpg 1140w, https:\/\/newsinfoco.com.br\/inicio\/wp-content\/uploads\/2025\/10\/SAVE_20251006_221555-300x52.jpg 300w, https:\/\/newsinfoco.com.br\/inicio\/wp-content\/uploads\/2025\/10\/SAVE_20251006_221555-1024x177.jpg 1024w, https:\/\/newsinfoco.com.br\/inicio\/wp-content\/uploads\/2025\/10\/SAVE_20251006_221555-768x133.jpg 768w, https:\/\/newsinfoco.com.br\/inicio\/wp-content\/uploads\/2025\/10\/SAVE_20251006_221555-600x104.jpg 600w, https:\/\/newsinfoco.com.br\/inicio\/wp-content\/uploads\/2025\/10\/SAVE_20251006_221555-696x120.jpg 696w, https:\/\/newsinfoco.com.br\/inicio\/wp-content\/uploads\/2025\/10\/SAVE_20251006_221555-1068x185.jpg 1068w\" sizes=\"(max-width: 1140px) 100vw, 1140px\" width=\"1140\" height=\"197\"   \/><\/a><\/div>\n<p>A diretoria carcar\u00e1 espera o est\u00e1dio lotado para empurrar o time.<\/p>\n<h6 style=\"text-align: right;\"><span style=\"color: #999999;\">Por Andr\u00e9 Luiz para o News Infoco<\/span><\/h6>\n<p>&nbsp;<\/p>\n<div class='share-to-whatsapp-wrapper'><div class='share-on-whsp'>Share on: <\/div><a data-text='Atl\u00e9tico de Alagoinhas colocar\u00e1 3 mil ingressos \u00e0 venda para o jogo contra o Colo Colo no pr\u00f3ximo s\u00e1bado(17)' data-link='https:\/\/newsinfoco.com.br\/inicio\/atletico-de-alagoinhas-colocara-3-mil-ingressos-a-venda-para-o-jogo-contra-o-colo-colo-no-proximo-sabado17\/' class='whatsapp-button whatsapp-share'>WhatsApp<\/a><div class='clear '><\/div><\/div>","protected":false},"excerpt":{"rendered":"<p>A diretoria do Atl\u00e9tico de Alagoinhas solicitou junto a Federa\u00e7\u00e3o Baiana de Futebol uma carga de 3 mil ingressos para o jogo do pr\u00f3ximo s\u00e1bado(17), \u00e0s 18 horas, no Carneir\u00e3o, contra o Colo Colo de Ilh\u00e9us. A partida \u00e9 valida pela segunda divis\u00e3o do campeonato baiano. O valor do ingresso j\u00e1 foi definido. A inteira [&hellip;]<\/p>\n","protected":false},"author":1,"featured_media":1104,"comment_status":"open","ping_status":"open","sticky":false,"template":"","format":"standard","meta":{"om_disable_all_campaigns":false,"_exactmetrics_skip_tracking":false,"_exactmetrics_sitenote_active":false,"_exactmetrics_sitenote_note":"","_exactmetrics_sitenote_category":0,"footnotes":""},"categories":[38,30],"tags":[],"class_list":["post-1103","post","type-post","status-publish","format-standard","has-post-thumbnail","hentry","category-alagoinhas-e-regiao","category-destaque"],"aioseo_notices":[],"_links":{"self":[{"href":"https:\/\/newsinfoco.com.br\/inicio\/wp-json\/wp\/v2\/posts\/1103","targetHints":{"allow":["GET"]}}],"collection":[{"href":"https:\/\/newsinfoco.com.br\/inicio\/wp-json\/wp\/v2\/posts"}],"about":[{"href":"https:\/\/newsinfoco.com.br\/inicio\/wp-json\/wp\/v2\/types\/post"}],"author":[{"embeddable":true,"href":"https:\/\/newsinfoco.com.br\/inicio\/wp-json\/wp\/v2\/users\/1"}],"replies":[{"embeddable":true,"href":"https:\/\/newsinfoco.com.br\/inicio\/wp-json\/wp\/v2\/comments?post=1103"}],"version-history":[{"count":0,"href":"https:\/\/newsinfoco.com.br\/inicio\/wp-json\/wp\/v2\/posts\/1103\/revisions"}],"wp:featuredmedia":[{"embeddable":true,"href":"https:\/\/newsinfoco.com.br\/inicio\/wp-json\/wp\/v2\/media\/1104"}],"wp:attachment":[{"href":"https:\/\/newsinfoco.com.br\/inicio\/wp-json\/wp\/v2\/media?parent=1103"}],"wp:term":[{"taxonomy":"category","embeddable":true,"href":"https:\/\/newsinfoco.com.br\/inicio\/wp-json\/wp\/v2\/categories?post=1103"},{"taxonomy":"post_tag","embeddable":true,"href":"https:\/\/newsinfoco.com.br\/inicio\/wp-json\/wp\/v2\/tags?post=1103"}],"curies":[{"name":"wp","href":"https:\/\/api.w.org\/{rel}","templated":true}]}}