{"id":11032,"date":"2018-11-01T13:48:03","date_gmt":"2018-11-01T15:48:03","guid":{"rendered":"http:\/\/newsinfoco.com.br\/?p=11032"},"modified":"2018-11-01T13:48:03","modified_gmt":"2018-11-01T15:48:03","slug":"moro-aceita-superministerio-da-justica-de-bolsonaro","status":"publish","type":"post","link":"https:\/\/newsinfoco.com.br\/inicio\/moro-aceita-superministerio-da-justica-de-bolsonaro\/","title":{"rendered":"Moro aceita superminist\u00e9rio da Justi\u00e7a de Bolsonaro"},"content":{"rendered":"<p style=\"text-align: justify;\">O juiz federal S\u00e9rgio Moro aceitou nesta quinta-feira, 1, o convite do presidente eleito Jair Bolsonaro (PSL) para comandar o superminist\u00e9rio da Justi\u00e7a. O magistrado vai divulgar uma nota detalhando os termos da proposta que aceitou.<\/p>\n<p style=\"text-align: justify;\">Moro deixou o condom\u00ednio onde mora o presidente eleito, no Rio, \u00e0s 10h45, ap\u00f3s cerca de 1h30 de reuni\u00e3o. Na sa\u00edda, o magistrado chegou a deixar o carro onde estava para falar com a imprensa, mas, diante do tumulto no local, n\u00e3o fez nenhuma declara\u00e7\u00e3o. O juiz chegou \u00e0s 9h \u00e0 resid\u00eancia de Bolsonaro. O presidente eleito convidou Moro para assumir um superminist\u00e9rio da Justi\u00e7a, ampliado e com \u00f3rg\u00e3os de combate \u00e0 corrup\u00e7\u00e3o, que est\u00e3o atualmente em outras pastas, como a Pol\u00edcia Federal e o Coaf, que est\u00e3o envolvidas nessa opera\u00e7\u00e3o.<\/p><div class=\"newsi-conteudo_19\" id=\"newsi-920639066\"><a href=\"https:\/\/www.instagram.com\/prefeituraalagoinhas?igsh=YzgzdDJ1bWR3aWI4\" aria-label=\"SAVE_20251006_221555\"><img loading=\"lazy\" decoding=\"async\" src=\"https:\/\/newsinfoco.com.br\/inicio\/wp-content\/uploads\/2025\/10\/SAVE_20251006_221555-rotated.jpg\" alt=\"\"  srcset=\"https:\/\/newsinfoco.com.br\/inicio\/wp-content\/uploads\/2025\/10\/SAVE_20251006_221555-rotated.jpg 1140w, https:\/\/newsinfoco.com.br\/inicio\/wp-content\/uploads\/2025\/10\/SAVE_20251006_221555-300x52.jpg 300w, https:\/\/newsinfoco.com.br\/inicio\/wp-content\/uploads\/2025\/10\/SAVE_20251006_221555-1024x177.jpg 1024w, https:\/\/newsinfoco.com.br\/inicio\/wp-content\/uploads\/2025\/10\/SAVE_20251006_221555-768x133.jpg 768w, https:\/\/newsinfoco.com.br\/inicio\/wp-content\/uploads\/2025\/10\/SAVE_20251006_221555-600x104.jpg 600w, https:\/\/newsinfoco.com.br\/inicio\/wp-content\/uploads\/2025\/10\/SAVE_20251006_221555-696x120.jpg 696w, https:\/\/newsinfoco.com.br\/inicio\/wp-content\/uploads\/2025\/10\/SAVE_20251006_221555-1068x185.jpg 1068w\" sizes=\"(max-width: 1140px) 100vw, 1140px\" width=\"1140\" height=\"197\"   \/><\/a><\/div>\n<p style=\"text-align: justify;\">Ao desembarcar no aeroporto Santos Dumont, pela manh\u00e3, o magistrado n\u00e3o falou com a imprensa e, antes de chegar \u00e0 casa do presidente eleito, fez uma pequena parada em um hotel que vem sendo usado como uma esp\u00e9cie de QG para quem visita Bolsonaro. No Santos Dumont, Moro desembarcou diretamente na pista de pouso do aeroporto, de onde partiu em um carro da Pol\u00edcia Federal. Durante o voo, Moro falou com a Rede Globo, que o acompanhou na viagem.<\/p>\n<p style=\"text-align: justify;\">Segundo o G1, o magistrado disse que a motiva\u00e7\u00e3o de seu encontro com Bolsonaro se d\u00e1 em raz\u00e3o de o Pa\u00eds precisar de uma agenda anticorrup\u00e7\u00e3o e anticrime organizado. \u201cSe houver a possibilidade de uma implementa\u00e7\u00e3o dessa agenda, converg\u00eancia de ideias, como isso ser feito, ent\u00e3o h\u00e1 uma possibilidade. Mas como disse, \u00e9 tudo muito prematuro\u201d, disse Moro \u00e0 reportagem da Globo.<\/p>\n<p style=\"text-align: justify;\">Durante o voo, ele chegou a dizer que ainda n\u00e3o h\u00e1 nada definido. \u201cAinda vai haver a conversa\u201d, emendou. Na tarde desta quarta-feira, 31, a colunista Sonia Racy, do Estad\u00e3o, disse que Moro aceitaria o convite de Bolsonaro porque assumiria um minist\u00e9rio da Justi\u00e7a ampliado.<\/p>\n<h6 style=\"text-align: right;\"><span style=\"color: #999999;\">Estad\u00e3o<\/span><\/h6>\n<div class='share-to-whatsapp-wrapper'><div class='share-on-whsp'>Share on: <\/div><a data-text='Moro aceita superminist\u00e9rio da Justi\u00e7a de Bolsonaro' data-link='https:\/\/newsinfoco.com.br\/inicio\/moro-aceita-superministerio-da-justica-de-bolsonaro\/' class='whatsapp-button whatsapp-share'>WhatsApp<\/a><div class='clear '><\/div><\/div>","protected":false},"excerpt":{"rendered":"<p>O juiz federal S\u00e9rgio Moro aceitou nesta quinta-feira, 1, o convite do presidente eleito Jair Bolsonaro (PSL) para comandar o superminist\u00e9rio da Justi\u00e7a. O magistrado vai divulgar uma nota detalhando os termos da proposta que aceitou. Moro deixou o condom\u00ednio onde mora o presidente eleito, no Rio, \u00e0s 10h45, ap\u00f3s cerca de 1h30 de reuni\u00e3o. [&hellip;]<\/p>\n","protected":false},"author":1,"featured_media":11033,"comment_status":"open","ping_status":"open","sticky":false,"template":"","format":"standard","meta":{"om_disable_all_campaigns":false,"_exactmetrics_skip_tracking":false,"_exactmetrics_sitenote_active":false,"_exactmetrics_sitenote_note":"","_exactmetrics_sitenote_category":0,"footnotes":""},"categories":[21],"tags":[],"class_list":["post-11032","post","type-post","status-publish","format-standard","has-post-thumbnail","hentry","category-brasil"],"aioseo_notices":[],"_links":{"self":[{"href":"https:\/\/newsinfoco.com.br\/inicio\/wp-json\/wp\/v2\/posts\/11032","targetHints":{"allow":["GET"]}}],"collection":[{"href":"https:\/\/newsinfoco.com.br\/inicio\/wp-json\/wp\/v2\/posts"}],"about":[{"href":"https:\/\/newsinfoco.com.br\/inicio\/wp-json\/wp\/v2\/types\/post"}],"author":[{"embeddable":true,"href":"https:\/\/newsinfoco.com.br\/inicio\/wp-json\/wp\/v2\/users\/1"}],"replies":[{"embeddable":true,"href":"https:\/\/newsinfoco.com.br\/inicio\/wp-json\/wp\/v2\/comments?post=11032"}],"version-history":[{"count":0,"href":"https:\/\/newsinfoco.com.br\/inicio\/wp-json\/wp\/v2\/posts\/11032\/revisions"}],"wp:featuredmedia":[{"embeddable":true,"href":"https:\/\/newsinfoco.com.br\/inicio\/wp-json\/wp\/v2\/media\/11033"}],"wp:attachment":[{"href":"https:\/\/newsinfoco.com.br\/inicio\/wp-json\/wp\/v2\/media?parent=11032"}],"wp:term":[{"taxonomy":"category","embeddable":true,"href":"https:\/\/newsinfoco.com.br\/inicio\/wp-json\/wp\/v2\/categories?post=11032"},{"taxonomy":"post_tag","embeddable":true,"href":"https:\/\/newsinfoco.com.br\/inicio\/wp-json\/wp\/v2\/tags?post=11032"}],"curies":[{"name":"wp","href":"https:\/\/api.w.org\/{rel}","templated":true}]}}