{"id":11035,"date":"2018-11-01T13:50:09","date_gmt":"2018-11-01T15:50:09","guid":{"rendered":"http:\/\/newsinfoco.com.br\/?p=11035"},"modified":"2018-11-01T13:50:09","modified_gmt":"2018-11-01T15:50:09","slug":"moro-anuncia-que-vai-implementar-forte-agenda-anticorrupcao-e-anticrime","status":"publish","type":"post","link":"https:\/\/newsinfoco.com.br\/inicio\/moro-anuncia-que-vai-implementar-forte-agenda-anticorrupcao-e-anticrime\/","title":{"rendered":"Moro anuncia que vai implementar \u2018forte agenda anticorrup\u00e7\u00e3o e anticrime\u2019"},"content":{"rendered":"<p style=\"text-align: justify;\">O juiz S\u00e9rgio Moro, respons\u00e1vel pela Opera\u00e7\u00e3o Lava Jato, aceitou na manh\u00e3 desta quinta-feira, 1\u00b0, o convite do presidente eleito Jair Bolsonaro (PSL) para assumir o Minist\u00e9rio da Justi\u00e7a. Ele disse ter sido motivado pela perspectiva de \u201cimplementar uma forte agenda anticorrup\u00e7\u00e3o e anticrime organizado\u201d.<\/p>\n<p style=\"text-align: justify;\">Na tarde de quarta-feira, 31, a colunista Sonia Racy, do Estado, antecipou a informa\u00e7\u00e3o de que o magistrado aceitaria a Pasta.<\/p><div class=\"newsi-conteudo_19\" id=\"newsi-631242135\"><a href=\"https:\/\/www.instagram.com\/prefeituraalagoinhas?igsh=YzgzdDJ1bWR3aWI4\" aria-label=\"SAVE_20251006_221555\"><img loading=\"lazy\" decoding=\"async\" src=\"https:\/\/newsinfoco.com.br\/inicio\/wp-content\/uploads\/2025\/10\/SAVE_20251006_221555-rotated.jpg\" alt=\"\"  srcset=\"https:\/\/newsinfoco.com.br\/inicio\/wp-content\/uploads\/2025\/10\/SAVE_20251006_221555-rotated.jpg 1140w, https:\/\/newsinfoco.com.br\/inicio\/wp-content\/uploads\/2025\/10\/SAVE_20251006_221555-300x52.jpg 300w, https:\/\/newsinfoco.com.br\/inicio\/wp-content\/uploads\/2025\/10\/SAVE_20251006_221555-1024x177.jpg 1024w, https:\/\/newsinfoco.com.br\/inicio\/wp-content\/uploads\/2025\/10\/SAVE_20251006_221555-768x133.jpg 768w, https:\/\/newsinfoco.com.br\/inicio\/wp-content\/uploads\/2025\/10\/SAVE_20251006_221555-600x104.jpg 600w, https:\/\/newsinfoco.com.br\/inicio\/wp-content\/uploads\/2025\/10\/SAVE_20251006_221555-696x120.jpg 696w, https:\/\/newsinfoco.com.br\/inicio\/wp-content\/uploads\/2025\/10\/SAVE_20251006_221555-1068x185.jpg 1068w\" sizes=\"(max-width: 1140px) 100vw, 1140px\" width=\"1140\" height=\"197\"   \/><\/a><\/div>\n<p style=\"text-align: justify;\"><em>Veja a nota oficial:<\/em><\/p>\n<p style=\"text-align: justify;\"><em>\u201cFui convidado pelo Sr. Presidente eleito para ser nomeado Ministro da Justi\u00e7a e da Seguran\u00e7a P\u00fablica na pr\u00f3xima\u00a0gest\u00e3o. Ap\u00f3s reuni\u00e3o pessoal na qual foram discutidas pol\u00edticas para a pasta, aceitei o honrado convite. Fiz com certo pesar pois terei que abandonar 22 anos de magistratura. No entanto, a perspectiva\u00a0de implementar uma forte agenda anticorrup\u00e7\u00e3o e anticrime organizado, com respeito \u00e0 Constitui\u00e7\u00e3o, \u00e0 lei e aos direitos, levaram-me a tomar esta decis\u00e3o.<\/em><\/p>\n<p style=\"text-align: justify;\"><em>Na pr\u00e1tica, significa consolidar os avan\u00e7os contra o crime e a corrup\u00e7\u00e3o dos \u00faltimos anos e afastar riscos de retrocessos por um bem maior. A Opera\u00e7\u00e3o Lava Jato seguir\u00e1 em Curitiba com os valorosos ju\u00edzes\u00a0locais. De todo modo, para evitar controv\u00e9rsias desnecess\u00e1rias, devo desde logo afastar-me de novas audi\u00eancias. Na pr\u00f3xima semana, concederei entrevista coletiva com maiores detalhes\u201d.<\/em><\/p>\n<p style=\"text-align: justify;\"><em>Curitiba, 01 de novembro de 2018. Sergio Fernando Moro<\/em><\/p>\n<h6 style=\"text-align: right;\"><span style=\"color: #999999;\">Estad\u00e3o<\/span><\/h6>\n<div class='share-to-whatsapp-wrapper'><div class='share-on-whsp'>Share on: <\/div><a data-text='Moro anuncia que vai implementar \u2018forte agenda anticorrup\u00e7\u00e3o e anticrime\u2019' data-link='https:\/\/newsinfoco.com.br\/inicio\/moro-anuncia-que-vai-implementar-forte-agenda-anticorrupcao-e-anticrime\/' class='whatsapp-button whatsapp-share'>WhatsApp<\/a><div class='clear '><\/div><\/div>","protected":false},"excerpt":{"rendered":"<p>O juiz S\u00e9rgio Moro, respons\u00e1vel pela Opera\u00e7\u00e3o Lava Jato, aceitou na manh\u00e3 desta quinta-feira, 1\u00b0, o convite do presidente eleito Jair Bolsonaro (PSL) para assumir o Minist\u00e9rio da Justi\u00e7a. Ele disse ter sido motivado pela perspectiva de \u201cimplementar uma forte agenda anticorrup\u00e7\u00e3o e anticrime organizado\u201d. Na tarde de quarta-feira, 31, a colunista Sonia Racy, do [&hellip;]<\/p>\n","protected":false},"author":1,"featured_media":11036,"comment_status":"open","ping_status":"open","sticky":false,"template":"","format":"standard","meta":{"om_disable_all_campaigns":false,"_exactmetrics_skip_tracking":false,"_exactmetrics_sitenote_active":false,"_exactmetrics_sitenote_note":"","_exactmetrics_sitenote_category":0,"footnotes":""},"categories":[21],"tags":[],"class_list":["post-11035","post","type-post","status-publish","format-standard","has-post-thumbnail","hentry","category-brasil"],"aioseo_notices":[],"_links":{"self":[{"href":"https:\/\/newsinfoco.com.br\/inicio\/wp-json\/wp\/v2\/posts\/11035","targetHints":{"allow":["GET"]}}],"collection":[{"href":"https:\/\/newsinfoco.com.br\/inicio\/wp-json\/wp\/v2\/posts"}],"about":[{"href":"https:\/\/newsinfoco.com.br\/inicio\/wp-json\/wp\/v2\/types\/post"}],"author":[{"embeddable":true,"href":"https:\/\/newsinfoco.com.br\/inicio\/wp-json\/wp\/v2\/users\/1"}],"replies":[{"embeddable":true,"href":"https:\/\/newsinfoco.com.br\/inicio\/wp-json\/wp\/v2\/comments?post=11035"}],"version-history":[{"count":0,"href":"https:\/\/newsinfoco.com.br\/inicio\/wp-json\/wp\/v2\/posts\/11035\/revisions"}],"wp:featuredmedia":[{"embeddable":true,"href":"https:\/\/newsinfoco.com.br\/inicio\/wp-json\/wp\/v2\/media\/11036"}],"wp:attachment":[{"href":"https:\/\/newsinfoco.com.br\/inicio\/wp-json\/wp\/v2\/media?parent=11035"}],"wp:term":[{"taxonomy":"category","embeddable":true,"href":"https:\/\/newsinfoco.com.br\/inicio\/wp-json\/wp\/v2\/categories?post=11035"},{"taxonomy":"post_tag","embeddable":true,"href":"https:\/\/newsinfoco.com.br\/inicio\/wp-json\/wp\/v2\/tags?post=11035"}],"curies":[{"name":"wp","href":"https:\/\/api.w.org\/{rel}","templated":true}]}}