{"id":11038,"date":"2018-11-01T13:52:45","date_gmt":"2018-11-01T15:52:45","guid":{"rendered":"http:\/\/newsinfoco.com.br\/?p=11038"},"modified":"2018-11-01T13:52:45","modified_gmt":"2018-11-01T15:52:45","slug":"moro-diz-adeus-a-lava-jato-e-nem-vai-interrogar-lula-no-dia-14","status":"publish","type":"post","link":"https:\/\/newsinfoco.com.br\/inicio\/moro-diz-adeus-a-lava-jato-e-nem-vai-interrogar-lula-no-dia-14\/","title":{"rendered":"Moro diz adeus \u00e0 Lava Jato e nem vai interrogar Lula no dia 14"},"content":{"rendered":"<p style=\"text-align: justify;\">O juiz S\u00e9rgio Moro informou nesta quinta, 1, em nota oficial, que j\u00e1 est\u00e1 deixando a Opera\u00e7\u00e3o Lava Jato. Como aceitou o convite do presidente eleito Jair Bolsonaro para assumir o superminist\u00e9rio da Justi\u00e7a, Moro comunicou publicamente que \u2018para evitar controv\u00e9rsias desnecess\u00e1rias, desde logo afasta-se de novas audi\u00eancias\u2019.<\/p>\n<p style=\"text-align: justify;\">No pr\u00f3ximo dia 14, o ex-presidente Lula iria ser interrogado por Moro no processo sobre o s\u00edtio de Atibaia \u2013 o petista \u00e9 acusado de corrup\u00e7\u00e3o e lavagem de dinheiro. A audi\u00eancia, agora, dever\u00e1 ser realizada pela substituta de Moro, a ju\u00edza Gabriela Hardt.<\/p><div class=\"newsi-conteudo_19\" id=\"newsi-3025495654\"><a href=\"https:\/\/www.instagram.com\/prefeituraalagoinhas?igsh=YzgzdDJ1bWR3aWI4\" aria-label=\"SAVE_20251006_221555\"><img loading=\"lazy\" decoding=\"async\" src=\"https:\/\/newsinfoco.com.br\/inicio\/wp-content\/uploads\/2025\/10\/SAVE_20251006_221555-rotated.jpg\" alt=\"\"  srcset=\"https:\/\/newsinfoco.com.br\/inicio\/wp-content\/uploads\/2025\/10\/SAVE_20251006_221555-rotated.jpg 1140w, https:\/\/newsinfoco.com.br\/inicio\/wp-content\/uploads\/2025\/10\/SAVE_20251006_221555-300x52.jpg 300w, https:\/\/newsinfoco.com.br\/inicio\/wp-content\/uploads\/2025\/10\/SAVE_20251006_221555-1024x177.jpg 1024w, https:\/\/newsinfoco.com.br\/inicio\/wp-content\/uploads\/2025\/10\/SAVE_20251006_221555-768x133.jpg 768w, https:\/\/newsinfoco.com.br\/inicio\/wp-content\/uploads\/2025\/10\/SAVE_20251006_221555-600x104.jpg 600w, https:\/\/newsinfoco.com.br\/inicio\/wp-content\/uploads\/2025\/10\/SAVE_20251006_221555-696x120.jpg 696w, https:\/\/newsinfoco.com.br\/inicio\/wp-content\/uploads\/2025\/10\/SAVE_20251006_221555-1068x185.jpg 1068w\" sizes=\"(max-width: 1140px) 100vw, 1140px\" width=\"1140\" height=\"197\"   \/><\/a><\/div>\n<p style=\"text-align: justify;\">Na nota, Moro destaca que \u2018a Opera\u00e7\u00e3o Lava Jato seguir\u00e1 em Curitiba com os valorosos ju\u00edzes locais\u2019. Moro conduziu a Lava Jato desde o in\u00edcio da grande opera\u00e7\u00e3o, deflagrada em sua fase ostensiva em mar\u00e7o de 2014, levando \u00e0 condena\u00e7\u00e3o de pol\u00edticos, empreiteiros, doleiros e administradores da Petrobr\u00e1s.<\/p>\n<p style=\"text-align: justify;\">Sobre o convite de Bolsonaro, que aceitou ap\u00f3s reuni\u00e3o na manh\u00e3 desta quinta, 1, Moro anotou. \u201cFui convidado pelo sr. presidente eleito para ser nomeado Ministro da Justi\u00e7a e da Seguran\u00e7a P\u00fablica na pr\u00f3xima gest\u00e3o. Ap\u00f3s reuni\u00e3o pessoal na qual foram discutidas politicas para a pasta, aceitei o honrado convite.\u201d<\/p>\n<p style=\"text-align: justify;\">Moro deixa a toga ap\u00f3s mais de duas d\u00e9cadas de carreira, mas se dizendo entristecido. \u201cFiz com certo pesar pois terei que abandonar 22 anos de magistratura.\u201d O juiz revelou o que o levou a tomar a decis\u00e3o. \u201cA perspectiva de implementar uma forte agenda anticorrup\u00e7\u00e3o e anticrime organizado, com respeito \u00e0 Constitui\u00e7\u00e3o, a lei e aos direitos, levaram-me a tomar esta decis\u00e3o.\u201d \u201cNa pr\u00e1tica, significa consolidar os avan\u00e7os contra o crime e a corrup\u00e7\u00e3o dos \u00faltimos anos e afastar riscos de retrocessos por um bem maior.\u201d<\/p>\n<p style=\"text-align: right;\"><span style=\"color: #999999;\">Estad\u00e3o<\/span><\/p>\n<div class='share-to-whatsapp-wrapper'><div class='share-on-whsp'>Share on: <\/div><a data-text='Moro diz adeus \u00e0 Lava Jato e nem vai interrogar Lula no dia 14' data-link='https:\/\/newsinfoco.com.br\/inicio\/moro-diz-adeus-a-lava-jato-e-nem-vai-interrogar-lula-no-dia-14\/' class='whatsapp-button whatsapp-share'>WhatsApp<\/a><div class='clear '><\/div><\/div>","protected":false},"excerpt":{"rendered":"<p>O juiz S\u00e9rgio Moro informou nesta quinta, 1, em nota oficial, que j\u00e1 est\u00e1 deixando a Opera\u00e7\u00e3o Lava Jato. Como aceitou o convite do presidente eleito Jair Bolsonaro para assumir o superminist\u00e9rio da Justi\u00e7a, Moro comunicou publicamente que \u2018para evitar controv\u00e9rsias desnecess\u00e1rias, desde logo afasta-se de novas audi\u00eancias\u2019. No pr\u00f3ximo dia 14, o ex-presidente Lula [&hellip;]<\/p>\n","protected":false},"author":1,"featured_media":11039,"comment_status":"open","ping_status":"open","sticky":false,"template":"","format":"standard","meta":{"om_disable_all_campaigns":false,"_exactmetrics_skip_tracking":false,"_exactmetrics_sitenote_active":false,"_exactmetrics_sitenote_note":"","_exactmetrics_sitenote_category":0,"footnotes":""},"categories":[21],"tags":[],"class_list":["post-11038","post","type-post","status-publish","format-standard","has-post-thumbnail","hentry","category-brasil"],"aioseo_notices":[],"_links":{"self":[{"href":"https:\/\/newsinfoco.com.br\/inicio\/wp-json\/wp\/v2\/posts\/11038","targetHints":{"allow":["GET"]}}],"collection":[{"href":"https:\/\/newsinfoco.com.br\/inicio\/wp-json\/wp\/v2\/posts"}],"about":[{"href":"https:\/\/newsinfoco.com.br\/inicio\/wp-json\/wp\/v2\/types\/post"}],"author":[{"embeddable":true,"href":"https:\/\/newsinfoco.com.br\/inicio\/wp-json\/wp\/v2\/users\/1"}],"replies":[{"embeddable":true,"href":"https:\/\/newsinfoco.com.br\/inicio\/wp-json\/wp\/v2\/comments?post=11038"}],"version-history":[{"count":0,"href":"https:\/\/newsinfoco.com.br\/inicio\/wp-json\/wp\/v2\/posts\/11038\/revisions"}],"wp:featuredmedia":[{"embeddable":true,"href":"https:\/\/newsinfoco.com.br\/inicio\/wp-json\/wp\/v2\/media\/11039"}],"wp:attachment":[{"href":"https:\/\/newsinfoco.com.br\/inicio\/wp-json\/wp\/v2\/media?parent=11038"}],"wp:term":[{"taxonomy":"category","embeddable":true,"href":"https:\/\/newsinfoco.com.br\/inicio\/wp-json\/wp\/v2\/categories?post=11038"},{"taxonomy":"post_tag","embeddable":true,"href":"https:\/\/newsinfoco.com.br\/inicio\/wp-json\/wp\/v2\/tags?post=11038"}],"curies":[{"name":"wp","href":"https:\/\/api.w.org\/{rel}","templated":true}]}}