{"id":11041,"date":"2018-11-01T13:55:07","date_gmt":"2018-11-01T15:55:07","guid":{"rendered":"http:\/\/newsinfoco.com.br\/?p=11041"},"modified":"2018-11-01T13:55:07","modified_gmt":"2018-11-01T15:55:07","slug":"lula-ja-usa-moro-ministro-para-apontar-perda-de-imparcialidade-em-julgamento-da-lava-jato","status":"publish","type":"post","link":"https:\/\/newsinfoco.com.br\/inicio\/lula-ja-usa-moro-ministro-para-apontar-perda-de-imparcialidade-em-julgamento-da-lava-jato\/","title":{"rendered":"Lula j\u00e1 usa \u2018Moro ministro\u2019 para apontar perda de imparcialidade em julgamento da Lava Jato"},"content":{"rendered":"<p style=\"text-align: justify;\">Na defesa final de Luiz In\u00e1cio Lula da Silva no segundo processo em que ser\u00e1 julgado por corrup\u00e7\u00e3o e lavagem de dinheiro na Opera\u00e7\u00e3o Lava Jato, a defesa do ex-presidente usa as negocia\u00e7\u00f5es do juiz federal S\u00e9rgio Moro para apontar a perda da \u201cimparcialidade\u201d do magistrado. No documento apresentado nesta quarta-feira, 31, \u00e0 Justi\u00e7a Federal, o petista alega ser inocente e v\u00edtima de persegui\u00e7\u00e3o pol\u00edtica.<\/p>\n<p style=\"text-align: justify;\">Preso e condenado a 12 anos e um m\u00eas de pris\u00e3o no caso triplex, Lula ser\u00e1 julgado por receber propina de cerca de R$ 12 milh\u00f5es da Odebrecht, na compra de um terreno pela empreiteira para o Instituto Lula e de um apartamento usado pelo ex-presidente em S\u00e3o Bernardo do Campo (SP).<\/p><div class=\"newsi-conteudo_19\" id=\"newsi-662931576\"><a href=\"https:\/\/www.instagram.com\/prefeituraalagoinhas?igsh=YzgzdDJ1bWR3aWI4\" aria-label=\"SAVE_20251006_221555\"><img loading=\"lazy\" decoding=\"async\" src=\"https:\/\/newsinfoco.com.br\/inicio\/wp-content\/uploads\/2025\/10\/SAVE_20251006_221555-rotated.jpg\" alt=\"\"  srcset=\"https:\/\/newsinfoco.com.br\/inicio\/wp-content\/uploads\/2025\/10\/SAVE_20251006_221555-rotated.jpg 1140w, https:\/\/newsinfoco.com.br\/inicio\/wp-content\/uploads\/2025\/10\/SAVE_20251006_221555-300x52.jpg 300w, https:\/\/newsinfoco.com.br\/inicio\/wp-content\/uploads\/2025\/10\/SAVE_20251006_221555-1024x177.jpg 1024w, https:\/\/newsinfoco.com.br\/inicio\/wp-content\/uploads\/2025\/10\/SAVE_20251006_221555-768x133.jpg 768w, https:\/\/newsinfoco.com.br\/inicio\/wp-content\/uploads\/2025\/10\/SAVE_20251006_221555-600x104.jpg 600w, https:\/\/newsinfoco.com.br\/inicio\/wp-content\/uploads\/2025\/10\/SAVE_20251006_221555-696x120.jpg 696w, https:\/\/newsinfoco.com.br\/inicio\/wp-content\/uploads\/2025\/10\/SAVE_20251006_221555-1068x185.jpg 1068w\" sizes=\"(max-width: 1140px) 100vw, 1140px\" width=\"1140\" height=\"197\"   \/><\/a><\/div>\n<p style=\"text-align: justify;\">\u201cEm alega\u00e7\u00f5es finais apresentadas hoje (31\/10\/2018) refor\u00e7amos que o ex-presidente Luiz In\u00e1cio Lula da Silva \u00e9 v\u00edtima de lawfare \u2013 que consiste no abuso e mau uso das leis e dos procedimentos jur\u00eddicos para fins de persegui\u00e7\u00e3o pol\u00edtica \u2014 e que n\u00e3o cometeu os il\u00edcitos que lhe foram atribu\u00eddos pelo Minist\u00e9rio P\u00fablico Federal\u201d, informa nota divulgada pelo advogado Cristiano Zanin Martins, que defende o ex-presidente. Na nota, a defesa diz que a \u201cpr\u00e1tica de atos por este Ju\u00edzo (Moro), antes e ap\u00f3s o oferecimento da den\u00fancia, que indicam a impossibilidade de o defendente obter julgamento justo, imparcial e independente\u201d.<\/p>\n<p style=\"text-align: justify;\">\u201cParticipa\u00e7\u00e3o atual do magistrado em processo de forma\u00e7\u00e3o do governo do Presidente eleito a partir de sufr\u00e1gio que impediu a participa\u00e7\u00e3o do Defendente \u2014 at\u00e9 ent\u00e3o l\u00edder nas pesquisas de opini\u00e3o \u2014 a partir de atos concatenados praticados ou com origem em a\u00e7\u00f5es praticadas pelo mesmo juiz; aceite do juiz, por meio de nota oficial, para discutir participa\u00e7\u00e3o em governo do Presidente eleito que afirmou que iria \u2018fuzilar petralhada\u2019, que o Defendente deve \u2018apodrecer na cadeia\u2019 e que seus aliados t\u00eam a op\u00e7\u00e3o de \u2018deixar o Pa\u00eds ou cadeia\u2019.\u201d<\/p>\n<p style=\"text-align: justify;\">Para a defesa, os fatos refor\u00e7am a pr\u00e1tica do \u201clawfare\u201d e a \u201caus\u00eancia de imparcialidade do julgador\u201d. No documento, Lula pede a nulidade do processo, aponta a \u201caus\u00eancia de prova de culpa\u201d e a \u201cpresen\u00e7a inequ\u00edvoca de prova de inoc\u00eancia\u201d.<\/p>\n<div class='share-to-whatsapp-wrapper'><div class='share-on-whsp'>Share on: <\/div><a data-text='Lula j\u00e1 usa \u2018Moro ministro\u2019 para apontar perda de imparcialidade em julgamento da Lava Jato' data-link='https:\/\/newsinfoco.com.br\/inicio\/lula-ja-usa-moro-ministro-para-apontar-perda-de-imparcialidade-em-julgamento-da-lava-jato\/' class='whatsapp-button whatsapp-share'>WhatsApp<\/a><div class='clear '><\/div><\/div>","protected":false},"excerpt":{"rendered":"<p>Na defesa final de Luiz In\u00e1cio Lula da Silva no segundo processo em que ser\u00e1 julgado por corrup\u00e7\u00e3o e lavagem de dinheiro na Opera\u00e7\u00e3o Lava Jato, a defesa do ex-presidente usa as negocia\u00e7\u00f5es do juiz federal S\u00e9rgio Moro para apontar a perda da \u201cimparcialidade\u201d do magistrado. No documento apresentado nesta quarta-feira, 31, \u00e0 Justi\u00e7a Federal, [&hellip;]<\/p>\n","protected":false},"author":1,"featured_media":11042,"comment_status":"open","ping_status":"open","sticky":false,"template":"","format":"standard","meta":{"om_disable_all_campaigns":false,"_exactmetrics_skip_tracking":false,"_exactmetrics_sitenote_active":false,"_exactmetrics_sitenote_note":"","_exactmetrics_sitenote_category":0,"footnotes":""},"categories":[21],"tags":[],"class_list":["post-11041","post","type-post","status-publish","format-standard","has-post-thumbnail","hentry","category-brasil"],"aioseo_notices":[],"_links":{"self":[{"href":"https:\/\/newsinfoco.com.br\/inicio\/wp-json\/wp\/v2\/posts\/11041","targetHints":{"allow":["GET"]}}],"collection":[{"href":"https:\/\/newsinfoco.com.br\/inicio\/wp-json\/wp\/v2\/posts"}],"about":[{"href":"https:\/\/newsinfoco.com.br\/inicio\/wp-json\/wp\/v2\/types\/post"}],"author":[{"embeddable":true,"href":"https:\/\/newsinfoco.com.br\/inicio\/wp-json\/wp\/v2\/users\/1"}],"replies":[{"embeddable":true,"href":"https:\/\/newsinfoco.com.br\/inicio\/wp-json\/wp\/v2\/comments?post=11041"}],"version-history":[{"count":0,"href":"https:\/\/newsinfoco.com.br\/inicio\/wp-json\/wp\/v2\/posts\/11041\/revisions"}],"wp:featuredmedia":[{"embeddable":true,"href":"https:\/\/newsinfoco.com.br\/inicio\/wp-json\/wp\/v2\/media\/11042"}],"wp:attachment":[{"href":"https:\/\/newsinfoco.com.br\/inicio\/wp-json\/wp\/v2\/media?parent=11041"}],"wp:term":[{"taxonomy":"category","embeddable":true,"href":"https:\/\/newsinfoco.com.br\/inicio\/wp-json\/wp\/v2\/categories?post=11041"},{"taxonomy":"post_tag","embeddable":true,"href":"https:\/\/newsinfoco.com.br\/inicio\/wp-json\/wp\/v2\/tags?post=11041"}],"curies":[{"name":"wp","href":"https:\/\/api.w.org\/{rel}","templated":true}]}}