{"id":11048,"date":"2018-11-06T10:17:25","date_gmt":"2018-11-06T12:17:25","guid":{"rendered":"http:\/\/newsinfoco.com.br\/?p=11048"},"modified":"2018-11-06T10:17:25","modified_gmt":"2018-11-06T12:17:25","slug":"bolsonaro-estuda-tres-propostas-de-reforma-tributaria","status":"publish","type":"post","link":"https:\/\/newsinfoco.com.br\/inicio\/bolsonaro-estuda-tres-propostas-de-reforma-tributaria\/","title":{"rendered":"Bolsonaro estuda tr\u00eas propostas de reforma tribut\u00e1ria"},"content":{"rendered":"<p style=\"text-align: justify;\">A equipe de transi\u00e7\u00e3o do presidente eleito Jair Bolsonaro (PSL) tem na mesa tr\u00eas pacotes tribut\u00e1rios que poder\u00e3o ser adotados no pr\u00f3ximo governo.<\/p>\n<p style=\"text-align: justify;\">De acordo com fontes ouvidas pelo Estad\u00e3o\/Broadcast, os pacotes se dividem em: substitui\u00e7\u00e3o de impostos federais por um imposto sobre movimenta\u00e7\u00e3o financeira, cria\u00e7\u00e3o de um Imposto sobre Valor Agregado (IVA) e simplifica\u00e7\u00e3o tribut\u00e1ria. A inten\u00e7\u00e3o \u00e9 aprofundar as discuss\u00f5es nas pr\u00f3ximas semanas e caber\u00e1 aos futuros ministros da Economia, Paulo Guedes, da Casa Civil, Onyx Lorenzoni, e ao pr\u00f3prio Bolsonaro decidir qual dos pacotes ser\u00e1 adotado. Depois de declara\u00e7\u00f5es de Guedes sobre a cria\u00e7\u00e3o de um tributo nos moldes da CPMF ter gerado pol\u00eamicas durante a campanha, a equipe que o assessora faz quest\u00e3o de frisar que n\u00e3o est\u00e1 em discuss\u00e3o a cria\u00e7\u00e3o de uma nova contribui\u00e7\u00e3o.<\/p><div class=\"newsi-conteudo_19\" id=\"newsi-1483241537\"><a href=\"https:\/\/www.instagram.com\/prefeituraalagoinhas?igsh=YzgzdDJ1bWR3aWI4\" aria-label=\"SAVE_20251006_221555\"><img loading=\"lazy\" decoding=\"async\" src=\"https:\/\/newsinfoco.com.br\/inicio\/wp-content\/uploads\/2025\/10\/SAVE_20251006_221555-rotated.jpg\" alt=\"\"  srcset=\"https:\/\/newsinfoco.com.br\/inicio\/wp-content\/uploads\/2025\/10\/SAVE_20251006_221555-rotated.jpg 1140w, https:\/\/newsinfoco.com.br\/inicio\/wp-content\/uploads\/2025\/10\/SAVE_20251006_221555-300x52.jpg 300w, https:\/\/newsinfoco.com.br\/inicio\/wp-content\/uploads\/2025\/10\/SAVE_20251006_221555-1024x177.jpg 1024w, https:\/\/newsinfoco.com.br\/inicio\/wp-content\/uploads\/2025\/10\/SAVE_20251006_221555-768x133.jpg 768w, https:\/\/newsinfoco.com.br\/inicio\/wp-content\/uploads\/2025\/10\/SAVE_20251006_221555-600x104.jpg 600w, https:\/\/newsinfoco.com.br\/inicio\/wp-content\/uploads\/2025\/10\/SAVE_20251006_221555-696x120.jpg 696w, https:\/\/newsinfoco.com.br\/inicio\/wp-content\/uploads\/2025\/10\/SAVE_20251006_221555-1068x185.jpg 1068w\" sizes=\"(max-width: 1140px) 100vw, 1140px\" width=\"1140\" height=\"197\"   \/><\/a><\/div>\n<p style=\"text-align: justify;\">A ideia de um dos pacotes \u00e9 substituir de cinco a 11 impostos e contribui\u00e7\u00f5es federais por uma al\u00edquota \u00fanica sobre movimenta\u00e7\u00e3o financeira \u2013 o n\u00famero de tributos eliminados dependeria da al\u00edquota. Um dos defensores desta proposta \u00e9 o presidente da Financiadora de Estudos e Projetos (Finep), Marcos Cintra, apontado como um dos conselheiros de Guedes.<\/p>\n<p style=\"text-align: justify;\">Neste caso, poderiam ser eliminados impostos que incidem sobre o consumo e a produ\u00e7\u00e3o, como IPI e PIS\/Cofins. Seria mantida a tributa\u00e7\u00e3o sobre a renda, como o Imposto de Renda e a Contribui\u00e7\u00e3o Social sobre o Lucro L\u00edquido (CSLL).<\/p>\n<p style=\"text-align: justify;\">\u201cN\u00e3o \u00e9 uma nova CPMF porque n\u00e3o tem aumento de carga tribut\u00e1ria, seria substitui\u00e7\u00e3o do que j\u00e1 existe hoje\u201d, disse uma fonte da equipe de Bolsonaro.<\/p>\n<p style=\"text-align: justify;\">No \u201cpacote IVA\u201d, s\u00e3o consideradas pelo menos tr\u00eas propostas: a apresentada pelo economista Bernard Appy aos principais candidatos \u00e0 presid\u00eancia durante a campanha e o projeto apresentado pelo deputado Luiz Carlos Hauly (PSDB-PR), em tramita\u00e7\u00e3o no Congresso. Outra proposta considerada \u00e9 a do presidente do Instituto de Pesquisa Econ\u00f4mica Aplicada (Ipea), Ernesto Lozardo. Elaborada em conjunto com outros quatro pesquisadores do \u00f3rg\u00e3o \u2013 entre eles Adolfo Sachsida e Alexandre Ywata, que v\u00e3o integrar o grupo de transi\u00e7\u00e3o \u2013 prev\u00ea a cria\u00e7\u00e3o de um IVA com ades\u00e3o opcional para os Estados. Chamado de IVA \u201cdual\u201d, a possibilidade de os Estados manterem sua autonomia de cobran\u00e7a \u00e9 vista como uma forma de reduzir as resist\u00eancias ao tributo agregado.<\/p>\n<p style=\"text-align: justify;\">O terceiro pacote em an\u00e1lise foi montado com base em estudos feitos pelo ex-secret\u00e1rio da Receita Federal Everardo Maciel e juristas e prev\u00ea a simplifica\u00e7\u00e3o de processos e redu\u00e7\u00e3o de obriga\u00e7\u00f5es acess\u00f3rias. Maciel disse que n\u00e3o foi procurado oficialmente pela equipe de Bolsonaro. Suas propostas incluem a integra\u00e7\u00e3o entre os processos administrativos e judiciais para reduzir o prazo de litig\u00e2ncia na \u00e1rea tribut\u00e1ria, acabar com a necessidade de apresenta\u00e7\u00e3o de uma certid\u00e3o negativa para a contrata\u00e7\u00e3o de empresas pelo setor p\u00fablico, a cria\u00e7\u00e3o de um cadastro \u00fanico com informa\u00e7\u00f5es de contribuintes compartilhadas entre munic\u00edpios, Estados e Uni\u00e3o, a elimina\u00e7\u00e3o de exig\u00eancias para abrir e fechar empresas com foco na redu\u00e7\u00e3o de prazos e a compensa\u00e7\u00e3o universal de cr\u00e9ditos tribut\u00e1rios, que poderiam ser utilizados para quitar qualquer tributo federal.<\/p>\n<h6 style=\"text-align: right;\"><span style=\"color: #999999;\">Estad\u00e3o<\/span><\/h6>\n<div class='share-to-whatsapp-wrapper'><div class='share-on-whsp'>Share on: <\/div><a data-text='Bolsonaro estuda tr\u00eas propostas de reforma tribut\u00e1ria' data-link='https:\/\/newsinfoco.com.br\/inicio\/bolsonaro-estuda-tres-propostas-de-reforma-tributaria\/' class='whatsapp-button whatsapp-share'>WhatsApp<\/a><div class='clear '><\/div><\/div>","protected":false},"excerpt":{"rendered":"<p>A equipe de transi\u00e7\u00e3o do presidente eleito Jair Bolsonaro (PSL) tem na mesa tr\u00eas pacotes tribut\u00e1rios que poder\u00e3o ser adotados no pr\u00f3ximo governo. De acordo com fontes ouvidas pelo Estad\u00e3o\/Broadcast, os pacotes se dividem em: substitui\u00e7\u00e3o de impostos federais por um imposto sobre movimenta\u00e7\u00e3o financeira, cria\u00e7\u00e3o de um Imposto sobre Valor Agregado (IVA) e simplifica\u00e7\u00e3o [&hellip;]<\/p>\n","protected":false},"author":1,"featured_media":11011,"comment_status":"open","ping_status":"open","sticky":false,"template":"","format":"standard","meta":{"om_disable_all_campaigns":false,"_exactmetrics_skip_tracking":false,"_exactmetrics_sitenote_active":false,"_exactmetrics_sitenote_note":"","_exactmetrics_sitenote_category":0,"footnotes":""},"categories":[21],"tags":[],"class_list":["post-11048","post","type-post","status-publish","format-standard","has-post-thumbnail","hentry","category-brasil"],"aioseo_notices":[],"_links":{"self":[{"href":"https:\/\/newsinfoco.com.br\/inicio\/wp-json\/wp\/v2\/posts\/11048","targetHints":{"allow":["GET"]}}],"collection":[{"href":"https:\/\/newsinfoco.com.br\/inicio\/wp-json\/wp\/v2\/posts"}],"about":[{"href":"https:\/\/newsinfoco.com.br\/inicio\/wp-json\/wp\/v2\/types\/post"}],"author":[{"embeddable":true,"href":"https:\/\/newsinfoco.com.br\/inicio\/wp-json\/wp\/v2\/users\/1"}],"replies":[{"embeddable":true,"href":"https:\/\/newsinfoco.com.br\/inicio\/wp-json\/wp\/v2\/comments?post=11048"}],"version-history":[{"count":0,"href":"https:\/\/newsinfoco.com.br\/inicio\/wp-json\/wp\/v2\/posts\/11048\/revisions"}],"wp:featuredmedia":[{"embeddable":true,"href":"https:\/\/newsinfoco.com.br\/inicio\/wp-json\/wp\/v2\/media\/11011"}],"wp:attachment":[{"href":"https:\/\/newsinfoco.com.br\/inicio\/wp-json\/wp\/v2\/media?parent=11048"}],"wp:term":[{"taxonomy":"category","embeddable":true,"href":"https:\/\/newsinfoco.com.br\/inicio\/wp-json\/wp\/v2\/categories?post=11048"},{"taxonomy":"post_tag","embeddable":true,"href":"https:\/\/newsinfoco.com.br\/inicio\/wp-json\/wp\/v2\/tags?post=11048"}],"curies":[{"name":"wp","href":"https:\/\/api.w.org\/{rel}","templated":true}]}}