{"id":11053,"date":"2018-11-06T10:23:23","date_gmt":"2018-11-06T12:23:23","guid":{"rendered":"http:\/\/newsinfoco.com.br\/?p=11053"},"modified":"2018-11-06T10:23:23","modified_gmt":"2018-11-06T12:23:23","slug":"reacao-arabe-a-declaracoes-de-bolsonaro-pode-ter-impacto-nas-exportacoes","status":"publish","type":"post","link":"https:\/\/newsinfoco.com.br\/inicio\/reacao-arabe-a-declaracoes-de-bolsonaro-pode-ter-impacto-nas-exportacoes\/","title":{"rendered":"Rea\u00e7\u00e3o \u00e1rabe a declara\u00e7\u00f5es de Bolsonaro pode ter impacto nas exporta\u00e7\u00f5es"},"content":{"rendered":"<p style=\"text-align: justify;\">Uma retalia\u00e7\u00e3o dos pa\u00edses \u00e1rabes ao Brasil por conta de declara\u00e7\u00f5es pr\u00f3-Israel do presidente eleito Jair Bolsonaro teria impacto negativo nas exporta\u00e7\u00f5es brasileiras a m\u00e9dio prazo, especialmente de carnes, segundo especialistas em com\u00e9rcio exterior ouvidos pelo Estado.<\/p>\n<p style=\"text-align: justify;\">O Brasil \u00e9 o maior exportador de carne Halal do mundo, isto \u00e9, com os animais abatidos sem sofrimento, seguindo os preceitos da religi\u00e3o mu\u00e7ulmana. Nos frigor\u00edficos certificados por religiosos mu\u00e7ulmanos, as linhas de abate, por exemplo, est\u00e3o voltadas para a Meca.<\/p><div class=\"newsi-conteudo_19\" id=\"newsi-4213943452\"><a href=\"https:\/\/www.instagram.com\/prefeituraalagoinhas?igsh=YzgzdDJ1bWR3aWI4\" aria-label=\"SAVE_20251006_221555\"><img loading=\"lazy\" decoding=\"async\" src=\"https:\/\/newsinfoco.com.br\/inicio\/wp-content\/uploads\/2025\/10\/SAVE_20251006_221555-rotated.jpg\" alt=\"\"  srcset=\"https:\/\/newsinfoco.com.br\/inicio\/wp-content\/uploads\/2025\/10\/SAVE_20251006_221555-rotated.jpg 1140w, https:\/\/newsinfoco.com.br\/inicio\/wp-content\/uploads\/2025\/10\/SAVE_20251006_221555-300x52.jpg 300w, https:\/\/newsinfoco.com.br\/inicio\/wp-content\/uploads\/2025\/10\/SAVE_20251006_221555-1024x177.jpg 1024w, https:\/\/newsinfoco.com.br\/inicio\/wp-content\/uploads\/2025\/10\/SAVE_20251006_221555-768x133.jpg 768w, https:\/\/newsinfoco.com.br\/inicio\/wp-content\/uploads\/2025\/10\/SAVE_20251006_221555-600x104.jpg 600w, https:\/\/newsinfoco.com.br\/inicio\/wp-content\/uploads\/2025\/10\/SAVE_20251006_221555-696x120.jpg 696w, https:\/\/newsinfoco.com.br\/inicio\/wp-content\/uploads\/2025\/10\/SAVE_20251006_221555-1068x185.jpg 1068w\" sizes=\"(max-width: 1140px) 100vw, 1140px\" width=\"1140\" height=\"197\"   \/><\/a><\/div>\n<p style=\"text-align: justify;\">\u201cN\u00e3o acredito em rompimento de rela\u00e7\u00f5es diplom\u00e1ticas e comerciais, mas os \u00e1rabes poder\u00e3o preferir outros concorrentes brasileiros, n\u00e3o certificar novas plantas para o abate Halal ou n\u00e3o renovar a certifica\u00e7\u00e3o\u201d, alerta Welber Barral, ex-secret\u00e1rio de Com\u00e9rcio Exterior do Minist\u00e9rio de Ind\u00fastria e Com\u00e9rcio. Ele destaca que o mercado \u00e1rabe paga pre\u00e7o adicional pelo produto Halal.<\/p>\n<p style=\"text-align: justify;\">No ano passado, as exporta\u00e7\u00f5es de frango Halal, por exemplo, renderam ao Pa\u00eds US$ 3,2 bilh\u00f5es e responderam por 45% das receitas totais de vendas externas do produto, segundo dados da Associa\u00e7\u00e3o Brasileira de Prote\u00edna Animal (ABPA). Para Jos\u00e9 Augusto de Castro, presidente da Associa\u00e7\u00e3o de Com\u00e9rcio Exterior do Brasil (AEB), \u201calgumas palavras pol\u00edticas hoje poder\u00e3o ter reflexos negativos na \u00e1rea econ\u00f4mica\u201d, ressalta.<\/p>\n<p style=\"text-align: justify;\">Na sua opini\u00e3o, todos os desencontros que ocorreram na semana p\u00f3s-elei\u00e7\u00e3o mostram a descoordena\u00e7\u00e3o da novo governo. \u201cO reflexo negativo recai na economia e, no caso das exporta\u00e7\u00f5es, o dano s\u00f3 n\u00e3o ser\u00e1 maior porque n\u00e3o h\u00e1 fornecedores alternativos a alguns produtos\u201d, pondera.<\/p>\n<p style=\"text-align: justify;\">Castro destaca que, juntos, os pa\u00edses do Oriente M\u00e9dio representaram 4% das exporta\u00e7\u00f5es totais brasileiras de janeiro a outubro deste ano, cerca de US$ 8 bilh\u00f5es, uma participa\u00e7\u00e3o superior \u00e0 da \u00c1frica , que foi de 3,4%. O economista ressalta que os pa\u00edses \u00e1rabes t\u00eam muito dinheiro e, por isso, s\u00e3o mercados com potencial de crescimento muito grande.<\/p>\n<p style=\"text-align: justify;\">O presidente da AEB lembra que o Egito \u00e9 um dos poucos pa\u00edses que o Brasil tem acordo comercial porque negocia muitos produtos, cerca de 800. Isso significa que, a princ\u00edpio, a retalia\u00e7\u00e3o que o pa\u00eds poderia fazer em rela\u00e7\u00e3o ao produtos brasileiros n\u00e3o seria imediata porque existe um precedente que \u00e9 o bom relacionamento. De toda forma, o mercado j\u00e1 coloca no radar os efeitos negativos no lado comercial.<\/p>\n<p style=\"text-align: justify;\">A XP Investimentos, por exemplo, informou, por meio de nota, que \u201cainda que nada tenha sido confirmado, a mesa de Commodities da XP Investimentos chama a aten\u00e7\u00e3o para os poss\u00edveis impactos futuros desta medida ao agroneg\u00f3cio brasileiro, seja por parte do Egito ou por parte de algum dos outros pa\u00edses envolvidos no conflito Palestina\/Israel\u201d. O Egito foi o 3.\u00ba maior comprador da carne bovina brasileira, 146,95 mil toneladas e participa\u00e7\u00e3o de 12,1%. Procurada, a Abiec, que re\u00fane os exportadores de carne n\u00e3o quis se pronunciar.<\/p>\n<p style=\"text-align: justify;\">A ABPA, por meio de nota, disse que \u201cacredita que esta quest\u00e3o ser\u00e1 novamente avaliada no in\u00edcio do novo governo.\u201d Para o diretor da MB Agro, Jos\u00e9 Carlos Hausknecht, o estremecimento das rela\u00e7\u00f5es entre Brasil e Egito pode afetar as vendas de a\u00e7\u00facar para os pa\u00edses \u00e1rabes. O Brasil exporta cerca de 28 milh\u00f5es de toneladas de a\u00e7\u00facar por ano-safra. S\u00f3 para o Egito, foram embarcadas no ano passado 1,5 milh\u00e3o de toneladas. \u201cN\u00e3o d\u00e1 para se ter um impacto sobre as exporta\u00e7\u00f5es ainda, mas o bloco \u00e1rabe \u00e9 um importante mercado para o Brasil\u201d, disse Hausknecht. Procurada a Uni\u00e3o da Ind\u00fastria da Cana-de-a\u00e7\u00facar (Unica) n\u00e3o se posicionou.<\/p>\n<h6 style=\"text-align: right;\"><span style=\"color: #999999;\">Estad\u00e3o<\/span><\/h6>\n<div class='share-to-whatsapp-wrapper'><div class='share-on-whsp'>Share on: <\/div><a data-text='Rea\u00e7\u00e3o \u00e1rabe a declara\u00e7\u00f5es de Bolsonaro pode ter impacto nas exporta\u00e7\u00f5es' data-link='https:\/\/newsinfoco.com.br\/inicio\/reacao-arabe-a-declaracoes-de-bolsonaro-pode-ter-impacto-nas-exportacoes\/' class='whatsapp-button whatsapp-share'>WhatsApp<\/a><div class='clear '><\/div><\/div>","protected":false},"excerpt":{"rendered":"<p>Uma retalia\u00e7\u00e3o dos pa\u00edses \u00e1rabes ao Brasil por conta de declara\u00e7\u00f5es pr\u00f3-Israel do presidente eleito Jair Bolsonaro teria impacto negativo nas exporta\u00e7\u00f5es brasileiras a m\u00e9dio prazo, especialmente de carnes, segundo especialistas em com\u00e9rcio exterior ouvidos pelo Estado. O Brasil \u00e9 o maior exportador de carne Halal do mundo, isto \u00e9, com os animais abatidos sem [&hellip;]<\/p>\n","protected":false},"author":1,"featured_media":10320,"comment_status":"open","ping_status":"open","sticky":false,"template":"","format":"standard","meta":{"om_disable_all_campaigns":false,"_exactmetrics_skip_tracking":false,"_exactmetrics_sitenote_active":false,"_exactmetrics_sitenote_note":"","_exactmetrics_sitenote_category":0,"footnotes":""},"categories":[21],"tags":[],"class_list":["post-11053","post","type-post","status-publish","format-standard","has-post-thumbnail","hentry","category-brasil"],"aioseo_notices":[],"_links":{"self":[{"href":"https:\/\/newsinfoco.com.br\/inicio\/wp-json\/wp\/v2\/posts\/11053","targetHints":{"allow":["GET"]}}],"collection":[{"href":"https:\/\/newsinfoco.com.br\/inicio\/wp-json\/wp\/v2\/posts"}],"about":[{"href":"https:\/\/newsinfoco.com.br\/inicio\/wp-json\/wp\/v2\/types\/post"}],"author":[{"embeddable":true,"href":"https:\/\/newsinfoco.com.br\/inicio\/wp-json\/wp\/v2\/users\/1"}],"replies":[{"embeddable":true,"href":"https:\/\/newsinfoco.com.br\/inicio\/wp-json\/wp\/v2\/comments?post=11053"}],"version-history":[{"count":0,"href":"https:\/\/newsinfoco.com.br\/inicio\/wp-json\/wp\/v2\/posts\/11053\/revisions"}],"wp:featuredmedia":[{"embeddable":true,"href":"https:\/\/newsinfoco.com.br\/inicio\/wp-json\/wp\/v2\/media\/10320"}],"wp:attachment":[{"href":"https:\/\/newsinfoco.com.br\/inicio\/wp-json\/wp\/v2\/media?parent=11053"}],"wp:term":[{"taxonomy":"category","embeddable":true,"href":"https:\/\/newsinfoco.com.br\/inicio\/wp-json\/wp\/v2\/categories?post=11053"},{"taxonomy":"post_tag","embeddable":true,"href":"https:\/\/newsinfoco.com.br\/inicio\/wp-json\/wp\/v2\/tags?post=11053"}],"curies":[{"name":"wp","href":"https:\/\/api.w.org\/{rel}","templated":true}]}}